{"id":22511,"date":"2024-04-16T13:13:31","date_gmt":"2024-04-16T10:13:31","guid":{"rendered":"https:\/\/akdenizhaber.com.tr\/?p=22511"},"modified":"2024-04-16T13:13:33","modified_gmt":"2024-04-16T10:13:33","slug":"dosemealti-meclisi-ilk-toplantisini-yapti","status":"publish","type":"post","link":"https:\/\/akdenizhaber.com.tr\/index.php\/2024\/04\/16\/dosemealti-meclisi-ilk-toplantisini-yapti\/","title":{"rendered":"D\u00f6\u015femealt\u0131 Meclisi ilk toplant\u0131s\u0131n\u0131 yapt\u0131"},"content":{"rendered":"\n<p>D\u00f6\u015femealt\u0131 Belediye Meclisi ilk toplant\u0131s\u0131n\u0131 Menderes Dal ba\u015fkanl\u0131\u011f\u0131nda ger\u00e7ekle\u015ftirdi. 14 g\u00fcndem maddesinin g\u00f6r\u00fc\u015f\u00fcld\u00fc\u011f\u00fc meclis toplant\u0131s\u0131nda enc\u00fcmen ile ihtisas komisyonlar\u0131n\u0131n \u00fcye se\u00e7imleri yap\u0131ld\u0131.<br>Antalya&#8217;da 31 Mart tarihinde yap\u0131lan yerel se\u00e7imlerin ard\u0131ndan D\u00f6\u015femealt\u0131 Belediye Meclisi&#8217;nde ilk toplant\u0131 heyecan\u0131 ya\u015fand\u0131. D\u00f6\u015femealt\u0131 Belediye Meclisi&#8217;nin Nisan ay\u0131 ola\u011fan toplant\u0131s\u0131, Belediye Meclis Toplant\u0131 Salonu&#8217;nda Menderes Dal ba\u015fkanl\u0131\u011f\u0131nda ger\u00e7ekle\u015ftirildi. Ba\u015fkan Menderes Dal, toplant\u0131y\u0131 izlemeye gelen b\u00fct\u00fcn vatanda\u015flar ile meclis \u00fcyeleriyle tokala\u015ft\u0131. Sayg\u0131 duru\u015fu ve \u0130stiklal Mar\u015f\u0131&#8217;n\u0131n ard\u0131ndan ba\u015flayan toplant\u0131n\u0131n a\u00e7\u0131l\u0131\u015f konu\u015fmas\u0131n\u0131 yapan D\u00f6\u015femealt\u0131 Belediye Ba\u015fkan\u0131 Menderes Dal, meclis \u00fcyelerine ba\u015far\u0131 dileklerini iletti. Mecliste uyumlu bir \u015fekilde \u00e7al\u0131\u015facaklar\u0131na inand\u0131\u011f\u0131n\u0131 belirten Ba\u015fkan Menderes Dal, mecliste al\u0131nacak t\u00fcm kararlar\u0131n D\u00f6\u015femealt\u0131 i\u00e7in hay\u0131rl\u0131 ve u\u011furlu olmas\u0131n\u0131 diledi.<br>MECL\u0130S BA\u015eKANVEK\u0130L\u0130 \u0130LE ENC\u00dcMEN \u00dcYELER\u0130 BEL\u0130RLEND\u0130<br>Toplant\u0131da enc\u00fcmen, meclis ba\u015fkan vekili, divan katibi ile ihtisas komisyonlar\u0131n\u0131n \u00fcye se\u00e7imleri yap\u0131ld\u0131. D\u00f6\u015femealt\u0131 Belediye Meclis Ba\u015fkan Vekilli\u011fine CHP&#8217;li Mehmet Kula asil, CHP&#8217;li Metin Yara\u015f\u00e7\u0131 ise yedek olarak se\u00e7ildi. Meclis Divan katibi asil \u00fcyeliklerine CHP&#8217;li Durkad\u0131n Bora, CHP&#8217;li Mehmet \u00d6zkaya, yedek \u00fcyeliklere ise CHP&#8217;li Mustafa Kaya ve CHP&#8217;li Onur \u00c7ot se\u00e7ildi. D\u00f6\u015femealt\u0131 Belediye Enc\u00fcmen \u00fcyeliklerine ise CHP&#8217;li Metin Yara\u015f\u00e7\u0131 ve CHP&#8217;li \u0130smail G\u00f6k se\u00e7ildi.<br>\u0130HT\u0130SAS KOM\u0130SYONLARI 5&#8217;ER K\u0130\u015e\u0130DEN OLU\u015eTU<br>CHP Grup S\u00f6zc\u00fcs\u00fc Ramazan Altun, ihtisas komisyonlar\u0131n\u0131n 5&#8217;er ki\u015fiden olu\u015fmas\u0131n\u0131 \u00f6nerdi. Yap\u0131lan oylama sonucunda ihtisas komisyonlar\u0131n\u0131n 5&#8217;er ki\u015fiden olu\u015fmas\u0131 kabul edildi. Ak Parti Grup S\u00f6zc\u00fcs\u00fc Muhsin K\u00fc\u00e7\u00fckba\u015fkan da grup olarak \u00f6neriye kat\u0131ld\u0131klar\u0131n\u0131 a\u00e7\u0131klad\u0131. Plan ve B\u00fct\u00e7e Komisyonu \u00fcyeli\u011fine CHP&#8217;den Mehmet Kula, Ramazan \u00c7aksen ve Hikmet Altunda\u011f, Ak Parti&#8217;den ise \u00d6mer Sa\u00e7kan ve Osman Demir se\u00e7ildi. \u0130mar Komisyonu \u00fcyeli\u011fine CHP&#8217;den S\u00fcleyman Tursun, Mustafa Kaya ve Mehmet Arif \u0130nce, Ak Parti&#8217;den ise H\u00fcseyin Tekeli ve Tu\u011fba Er se\u00e7ildi.<br>\u00c7evre ve Sa\u011fl\u0131k Komisyonu \u00fcyeli\u011fine CHP&#8217;den Durkad\u0131n Bora, Ramazan Altun ve Mehmet \u00d6zkaya, Ak Parti&#8217;den ise Feridun \u00d6zt\u00fcrk ve \u015e\u00fckr\u00fc Altun se\u00e7ildi. E\u011fitim, K\u00fclt\u00fcr, Gen\u00e7lik ve Spor Komisyonu \u00fcyeli\u011fine CHP&#8217;den \u00d6zg\u00fcr G\u00f6ko\u011flu, Mehmet \u00d6zkaya, Onur \u00c7ot, Ak Parti&#8217;den ise Nur Yal\u0131n Ate\u015f ve Mustafa Karata\u015f se\u00e7ildi. \u0130sim Verme Komisyonu \u00fcyeli\u011fine CHP&#8217;den \u00d6zg\u00fcr G\u00f6ko\u011flu, \u0130smail G\u00f6k ve Onur \u00c7ot, Ak Parti&#8217;den ise Metin Erdo\u011f ve Feridun \u00d6zt\u00fcrk se\u00e7ildi.<br>B\u0130RL\u0130K \u00dcYELER\u0130 DE SE\u00c7\u0130LD\u0130<br>G\u00fcre\u015f D\u00fczenleyen Kentler Birli\u011fi meclis \u00fcyeli\u011fine ise Ramazan Bah\u015fi ve CHP&#8217;den Mehmet \u00d6zkaya se\u00e7ildi. Antalya Turizm Koruma ve Geli\u015fim B\u00f6lgesi Altyap\u0131 Hizmet Birli\u011fi (ANTAB) asil \u00fcyeli\u011fine CHP&#8217;den Ramazan Altun ve Mustafa Kaya se\u00e7ildi. Akdeniz Belediyeler Birli\u011fi asil \u00fcyeli\u011fine ise CHP&#8217;den \u00d6mer K\u0131vrak ve \u00d6zg\u00fcr G\u00f6ko\u011flu se\u00e7ildi.<\/p>\n\n\n\n<p>D\u00f6\u015femealt\u0131 Belediyesi \/ B\u00fclten<a href=\"http:\/\/www.dosemealti.bel.tr\/Resim\/Fotogaleri\/Buyuk\/fotogaleri159740f35b.jpg\"><\/a><\/p>\n\n\n\n<p><a href=\"http:\/\/www.dosemealti.bel.tr\/Resim\/Fotogaleri\/Buyuk\/fotogaleri1597520380.jpg\"><\/a><\/p>\n\n\n\n<p><a href=\"http:\/\/www.dosemealti.bel.tr\/Resim\/Fotogaleri\/Buyuk\/fotogaleri1597675c90.jpg\"><\/a><\/p>\n\n\n\n<p><a href=\"http:\/\/www.dosemealti.bel.tr\/Resim\/Fotogaleri\/Buyuk\/fotogaleri15977a96af.jpg\"><br><\/a><\/p>\n","protected":false},"excerpt":{"rendered":"<p>D\u00f6\u015femealt\u0131 Belediye Meclisi ilk toplant\u0131s\u0131n\u0131 Menderes Dal ba\u015fkanl\u0131\u011f\u0131nda ger\u00e7ekle\u015ftirdi. 14 g\u00fcndem maddesinin g\u00f6r\u00fc\u015f\u00fcld\u00fc\u011f\u00fc meclis toplant\u0131s\u0131nda enc\u00fcmen ile ihtisas komisyonlar\u0131n\u0131n \u00fcye se\u00e7imleri yap\u0131ld\u0131.Antalya&#8217;da 31 Mart tarihinde <a href=\"https:\/\/akdenizhaber.com.tr\/index.php\/2024\/04\/16\/dosemealti-meclisi-ilk-toplantisini-yapti\/\" class=\"read-more-link\">[more&#8230;]<\/a><\/p>\n","protected":false},"author":2,"featured_media":22512,"comment_status":"open","ping_status":"open","sticky":false,"template":"","format":"standard","meta":{"footnotes":""},"categories":[1],"tags":[],"class_list":["post-22511","post","type-post","status-publish","format-standard","has-post-thumbnail","hentry","category-blog"],"_links":{"self":[{"href":"https:\/\/akdenizhaber.com.tr\/index.php\/wp-json\/wp\/v2\/posts\/22511","targetHints":{"allow":["GET"]}}],"collection":[{"href":"https:\/\/akdenizhaber.com.tr\/index.php\/wp-json\/wp\/v2\/posts"}],"about":[{"href":"https:\/\/akdenizhaber.com.tr\/index.php\/wp-json\/wp\/v2\/types\/post"}],"author":[{"embeddable":true,"href":"https:\/\/akdenizhaber.com.tr\/index.php\/wp-json\/wp\/v2\/users\/2"}],"replies":[{"embeddable":true,"href":"https:\/\/akdenizhaber.com.tr\/index.php\/wp-json\/wp\/v2\/comments?post=22511"}],"version-history":[{"count":1,"href":"https:\/\/akdenizhaber.com.tr\/index.php\/wp-json\/wp\/v2\/posts\/22511\/revisions"}],"predecessor-version":[{"id":22513,"href":"https:\/\/akdenizhaber.com.tr\/index.php\/wp-json\/wp\/v2\/posts\/22511\/revisions\/22513"}],"wp:featuredmedia":[{"embeddable":true,"href":"https:\/\/akdenizhaber.com.tr\/index.php\/wp-json\/wp\/v2\/media\/22512"}],"wp:attachment":[{"href":"https:\/\/akdenizhaber.com.tr\/index.php\/wp-json\/wp\/v2\/media?parent=22511"}],"wp:term":[{"taxonomy":"category","embeddable":true,"href":"https:\/\/akdenizhaber.com.tr\/index.php\/wp-json\/wp\/v2\/categories?post=22511"},{"taxonomy":"post_tag","embeddable":true,"href":"https:\/\/akdenizhaber.com.tr\/index.php\/wp-json\/wp\/v2\/tags?post=22511"}],"curies":[{"name":"wp","href":"https:\/\/api.w.org\/{rel}","templated":true}]}}