{"id":22504,"date":"2024-04-16T13:10:34","date_gmt":"2024-04-16T10:10:34","guid":{"rendered":"https:\/\/akdenizhaber.com.tr\/?p=22504"},"modified":"2024-04-16T13:10:36","modified_gmt":"2024-04-16T10:10:36","slug":"baskan-dal-kollari-sivadik-simdi-calisma-zamani","status":"publish","type":"post","link":"https:\/\/akdenizhaber.com.tr\/index.php\/2024\/04\/16\/baskan-dal-kollari-sivadik-simdi-calisma-zamani\/","title":{"rendered":"Ba\u015fkan Dal: Kollar\u0131 s\u0131vad\u0131k, \u015fimdi \u00e7al\u0131\u015fma zaman\u0131"},"content":{"rendered":"\n<p>D\u00f6\u015femealt\u0131 Belediye Ba\u015fkan\u0131 Menderes Dal, bug\u00fcn d\u00fczenlenen halkla bulu\u015fma etkinli\u011finde D\u00f6\u015femealt\u0131 halk\u0131na te\u015fekk\u00fcr ederek, \u201cMazbatam\u0131z\u0131 ald\u0131k, kollar\u0131 s\u0131vad\u0131k, \u015fimdi ise \u00e7al\u0131\u015fma zaman\u0131\u201d dedi.<\/p>\n\n\n\n<p>Antalya&#8217;da D\u00f6\u015femealt\u0131 Belediye Ba\u015fkanl\u0131\u011f\u0131&#8217;n\u0131 kazanan Menderes Dal d\u00fcn ger\u00e7ekle\u015ftirilen mazbata ve devir-teslim t\u00f6renin ard\u0131ndan bug\u00fcn halkla bulu\u015fma etkinli\u011finde vatanda\u015flarla bulu\u015ftu. D\u00f6\u015femealt\u0131 Belediyesi \u00f6n\u00fcndeki Kent Meydan\u0131&#8217;nda ger\u00e7ekle\u015ftirilen halk bulu\u015fmas\u0131na yo\u011fun ilgi oldu. CHP Antalya \u0130l Ba\u015fkan\u0131 Nail Kamac\u0131, Antalya milletvekilleri Aliye Co\u015far, Cavit Ar\u0131 ve Sururi \u00c7orabat\u0131r, \u0130l Kad\u0131n Kollar\u0131 Ba\u015fkan\u0131 Nil\u00fcfer Deveci, Konyaalt\u0131 \u0130l\u00e7e Ba\u015fkan\u0131 Demet G\u00fcnd\u00fcz, D\u00f6\u015femealt\u0131 \u0130l\u00e7e Ba\u015fkan\u0131 Veli \u00c7ot, il ve il\u00e7e y\u00f6neticileri, eski belediye ba\u015fkanlar\u0131 ve milletvekilleri ile \u00e7ok say\u0131da vatanda\u015f kat\u0131ld\u0131.<\/p>\n\n\n\n<p>EME\u011e\u0130 GE\u00c7EN HERKESE TE\u015eEKK\u00dcR ETT\u0130<\/p>\n\n\n\n<p>Halkla bulu\u015fma etkinli\u011fi sayg\u0131 duru\u015funda bulunulmas\u0131 ve \u0130stiklal Mar\u015f\u0131&#8217;n\u0131n okunmas\u0131yla ba\u015flad\u0131. Co\u015fkulu kalabal\u0131\u011fa seslenen D\u00f6\u015femealt\u0131 Belediye Ba\u015fkan\u0131 Menderes Dal, se\u00e7im \u00e7al\u0131\u015fmalar\u0131 s\u0131ras\u0131nda emek veren herkese te\u015fekk\u00fcr etti. Se\u00e7imde yar\u0131\u015ft\u0131\u011f\u0131 ba\u015fkan adaylar\u0131na da te\u015fekk\u00fcr eden Ba\u015fkan Dal, \u201c\u0130lk g\u00fcnden itibaren bizi ba\u011fr\u0131na basan ve sevgisini hi\u00e7bir zaman eksik etmeyen D\u00f6\u015femealt\u0131 halk\u0131na y\u00fcrekten te\u015fekk\u00fcr ediyorum. Gece g\u00fcnd\u00fcz demeden, mahalle mahalle, kap\u0131 kap\u0131 ziyaretler ger\u00e7ekle\u015ftiren cefakar kad\u0131nlar\u0131m\u0131za te\u015fekk\u00fcr ediyorum, ellerinden \u00f6p\u00fcyorum. K\u0131rm\u0131z\u0131 ceketlilerimize te\u015fekk\u00fcr ediyorum. Sevgili e\u015fime \u015eefika Dal&#8217;a, o\u011fluma ve k\u0131z\u0131ma \u00e7ok te\u015fekk\u00fcr ediyorum. Gen\u00e7lerimize te\u015fekk\u00fcr ediyorum. Avukatlar\u0131m\u0131za \u00e7ok te\u015fekk\u00fcr ediyorum. Bize inanan Cumhuriyet Halk Partisi Genel Ba\u015fkan\u0131 \u00d6zg\u00fcr \u00d6zel&#8217;e, her zaman destek veren \u0130l Ba\u015fkan\u0131m Nail Kamac\u0131&#8217;ya, \u0130l\u00e7e Ba\u015fkan\u0131m Veli \u00c7ot&#8217;a, Antalya B\u00fcy\u00fck\u015fehir Belediye Ba\u015fkan\u0131m Muhittin B\u00f6cek&#8217;e, milletvekillerimize ve t\u00fcm parti \u00f6rg\u00fct\u00fcme te\u015fekk\u00fcr ediyorum. Ad\u0131n\u0131 sayamayacak kadar fazla olan g\u00f6n\u00fcll\u00fclerimize ve \u00e7al\u0131\u015fma arkada\u015flar\u0131ma te\u015fekk\u00fcr ediyorum. G\u00f6r\u00fcnmeyen rakiplerimiz de vard\u0131 ama g\u00f6r\u00fcnen rakiplerime de te\u015fekk\u00fcr ediyorum\u201d dedi.<\/p>\n\n\n\n<p>\u2018G\u00dcVEN\u0130N\u0130Z\u0130 BO\u015eA \u00c7IKARMAYACA\u011eIZ&#8217;<\/p>\n\n\n\n<p>D\u00f6\u015femealt\u0131 halk\u0131na g\u00f6sterdikleri ilgi ve sevgilerine lay\u0131k olacaklar\u0131n\u0131 vurgulayan Ba\u015fkan Menderes Dal, \u201cBizlere inand\u0131n\u0131z, d\u00fcr\u00fcstl\u00fc\u011f\u00fcm\u00fcze g\u00fcvendiniz, sa\u011folun varolun. Sizi mahcup etmeyece\u011fiz, g\u00fcveninizi bo\u015fa \u00e7\u0131karmayaca\u011f\u0131z. Kollar\u0131 s\u0131vad\u0131k, \u015fimdi \u00e7al\u0131\u015fma zaman\u0131. Bizlere vermi\u015f oldu\u011funuz sorumlulu\u011fun fark\u0131nday\u0131z. Yolumuz uzun. \u0130\u015fimiz elbette kolay de\u011fil. Ancak halk\u0131m\u0131z\u0131n deste\u011fiyle her t\u00fcrl\u00fc zorlu\u011fun \u00fcstesinden gelece\u011fiz. Sevginize ve ilginize lay\u0131k olaca\u011f\u0131z. 32 mahallemize e\u015fit ve nitelikli hizmet i\u00e7in \u00e7ok \u00e7al\u0131\u015faca\u011f\u0131z. Tespitlerimizi yapt\u0131ktan sonra ihtiya\u00e7 duyulan her alanda \u00e7al\u0131\u015fmalar\u0131m\u0131z\u0131 hayata ge\u00e7irece\u011fiz. Temel belediyecilik hizmetlerinden sosyal hizmetlere, k\u00fclt\u00fcr-sanat ve spor projelerine kadar her alanda yapaca\u011f\u0131m\u0131z \u00e7ok i\u015f var. Kuraca\u011f\u0131m\u0131z liyakatli kadrolarla projelerimizi tek tek hayata ge\u00e7irece\u011fiz. Daha mutlu ve daha huzurlu bir D\u00f6\u015femealt\u0131 yarataca\u011f\u0131z. D\u00f6\u015femealt\u0131l\u0131 hem\u015fehrilerime, meclis \u00fcyelerime ve bu t\u00f6rene kat\u0131ld\u0131\u011f\u0131n\u0131z i\u00e7in hepinize ayr\u0131 ayr\u0131 y\u00fcrekten te\u015fekk\u00fcr ediyorum. Ramazan Bayram\u0131n\u0131z\u0131 \u015fimdiden kutluyorum, sayg\u0131lar\u0131m\u0131 sunuyorum\u201d diye konu\u015ftu.<\/p>\n\n\n\n<p>KAMACI: B\u0130RL\u0130KTE \u00c7OK G\u00dcZEL \u0130\u015eLER YAPACA\u011eIZ<\/p>\n\n\n\n<p>CHP Antalya \u0130l Ba\u015fkan\u0131 Nail Kamac\u0131 da yapt\u0131\u011f\u0131 konu\u015fmada se\u00e7imi kazanan Ba\u015fkan Menderes Dal&#8217;\u0131 kutlay\u0131p ba\u015far\u0131 dileklerini iletti. \u00d6rg\u00fct\u00fcn ge\u00e7mi\u015ften bu yana verdi\u011fi m\u00fccadelelerin \u00f6nemine i\u015faret eden Kamac\u0131, \u201cAntalya B\u00fcy\u00fck\u015fehir Belediyesi ba\u015fta olmak \u00fczere kazand\u0131\u011f\u0131m\u0131z 16 il\u00e7ede birlikte \u00e7ok g\u00fczel i\u015fler yapaca\u011f\u0131z\u201d dedi. CHP Antalya Milletvekili Cavit Ar\u0131, D\u00f6\u015femealt\u0131 ve Antalya genelinde elde edilen ba\u015far\u0131ya i\u015faret ederek, Ba\u015fkan Menderes Dal&#8217;a g\u00f6revinde ba\u015far\u0131 diledi. CHP D\u00f6\u015femealt\u0131 \u0130l\u00e7e Ba\u015fkan\u0131 Veli \u00c7ot da Ba\u015fkan Menderes Dal ve ekibinin D\u00f6\u015femealt\u0131&#8217;na g\u00fczel hizmetler yapacaklar\u0131n\u0131 vurgulad\u0131. Halkla bulu\u015fma etkinli\u011finin ard\u0131ndan Ba\u015fkan Menderes Dal, makam\u0131nda tebrikleri kabul etti.<\/p>\n\n\n\n<p>D\u00f6\u015femealt\u0131 Belediyesi \/ B\u00fclten<\/p>\n","protected":false},"excerpt":{"rendered":"<p>D\u00f6\u015femealt\u0131 Belediye Ba\u015fkan\u0131 Menderes Dal, bug\u00fcn d\u00fczenlenen halkla bulu\u015fma etkinli\u011finde D\u00f6\u015femealt\u0131 halk\u0131na te\u015fekk\u00fcr ederek, \u201cMazbatam\u0131z\u0131 ald\u0131k, kollar\u0131 s\u0131vad\u0131k, \u015fimdi ise \u00e7al\u0131\u015fma zaman\u0131\u201d dedi. Antalya&#8217;da D\u00f6\u015femealt\u0131 <a href=\"https:\/\/akdenizhaber.com.tr\/index.php\/2024\/04\/16\/baskan-dal-kollari-sivadik-simdi-calisma-zamani\/\" class=\"read-more-link\">[more&#8230;]<\/a><\/p>\n","protected":false},"author":2,"featured_media":22505,"comment_status":"open","ping_status":"open","sticky":false,"template":"","format":"standard","meta":{"footnotes":""},"categories":[2],"tags":[],"class_list":["post-22504","post","type-post","status-publish","format-standard","has-post-thumbnail","hentry","category-gundem"],"_links":{"self":[{"href":"https:\/\/akdenizhaber.com.tr\/index.php\/wp-json\/wp\/v2\/posts\/22504","targetHints":{"allow":["GET"]}}],"collection":[{"href":"https:\/\/akdenizhaber.com.tr\/index.php\/wp-json\/wp\/v2\/posts"}],"about":[{"href":"https:\/\/akdenizhaber.com.tr\/index.php\/wp-json\/wp\/v2\/types\/post"}],"author":[{"embeddable":true,"href":"https:\/\/akdenizhaber.com.tr\/index.php\/wp-json\/wp\/v2\/users\/2"}],"replies":[{"embeddable":true,"href":"https:\/\/akdenizhaber.com.tr\/index.php\/wp-json\/wp\/v2\/comments?post=22504"}],"version-history":[{"count":1,"href":"https:\/\/akdenizhaber.com.tr\/index.php\/wp-json\/wp\/v2\/posts\/22504\/revisions"}],"predecessor-version":[{"id":22506,"href":"https:\/\/akdenizhaber.com.tr\/index.php\/wp-json\/wp\/v2\/posts\/22504\/revisions\/22506"}],"wp:featuredmedia":[{"embeddable":true,"href":"https:\/\/akdenizhaber.com.tr\/index.php\/wp-json\/wp\/v2\/media\/22505"}],"wp:attachment":[{"href":"https:\/\/akdenizhaber.com.tr\/index.php\/wp-json\/wp\/v2\/media?parent=22504"}],"wp:term":[{"taxonomy":"category","embeddable":true,"href":"https:\/\/akdenizhaber.com.tr\/index.php\/wp-json\/wp\/v2\/categories?post=22504"},{"taxonomy":"post_tag","embeddable":true,"href":"https:\/\/akdenizhaber.com.tr\/index.php\/wp-json\/wp\/v2\/tags?post=22504"}],"curies":[{"name":"wp","href":"https:\/\/api.w.org\/{rel}","templated":true}]}}