{"id":22500,"date":"2024-04-16T13:08:34","date_gmt":"2024-04-16T10:08:34","guid":{"rendered":"https:\/\/akdenizhaber.com.tr\/?p=22500"},"modified":"2024-04-16T13:08:35","modified_gmt":"2024-04-16T10:08:35","slug":"turk-dunyasi-antalyada-piknik-soleninde-bir-araya-geldi","status":"publish","type":"post","link":"https:\/\/akdenizhaber.com.tr\/index.php\/2024\/04\/16\/turk-dunyasi-antalyada-piknik-soleninde-bir-araya-geldi\/","title":{"rendered":"T\u00fcrk D\u00fcnyas\u0131 Antalya\u2019da piknik \u015f\u00f6leninde bir araya geldi"},"content":{"rendered":"\n<p>Antalya Uygurlar Derne\u011fi, d\u00fczenledi\u011fi piknik \u015f\u00f6leniyle T\u00fcrk D\u00fcnyas\u0131n\u0131 bir araya getirdi. Ailelerin ve \u00e7ocuklar\u0131n da kat\u0131ld\u0131\u011f\u0131 etkinlikte renkli g\u00f6r\u00fcnt\u00fcler olu\u015ftu.&nbsp;<\/p>\n\n\n\n<p><em>Sar\u0131su Piknik Alan\u0131<\/em>&#8216;nda d\u00fczenlenen etkinli\u011fe, Antalya ve \u00e7evresinde ya\u015fayan Uygurlular yo\u011fun kat\u0131l\u0131m g\u00f6sterdi. Etkinlikte Uygur T\u00fcrkleri, geleneksel k\u0131yafetleri, t\u00fcrk\u00fc ve danslar\u0131yla kendi k\u00fclt\u00fcrlerini tan\u0131tt\u0131. A\u00e7\u0131k havada yap\u0131lan \u015f\u00f6lende Uygurlular\u0131n geleneksel yemek ve tatlar\u0131 sunulurken, farkl\u0131 aktiviteler ger\u00e7ekle\u015ftirildi. Piknikte \u00c7ocuklar ve aileler doyas\u0131ya e\u011flendi.<\/p>\n\n\n\n<p>Etkinli\u011fe, <em>Antalya B\u00fcy\u00fck\u015fehir Belediyesi<\/em>&nbsp;Genel Sekreter Yard\u0131mc\u0131s\u0131 <em>Durmu\u015f Ali Arslan, Gen\u00e7lik ve Spor<\/em>&nbsp;\u0130l&nbsp;<em>M\u00fcd\u00fcrl\u00fc\u011f\u00fc Gen\u00e7lik Hizmetleri \u015eube M\u00fcd\u00fcr\u00fc Mehmet \u00dcnl\u00fc<\/em>,<em>Do\u011fru Parti \u0130l Ba\u015fkan Yard\u0131mc\u0131s\u0131 Ey\u00fcp Demir,Konyaalt\u0131 Kent Konseyi Kad\u0131n Meclisi Ba\u015fkan\u0131 \u00d6zlem Saday<\/em>,<em>Konyaalt\u0131 Kent Konseyi Yabanc\u0131lar Meclisi<\/em>&nbsp;ve Lider Kad\u0131nlar Platformu&nbsp;<em>Ba\u015fkan\u0131 Zera Vareldzhi, D\u00fcnya Ah\u0131ska T\u00fcrkleri Birli\u011fi<\/em>&nbsp;(<em>DAT\u00dcB<\/em>)&nbsp;Akdeniz Temsilcili\u011fi Ba\u015fkan Yard\u0131mc\u0131s\u0131 Dr.\u0130brahim Hasano\u011flu, Irak Akdeniz ve \u0130slam \u00dclkeleri \u0130\u015f \u0130nsanlar\u0131 Derne\u011fi (IRAK-\u0130\u015eDER) Ba\u015fkan\u0131 ve T\u00fcm Hatayl\u0131lar ve Hatay Dostlar\u0131 Derne\u011fi (T\u00dcMHATAYDER) ba\u015fkan\u0131 Kenan Hikmet Yozgatl\u0131,&nbsp;<em>Irak T\u00fcrkmen Birli\u011fi ve Dayan\u0131\u015fma Derne\u011fi<\/em>&nbsp;Ba\u015fkan\u0131 Dr. K\u00fcr\u015fat \u00c7avu\u015fo\u011flu, <em>Cumhuriyet Kad\u0131nlar\u0131<\/em>&nbsp;Dernegi (CKD)&nbsp;<em>Kepez \u00d6zg\u00fcrl\u00fck<\/em>&nbsp;\u015eube Ba\u015fkan\u0131&nbsp;<em>H<\/em>.<em>Mutlug\u00fcn \u00d6zturan, Antalya Tacikistan Halk\u0131 ve K\u00fclt\u00fcr Derne\u011fi Ba\u015fkan\u0131 Cavit Aslan<\/em>,&nbsp;<em>T\u00fcrkmenistan<\/em>&nbsp;Dernek Ba\u015fkan\u0131&nbsp;<em>R\u00fcstem Bazarov<\/em>,<em>\u0130ran<\/em>&nbsp;ve Kom\u015fu \u00dclkeler Dostluk&nbsp;<em>Dernek Ba\u015fkan\u0131 Sousan Hariri, K\u0131rg\u0131zistan Kad\u0131nlar\u0131 ve \u0130\u015f \u0130nsanlar\u0131 Derne\u011fi Genel Ba\u015fkan\u0131 Peri Asanaalieva, Rus ve Yerli Giri\u015fimciler ve Yat\u0131r\u0131mc\u0131lar Derne\u011fi Ba\u015fkan\u0131 \u0130lhan Suba\u015f\u0131; Antalya K\u0131rg\u0131z Derne\u011fi Ba\u015fkan Yard\u0131mc\u0131s\u0131 Nazire Erdo\u011fan, <\/em>Anatalya Uygur T\u00fcrkleri Diasporas\u0131 Kad\u0131nlar Koordinat\u00f6r\u00fc \u0130nayet Abdiyeva kat\u0131ld\u0131.<\/p>\n\n\n\n<p>Antalya Uygurlar Derne\u011fi Ba\u015fkan\u0131 Yarmuhammet Tokht\u0131ev\u2019in yapt\u0131\u011f\u0131 konu\u015fmada; \u201cPiknik \u015f\u00f6lenimize e\u015flik ederek bizleri yaln\u0131z b\u0131rakmayan t\u00fcm dostlar\u0131m\u0131za te\u015fekk\u00fcr ediyorum. Uygur T\u00fcrkleri\u2019nin k\u00fclt\u00fcrel ve ailevi de\u011ferlerini kom\u015fular\u0131m\u0131za sunmak, Antalya da ya\u015fayan Uygur toplumumuzun dertlerini dinlemek sorunlar\u0131n \u00e7\u00f6z\u00fcm odakl\u0131 yol haritalar\u0131n\u0131 olu\u015fturuyoruz. T\u00fcrkiye ve T\u00fcrk D\u00fcnyas\u0131 ile ili\u015fkilerimizi g\u00fc\u00e7lendiriyoruz\u201d dedi.<\/p>\n\n\n\n<p>Antalya Uygurlar Derne\u011fi \/ B\u00fclten<\/p>\n","protected":false},"excerpt":{"rendered":"<p>Antalya Uygurlar Derne\u011fi, d\u00fczenledi\u011fi piknik \u015f\u00f6leniyle T\u00fcrk D\u00fcnyas\u0131n\u0131 bir araya getirdi. Ailelerin ve \u00e7ocuklar\u0131n da kat\u0131ld\u0131\u011f\u0131 etkinlikte renkli g\u00f6r\u00fcnt\u00fcler olu\u015ftu.&nbsp; Sar\u0131su Piknik Alan\u0131&#8216;nda d\u00fczenlenen etkinli\u011fe, <a href=\"https:\/\/akdenizhaber.com.tr\/index.php\/2024\/04\/16\/turk-dunyasi-antalyada-piknik-soleninde-bir-araya-geldi\/\" class=\"read-more-link\">[more&#8230;]<\/a><\/p>\n","protected":false},"author":2,"featured_media":22501,"comment_status":"open","ping_status":"open","sticky":false,"template":"","format":"standard","meta":{"footnotes":""},"categories":[2],"tags":[],"class_list":["post-22500","post","type-post","status-publish","format-standard","has-post-thumbnail","hentry","category-gundem"],"_links":{"self":[{"href":"https:\/\/akdenizhaber.com.tr\/index.php\/wp-json\/wp\/v2\/posts\/22500","targetHints":{"allow":["GET"]}}],"collection":[{"href":"https:\/\/akdenizhaber.com.tr\/index.php\/wp-json\/wp\/v2\/posts"}],"about":[{"href":"https:\/\/akdenizhaber.com.tr\/index.php\/wp-json\/wp\/v2\/types\/post"}],"author":[{"embeddable":true,"href":"https:\/\/akdenizhaber.com.tr\/index.php\/wp-json\/wp\/v2\/users\/2"}],"replies":[{"embeddable":true,"href":"https:\/\/akdenizhaber.com.tr\/index.php\/wp-json\/wp\/v2\/comments?post=22500"}],"version-history":[{"count":1,"href":"https:\/\/akdenizhaber.com.tr\/index.php\/wp-json\/wp\/v2\/posts\/22500\/revisions"}],"predecessor-version":[{"id":22502,"href":"https:\/\/akdenizhaber.com.tr\/index.php\/wp-json\/wp\/v2\/posts\/22500\/revisions\/22502"}],"wp:featuredmedia":[{"embeddable":true,"href":"https:\/\/akdenizhaber.com.tr\/index.php\/wp-json\/wp\/v2\/media\/22501"}],"wp:attachment":[{"href":"https:\/\/akdenizhaber.com.tr\/index.php\/wp-json\/wp\/v2\/media?parent=22500"}],"wp:term":[{"taxonomy":"category","embeddable":true,"href":"https:\/\/akdenizhaber.com.tr\/index.php\/wp-json\/wp\/v2\/categories?post=22500"},{"taxonomy":"post_tag","embeddable":true,"href":"https:\/\/akdenizhaber.com.tr\/index.php\/wp-json\/wp\/v2\/tags?post=22500"}],"curies":[{"name":"wp","href":"https:\/\/api.w.org\/{rel}","templated":true}]}}