{"id":22496,"date":"2024-04-16T13:06:56","date_gmt":"2024-04-16T10:06:56","guid":{"rendered":"https:\/\/akdenizhaber.com.tr\/?p=22496"},"modified":"2024-04-16T13:06:58","modified_gmt":"2024-04-16T10:06:58","slug":"adalet-nobeti-devam-ediyor","status":"publish","type":"post","link":"https:\/\/akdenizhaber.com.tr\/index.php\/2024\/04\/16\/adalet-nobeti-devam-ediyor\/","title":{"rendered":"Adalet N\u00f6beti devam ediyor"},"content":{"rendered":"\n<p>Kepez Belediye Ba\u015fkan\u0131 Mesut Kocag\u00f6z&#8217;\u00fcn hukuksuz ve siyasi bir kararla tutuklanmas\u0131na tepki g\u00f6steren Cumhuriyet Halk Partililer, Antalya L Tipi Ceza \u0130nfaz Kurumu \u00f6n\u00fcnde ba\u015flat\u0131lan adalet n\u00f6beti s\u00fcr\u00fcyor. Adalet n\u00f6beti tutan CHP&#8217;liler ad\u0131na bir a\u00e7\u0131klama yapan B\u00fclent Yurdakul, &#8220;Ba\u015fkan\u0131m\u0131z \u00e7\u0131kana kadar burada bekleyece\u011fiz&#8221; dedi.<\/p>\n\n\n\n<p>Antalya, Mesut Kocag\u00f6z\u2019\u00fcn haks\u0131z yere tutuklanmas\u0131n\u0131n ard\u0131ndan tek y\u00fcrek olurken, il ba\u015fkanl\u0131\u011f\u0131 \u00f6n\u00fcndeki a\u00e7\u0131klaman\u0131n ard\u0131ndan Kepez Belediye Ba\u015fkan\u0131 CHP\u2019li Mesut Kocag\u00f6z\u2019\u00fcn tutuklu bulundu\u011fu Antalya L Tipi Cezaevi \u00f6n\u00fcne gitti. CHP\u2019li heyet, Kocag\u00f6z ile g\u00f6r\u00fc\u015fmek i\u00e7in cezaevi y\u00f6netimine talepte bulunurken, bir grup da cezaevi giri\u015finde bekledi. Kalabal\u0131k ad\u0131na a\u00e7\u0131klama yapan B\u00fclent Yurdakul, adalet i\u00e7in beklemeye geldiklerini ve adalet n\u00f6beti tutacaklar\u0131n\u0131 s\u00f6yledi.<\/p>\n\n\n\n<p>Mesut Kocag\u00f6z\u2019\u00fcn tahliye edilece\u011fi g\u00fcne kadar bekleyeceklerini ifade eden Yurdakul, \u201cBa\u015fkan\u0131m\u0131z haks\u0131z yere tutuklanm\u0131\u015f ve bu cezaevine getirilmi\u015ftir. Bug\u00fcnden itibaren ba\u015fkan\u0131m\u0131z\u0131 sevenler olarak, gen\u00e7lik kollar\u0131m\u0131zla birlikte burada adalet n\u00f6beti tutaca\u011f\u0131z. Ba\u015fkan\u0131m\u0131z \u00e7\u0131kana kadar burada bekleyece\u011fiz\u201d dedi. Adalet n\u00f6beti i\u00e7in cezaevinin \u00f6n\u00fcne \u00e7ad\u0131rlar kuran CHP\u2019liler, Kocag\u00f6z\u2019\u00fcn tahliyesini bekliyorlar.<\/p>\n\n\n\n<p>Haber Merkezi<\/p>\n","protected":false},"excerpt":{"rendered":"<p>Kepez Belediye Ba\u015fkan\u0131 Mesut Kocag\u00f6z&#8217;\u00fcn hukuksuz ve siyasi bir kararla tutuklanmas\u0131na tepki g\u00f6steren Cumhuriyet Halk Partililer, Antalya L Tipi Ceza \u0130nfaz Kurumu \u00f6n\u00fcnde ba\u015flat\u0131lan adalet <a href=\"https:\/\/akdenizhaber.com.tr\/index.php\/2024\/04\/16\/adalet-nobeti-devam-ediyor\/\" class=\"read-more-link\">[more&#8230;]<\/a><\/p>\n","protected":false},"author":2,"featured_media":22497,"comment_status":"open","ping_status":"open","sticky":false,"template":"","format":"standard","meta":{"footnotes":""},"categories":[2],"tags":[],"class_list":["post-22496","post","type-post","status-publish","format-standard","has-post-thumbnail","hentry","category-gundem"],"_links":{"self":[{"href":"https:\/\/akdenizhaber.com.tr\/index.php\/wp-json\/wp\/v2\/posts\/22496","targetHints":{"allow":["GET"]}}],"collection":[{"href":"https:\/\/akdenizhaber.com.tr\/index.php\/wp-json\/wp\/v2\/posts"}],"about":[{"href":"https:\/\/akdenizhaber.com.tr\/index.php\/wp-json\/wp\/v2\/types\/post"}],"author":[{"embeddable":true,"href":"https:\/\/akdenizhaber.com.tr\/index.php\/wp-json\/wp\/v2\/users\/2"}],"replies":[{"embeddable":true,"href":"https:\/\/akdenizhaber.com.tr\/index.php\/wp-json\/wp\/v2\/comments?post=22496"}],"version-history":[{"count":1,"href":"https:\/\/akdenizhaber.com.tr\/index.php\/wp-json\/wp\/v2\/posts\/22496\/revisions"}],"predecessor-version":[{"id":22498,"href":"https:\/\/akdenizhaber.com.tr\/index.php\/wp-json\/wp\/v2\/posts\/22496\/revisions\/22498"}],"wp:featuredmedia":[{"embeddable":true,"href":"https:\/\/akdenizhaber.com.tr\/index.php\/wp-json\/wp\/v2\/media\/22497"}],"wp:attachment":[{"href":"https:\/\/akdenizhaber.com.tr\/index.php\/wp-json\/wp\/v2\/media?parent=22496"}],"wp:term":[{"taxonomy":"category","embeddable":true,"href":"https:\/\/akdenizhaber.com.tr\/index.php\/wp-json\/wp\/v2\/categories?post=22496"},{"taxonomy":"post_tag","embeddable":true,"href":"https:\/\/akdenizhaber.com.tr\/index.php\/wp-json\/wp\/v2\/tags?post=22496"}],"curies":[{"name":"wp","href":"https:\/\/api.w.org\/{rel}","templated":true}]}}