{"id":22485,"date":"2024-04-15T13:38:27","date_gmt":"2024-04-15T10:38:27","guid":{"rendered":"https:\/\/akdenizhaber.com.tr\/?p=22485"},"modified":"2024-04-15T13:38:28","modified_gmt":"2024-04-15T10:38:28","slug":"dokulen-yaban-yeli","status":"publish","type":"post","link":"https:\/\/akdenizhaber.com.tr\/index.php\/2024\/04\/15\/dokulen-yaban-yeli\/","title":{"rendered":"D\u00d6K\u00dcLEN YABAN YEL\u0130"},"content":{"rendered":"\n<p>Saklasam da on y\u0131llar i\u00e7inde s\u00f6nmeyen duman\u0131 var.<br>K\u0131rk\u0131nda, \u00fc\u00e7 on y\u0131ld\u0131r k\u0131l\u0131c\u0131 sulu annesi k\u0131n\u0131nda.<br>\u00dc\u00e7 ayl\u0131k gebeydi nikahta, be\u015f ayl\u0131k ve be\u015f y\u0131ll\u0131k hali resimde.<br>Bir de k\u0131\u015f g\u00fcne\u015fi, zemheri geceler, sonra camc\u0131 babas\u0131, yemci anas\u0131.<\/p>\n\n\n\n<p>Saf berrakl\u0131\u011fa akar h\u0131rsla girdi cellat, dald\u0131 kanayan yaraya.<br>Birbirimiz birimiz hi\u00e7 biz olamad\u0131k, yaz\u0131da kald\u0131 duman\u0131 t\u00fcten k\u00fcl.<br>Ekilen d\u00fc\u015fmanl\u0131k tohumlar\u0131 dikenlendi, dalland\u0131, k\u00f6kten \u00e7\u00fcr\u00fcd\u00fc.<br>Ne r\u00fczgar esti ne ya\u011fmur ya\u011fd\u0131 ne p\u0131nar akt\u0131, kurakl\u0131k kile d\u00f6nd\u00fc.<\/p>\n\n\n\n<p>Kanun yasaya baksa DNA&#8217;s\u0131, mayas\u0131 benden de\u011fil.<br>Y\u00fcrek yakan safl\u0131\u011f\u0131m kalem silgi ben \u00e7ald\u0131m \u00f6\u011fretmenim insanl\u0131\u011f\u0131m.<br>Birine haksa sekize de olmal\u0131, kendimden davac\u0131y\u0131m Hakim Bey.<br>Y\u0131lan, kurt, mikrop dola\u015f\u0131rken g\u00f6vdede \u00f6k\u00fcz \u00f6ld\u00fc; akar bitti Savc\u0131 Bey.<\/p>\n\n\n\n<p>\u015eimdi g\u00fcn ard\u0131 k\u0131\u015ftan bahara d\u00f6nen y\u0131llar duygu g\u00f6n\u00fclde inler.<br>Sanc\u0131l\u0131 hikayeler, yak\u0131lan ba\u011flar, kalan kervan ge\u00e7mez, inler, yarlar.<br>Amazonlarda cennet, Fizan&#8217;da \u00e7\u00f6l vahas\u0131, yaz\u0131ya akan insan aynas\u0131.<br>\u0130\u015fte bayram arifesi, \u00e7\u00f6l izinde t\u00fcten do\u011fal bir ya\u015fam izi.<\/p>\n\n\n\n<p>Pul pul \u0131\u015f\u0131lt\u0131l\u0131 derisi, yanarda\u011f g\u00f6zleri, k\u00f6z\u00fc s\u00f6nen ate\u015fi, bir dehan\u0131n nefesi.<br>Esir etti insanl\u0131\u011fa kendini, kayal\u0131kta a\u00e7an \u00e7i\u00e7ekleri, b\u00f6cekli ar\u0131 ballar\u0131.<br>Tabiat\u0131 NeHaS topra\u011f\u0131, arad\u0131\u011f\u0131 \u00e7a\u011flar co\u015fkulu sevgili ate\u015fi.<br>Dumanl\u0131, \u0131slak, verimli ovada; ba\u015fakl\u0131, meyveli, \u00e7i\u00e7ekli bah\u00e7esi.<\/p>\n\n\n\n<pre class=\"wp-block-code\"><code>            NeHaS Yazar Halil YILDIRIM  <\/code><\/pre>\n","protected":false},"excerpt":{"rendered":"<p>Saklasam da on y\u0131llar i\u00e7inde s\u00f6nmeyen duman\u0131 var.K\u0131rk\u0131nda, \u00fc\u00e7 on y\u0131ld\u0131r k\u0131l\u0131c\u0131 sulu annesi k\u0131n\u0131nda.\u00dc\u00e7 ayl\u0131k gebeydi nikahta, be\u015f ayl\u0131k ve be\u015f y\u0131ll\u0131k hali resimde.Bir <a href=\"https:\/\/akdenizhaber.com.tr\/index.php\/2024\/04\/15\/dokulen-yaban-yeli\/\" class=\"read-more-link\">[more&#8230;]<\/a><\/p>\n","protected":false},"author":2,"featured_media":22486,"comment_status":"open","ping_status":"open","sticky":false,"template":"","format":"standard","meta":{"footnotes":""},"categories":[2],"tags":[],"class_list":["post-22485","post","type-post","status-publish","format-standard","has-post-thumbnail","hentry","category-gundem"],"_links":{"self":[{"href":"https:\/\/akdenizhaber.com.tr\/index.php\/wp-json\/wp\/v2\/posts\/22485","targetHints":{"allow":["GET"]}}],"collection":[{"href":"https:\/\/akdenizhaber.com.tr\/index.php\/wp-json\/wp\/v2\/posts"}],"about":[{"href":"https:\/\/akdenizhaber.com.tr\/index.php\/wp-json\/wp\/v2\/types\/post"}],"author":[{"embeddable":true,"href":"https:\/\/akdenizhaber.com.tr\/index.php\/wp-json\/wp\/v2\/users\/2"}],"replies":[{"embeddable":true,"href":"https:\/\/akdenizhaber.com.tr\/index.php\/wp-json\/wp\/v2\/comments?post=22485"}],"version-history":[{"count":1,"href":"https:\/\/akdenizhaber.com.tr\/index.php\/wp-json\/wp\/v2\/posts\/22485\/revisions"}],"predecessor-version":[{"id":22487,"href":"https:\/\/akdenizhaber.com.tr\/index.php\/wp-json\/wp\/v2\/posts\/22485\/revisions\/22487"}],"wp:featuredmedia":[{"embeddable":true,"href":"https:\/\/akdenizhaber.com.tr\/index.php\/wp-json\/wp\/v2\/media\/22486"}],"wp:attachment":[{"href":"https:\/\/akdenizhaber.com.tr\/index.php\/wp-json\/wp\/v2\/media?parent=22485"}],"wp:term":[{"taxonomy":"category","embeddable":true,"href":"https:\/\/akdenizhaber.com.tr\/index.php\/wp-json\/wp\/v2\/categories?post=22485"},{"taxonomy":"post_tag","embeddable":true,"href":"https:\/\/akdenizhaber.com.tr\/index.php\/wp-json\/wp\/v2\/tags?post=22485"}],"curies":[{"name":"wp","href":"https:\/\/api.w.org\/{rel}","templated":true}]}}