{"id":22479,"date":"2024-04-15T13:36:18","date_gmt":"2024-04-15T10:36:18","guid":{"rendered":"https:\/\/akdenizhaber.com.tr\/?p=22479"},"modified":"2024-04-15T13:36:18","modified_gmt":"2024-04-15T10:36:18","slug":"antalyada-teleferik-faciasinda-5-kisi-tutuklandi","status":"publish","type":"post","link":"https:\/\/akdenizhaber.com.tr\/index.php\/2024\/04\/15\/antalyada-teleferik-faciasinda-5-kisi-tutuklandi\/","title":{"rendered":"Antalya\u2019da teleferik facias\u0131nda 5 ki\u015fi tutukland\u0131"},"content":{"rendered":"\n<p>Tutuklananlar aras\u0131nda Kepez Belediye Ba\u015fkan\u0131 da var<\/p>\n\n\n\n<p><strong>1 ki\u015finin ya\u015fam\u0131n\u0131 yitirdi\u011fi 17 ki\u015finin de yaraland\u0131\u011f\u0131 Antalya\u2019da Konyaalt\u0131 T\u00fcnektepe Teleferik kazas\u0131nda 14 <\/strong>\u015f\u00fcpheliden 5&#8217;inin tutukland\u0131\u011f\u0131, 8&#8217;i i\u00e7in adli kontrol karar\u0131 verildi\u011fi, 1 ki\u015finin serbest b\u0131rak\u0131ld\u0131\u011f\u0131n\u0131 a\u00e7\u0131kland\u0131.<\/p>\n\n\n\n<p>Konuyla ilgili a\u00e7\u0131klama yapan Adalet Bakan\u0131 Y\u0131lmaz Tun\u00e7<strong> \u201cSoru\u015fturma t\u00fcm y\u00f6nleriyle titizlikle s\u00fcrd\u00fcr\u00fclmektedir\u201d a\u00e7\u0131klamas\u0131nda bulundu.<\/strong><strong><\/strong><\/p>\n\n\n\n<p><strong>Kepez Belediye Ba\u015fkan\u0131 da tutuklananlar aras\u0131nda<\/strong><\/p>\n\n\n\n<p>Tutuklananlar aras\u0131nda ilgili d\u00f6nemin ANET Genel M\u00fcd\u00fcr\u00fc olan&nbsp;CHP&#8217;li&nbsp;Kepez Belediye Ba\u015fkan\u0131 Mesut Kocag\u00f6z de bulunuyor.<\/p>\n\n\n\n<p>Kocag\u00f6z&#8217;\u00fcn yan\u0131 s\u0131ra mevcut ANET Genel M\u00fcd\u00fcr Vekili Ahmet Bu\u011fra Samsunlu, mekanik m\u00fchendisi Okan Erol, bak\u0131m \u015firketi sahibi Serdar Tezcan, bak\u0131m \u015firketinin bak\u0131m ve otomasyon amiri Serkan Yellice de taksirle \u00f6l\u00fcme ve yaralanmaya neden olma su\u00e7undan tutuklanarak cezaevine g\u00f6nderildi.<\/p>\n\n\n\n<p><strong>Bakan Tun\u00e7: Soru\u015fturma titizlikle s\u00fcrd\u00fcr\u00fclmektedir<\/strong><\/p>\n\n\n\n<p>Adalet Bakan\u0131 Y\u0131lmaz Tun\u00e7, sosyal medya hesab\u0131ndan yapt\u0131\u011f\u0131 a\u00e7\u0131klamada, Sar\u0131su-T\u00fcnektepe teleferik hatt\u0131ndaki teleferik dire\u011finin k\u0131r\u0131larak seyir halindeki kabinlerden birinin d\u00fc\u015fmesi sonucu 1 ki\u015finin hayat\u0131n\u0131 kaybetti\u011fini, 17 vatanda\u015f\u0131n yaraland\u0131\u011f\u0131n\u0131, kabinlerde mahsur kalanlar\u0131n kurtar\u0131ld\u0131\u011f\u0131n\u0131 ifade etti.<\/p>\n\n\n\n<p>Olayla ilgili&nbsp;<a href=\"https:\/\/www.ensonhaber.com\/antalya.htm\" target=\"_blank\" rel=\"noreferrer noopener\">Antalya<\/a>&nbsp;Cumhuriyet Ba\u015fsavc\u0131l\u0131\u011f\u0131nda adli soru\u015fturma ba\u015flat\u0131ld\u0131\u011f\u0131n\u0131 hat\u0131rlatan Tun\u00e7, bir Cumhuriyet Ba\u015f savc\u0131 vekili ve bir Cumhuriyet Savc\u0131s\u0131&#8217;n\u0131n koordinasyonunda 2 i\u015f sa\u011fl\u0131\u011f\u0131 ve g\u00fcvenli\u011fi uzman\u0131, 2 makine uzman\u0131 ve bir elektrik uzman\u0131ndan olu\u015fan bilirki\u015fi heyeti taraf\u0131ndan detayl\u0131 olay yeri inceleme ve ke\u015fif \u00e7al\u0131\u015fmas\u0131 yap\u0131ld\u0131\u011f\u0131n\u0131 ve \u00f6n rapor haz\u0131rland\u0131\u011f\u0131n\u0131 belirtti.<\/p>\n\n\n\n<p>B\u00fc\u015fra Deveci \/ Haber<\/p>\n","protected":false},"excerpt":{"rendered":"<p>Tutuklananlar aras\u0131nda Kepez Belediye Ba\u015fkan\u0131 da var 1 ki\u015finin ya\u015fam\u0131n\u0131 yitirdi\u011fi 17 ki\u015finin de yaraland\u0131\u011f\u0131 Antalya\u2019da Konyaalt\u0131 T\u00fcnektepe Teleferik kazas\u0131nda 14 \u015f\u00fcpheliden 5&#8217;inin tutukland\u0131\u011f\u0131, 8&#8217;i <a href=\"https:\/\/akdenizhaber.com.tr\/index.php\/2024\/04\/15\/antalyada-teleferik-faciasinda-5-kisi-tutuklandi\/\" class=\"read-more-link\">[more&#8230;]<\/a><\/p>\n","protected":false},"author":2,"featured_media":22480,"comment_status":"open","ping_status":"open","sticky":false,"template":"","format":"standard","meta":{"footnotes":""},"categories":[2],"tags":[],"class_list":["post-22479","post","type-post","status-publish","format-standard","has-post-thumbnail","hentry","category-gundem"],"_links":{"self":[{"href":"https:\/\/akdenizhaber.com.tr\/index.php\/wp-json\/wp\/v2\/posts\/22479","targetHints":{"allow":["GET"]}}],"collection":[{"href":"https:\/\/akdenizhaber.com.tr\/index.php\/wp-json\/wp\/v2\/posts"}],"about":[{"href":"https:\/\/akdenizhaber.com.tr\/index.php\/wp-json\/wp\/v2\/types\/post"}],"author":[{"embeddable":true,"href":"https:\/\/akdenizhaber.com.tr\/index.php\/wp-json\/wp\/v2\/users\/2"}],"replies":[{"embeddable":true,"href":"https:\/\/akdenizhaber.com.tr\/index.php\/wp-json\/wp\/v2\/comments?post=22479"}],"version-history":[{"count":1,"href":"https:\/\/akdenizhaber.com.tr\/index.php\/wp-json\/wp\/v2\/posts\/22479\/revisions"}],"predecessor-version":[{"id":22481,"href":"https:\/\/akdenizhaber.com.tr\/index.php\/wp-json\/wp\/v2\/posts\/22479\/revisions\/22481"}],"wp:featuredmedia":[{"embeddable":true,"href":"https:\/\/akdenizhaber.com.tr\/index.php\/wp-json\/wp\/v2\/media\/22480"}],"wp:attachment":[{"href":"https:\/\/akdenizhaber.com.tr\/index.php\/wp-json\/wp\/v2\/media?parent=22479"}],"wp:term":[{"taxonomy":"category","embeddable":true,"href":"https:\/\/akdenizhaber.com.tr\/index.php\/wp-json\/wp\/v2\/categories?post=22479"},{"taxonomy":"post_tag","embeddable":true,"href":"https:\/\/akdenizhaber.com.tr\/index.php\/wp-json\/wp\/v2\/tags?post=22479"}],"curies":[{"name":"wp","href":"https:\/\/api.w.org\/{rel}","templated":true}]}}