{"id":22476,"date":"2024-04-15T13:35:07","date_gmt":"2024-04-15T10:35:07","guid":{"rendered":"https:\/\/akdenizhaber.com.tr\/?p=22476"},"modified":"2024-04-15T13:35:07","modified_gmt":"2024-04-15T10:35:07","slug":"antalya-buyuksehir-belediye-meclisi","status":"publish","type":"post","link":"https:\/\/akdenizhaber.com.tr\/index.php\/2024\/04\/15\/antalya-buyuksehir-belediye-meclisi\/","title":{"rendered":"Antalya B\u00fcy\u00fck\u015fehir Belediye Meclisi"},"content":{"rendered":"\n<p>yeni d\u00f6nemin ilk toplant\u0131s\u0131n\u0131 yapt\u0131<\/p>\n\n\n\n<p>Antalya B\u00fcy\u00fck\u015fehir Belediye Meclisi, yeni d\u00f6nemin ilk toplant\u0131s\u0131n\u0131 yapt\u0131. Antalya B\u00fcy\u00fck\u015fehir Belediye Ba\u015fkan\u0131 Muhittin B\u00f6cek\u2019in teleferik kazas\u0131 kurtarma \u00e7al\u0131\u015fmalar\u0131n\u0131 takip etmek \u00fczere olay yerinde olmas\u0131 nedeniyle meclisi en ya\u015fl\u0131 \u00fcye s\u0131fat\u0131yla AK Parti \u0130brad\u0131 Meclis \u00fcyesi Kemal \u00c7ift\u00e7io\u011flu a\u00e7t\u0131.Toplant\u0131da Ba\u015fkanl\u0131k Divan\u0131, enc\u00fcmen, birlikve komisyon \u00fcyeleri belirlendi. Kurtarma operasyonunun sona ermesinin ard\u0131ndan Antalya B\u00fcy\u00fck\u015fehir Belediye Meclisi\u2019ne gelen Ba\u015fkan B\u00f6cek de mecliste 5 y\u0131l boyunca Antalya ad\u0131na \u00f6nemli \u00e7al\u0131\u015fmalara imza atacaklar\u0131n\u0131 belirterek, meclis \u00fcyelerine ba\u015far\u0131lar diledi.<\/p>\n\n\n\n<p>Antalya B\u00fcy\u00fck\u015fehir Belediye Meclisi, 31 Mart Mahalli \u0130dareler Genel Se\u00e7imlerinin ard\u0131ndan yeni \u00fcyeleri ile yeni d\u00f6nemin ilk toplant\u0131s\u0131n\u0131 ger\u00e7ekle\u015ftirdi. 16 g\u00fcndem maddesini g\u00f6r\u00fc\u015fmek \u00fczere toplanan meclis,Gazi Mustafa Kemal Atat\u00fcrk ve silah arkada\u015flar\u0131na sayg\u0131 duru\u015fu ve \u0130stiklal Mar\u015f\u0131\u2019n\u0131n okunmas\u0131yla ba\u015flad\u0131, Meclis toplant\u0131s\u0131nda,Cumhuriyet Halk Partisi, Adalet ve Kalk\u0131nma Partisi, Milliyet\u00e7i Hareket Partisi, Demokrat Parti ve \u0130yi Parti grup s\u00f6zc\u00fcleri birlik beraberlik mesaj\u0131 vererek,meclise 5 y\u0131ll\u0131k g\u00f6rev s\u00fcresi boyunca ba\u015far\u0131lar diledi.<\/p>\n\n\n\n<p>MECL\u0130S BA\u015eKAN VEK\u0130L\u0130 SE\u00c7\u0130LD\u0130<\/p>\n\n\n\n<p>Mecliste ilk olarak Antalya B\u00fcy\u00fck\u015fehir Belediye Meclisinde g\u00f6rev yapacak olan Divan Katibi, Meclis Ba\u015fkan Vekilleri, enc\u00fcmen \u00fcyeleri ve komisyon \u00fcyeleri se\u00e7imi yap\u0131ld\u0131. Yap\u0131lan gizli oylama sonucunda Divan K\u00e2tipli\u011fine Cumhuriyet Halk Partisi\u2019nden Taylan \u015eanl\u0131 ve M\u00fcge Gezginci \u00dcnsal se\u00e7ilirken, Meclis Ba\u015fkan Vekilleri ise Cumhuriyet Halk Partisi\u2019nden Bayram Ali \u00c7eltik ve Utku Hasan Emino\u011flu oldu. Se\u00e7imin ard\u0131ndan en ya\u015fl\u0131 \u00fcye s\u0131fat\u0131yla meclisi a\u00e7an Kemal \u00c7ift\u00e7io\u011flu yerini Bayram Ali \u00c7eltik\u2019e devretti.<\/p>\n\n\n\n<p>BA\u015eKAN B\u00d6CEK KAZA \u0130LE \u0130LG\u0130L\u0130 B\u0130LG\u0130 VERD\u0130<\/p>\n\n\n\n<p>Teleferik kazas\u0131yla ilgili son kazazedenin de kurtar\u0131lmas\u0131n\u0131n ard\u0131ndan Antalya B\u00fcy\u00fck\u015fehir Belediye Ba\u015fkan\u0131 Muhittin B\u00f6cek, meclise gelerek toplant\u0131ya ba\u015fkanl\u0131k etti. Meclis \u00fcyelerini selamlayan Ba\u015fkan B\u00f6cek, kurtarma \u00e7al\u0131\u015fmalar\u0131yla ilgili meclise \u015fu bilgileri verdi: \u201cD\u00fcn 17.28\u2019de bir kaza ya\u015fad\u0131k. \u00d6ncelikle bir vatanda\u015f\u0131m\u0131z hayat\u0131n\u0131 kaybetti. Allah\u2019tan rahmet diliyorum. Yaral\u0131 10 vatanda\u015f\u0131m\u0131za B\u00fcy\u00fck\u015fehir Belediye Meclisimiz ad\u0131na acil \u015fifalar diliyorum. Saat 17.28 itibariyle \u0130tfaiye Daire Ba\u015fkan\u0131m\u0131z arad\u0131 hemen olay yerine ula\u015ft\u0131k, kriz masas\u0131 olu\u015fturduk. \u0130lk a\u00e7\u0131klamay\u0131 yapt\u0131k. Hi\u00e7 uyumad\u0131k. Kriz masas\u0131nda Say\u0131n Valimiz, AFAD ba\u015fkan\u0131m\u0131z olmak \u00fczere milletvekillerimiz vard\u0131. CHP Genel Ba\u015fkan Yard\u0131mc\u0131m\u0131z vard\u0131, t\u00fcm kurum kurulu\u015flar vard\u0131. \u0130\u00e7i\u015fleri Bakan\u0131m\u0131za, Bakan Yard\u0131mc\u0131m\u0131z M\u00fcnir Karalo\u011flu\u2019na te\u015fekk\u00fcr ediyorum. \u015eu an itibariyle 174 vatanda\u015f\u0131m\u0131z\u0131 kurtard\u0131k. Antalya B\u00fcy\u00fck\u015fehir \u0130tfaiyemiz ba\u015fta \u0130stanbul, Ankara Denizli, Mu\u011fla, Bal\u0131kesir Belediyemizin ekipleri geldi. Mu\u011fla Belediye Ba\u015fkan\u0131m\u0131z kendisi gelip, \u00e7al\u0131\u015fmalara kat\u0131ld\u0131.\u201d<\/p>\n\n\n\n<p>MECL\u0130SE BA\u015eARILAR D\u0130LED\u0130<\/p>\n\n\n\n<p>Antalya B\u00fcy\u00fck\u015fehir Belediye Meclisi\u2019nin se\u00e7imlerin ard\u0131ndan ger\u00e7ekle\u015ftirdi\u011fi ilk toplant\u0131n\u0131n hay\u0131rl\u0131 olmas\u0131n\u0131 dileyen Ba\u015fkan B\u00f6cek \u015f\u00f6yle konu\u015ftu: \u201cAntalya\u2019m\u0131zda se\u00e7imler yap\u0131ld\u0131. Muhtarlar\u0131m\u0131z se\u00e7ildi, 19 il\u00e7e belediye ba\u015fkan\u0131m\u0131z se\u00e7ildi Antalyal\u0131lara bir kez daha huzurunuzda te\u015fekk\u00fcr ediyorum Antalya\u2019da demokrasi kazand\u0131. B\u00fct\u00fcn \u00e7al\u0131\u015fma arkada\u015flar\u0131ma te\u015fekk\u00fcr ediyorum. \u00d6nce bize oy verenlere te\u015fekk\u00fcr ediyorum. Oy veren vermeyen b\u00fct\u00fcn vatanda\u015flar\u0131m\u0131z\u0131n emrinde olaca\u011f\u0131m\u0131 bir kez daha ifade ediyorum. Bu meclisi sizlerle beraber hep birlikte y\u00f6netece\u011fiz. Herkesi kendi belediye ba\u015fkan\u0131m\u0131z, kendi partili belediye ba\u015fkan\u0131m\u0131z gibi g\u00f6rece\u011fim. Sizlerle beraber Antalya\u2019da be\u015f y\u0131l\u0131 azimle, gururla birlikte devam ettirece\u011fiz. Hi\u00e7bir kimseyi \u00f6tekile\u015ftirmeden, siyaset yapmadan beraberce \u00e7al\u0131\u015faca\u011f\u0131z.Se\u00e7imlerimizin tekrar sizlere, Antalya&#8217;m\u0131za hay\u0131rl\u0131 olmas\u0131n\u0131 diliyorum. Ba\u015far\u0131lar diliyorum.\u201d<\/p>\n\n\n\n<p>\u0130HT\u0130SAS KOM\u0130SYONLARI BEL\u0130RLEND\u0130<\/p>\n\n\n\n<p>Yap\u0131lan gizli oylamayla 1 y\u0131l s\u00fcreyle g\u00f6rev yapacak enc\u00fcmen \u00fcyeleri Cumhuriyet Halk Partisi\u2019nden Adnan Kabaa\u011fa\u00e7, B\u00fc\u015fra \u00d6zdemir, Mustafa Bilici, Nazmi G\u00fcnd\u00fcz, Zafer Tan\u2019dan olu\u015ftu. Mecliste ayr\u0131ca 1 y\u0131l s\u00fcreyle g\u00f6rev yapacak olan ve 5 ki\u015fiden olu\u015fmas\u0131na karar verilen komisyon \u00fcyeleri de se\u00e7ildi. Buna g\u00f6re komisyonlarda g\u00f6rev alacak isimler \u015fu \u015fekilde belirlendi;<\/p>\n\n\n\n<p>Plan ve B\u00fct\u00e7e Komisyonu:<\/p>\n\n\n\n<p>Ahmet Ayd\u0131n (CHP), Osman Sert (CHP), Erkan \u00c7elik (CHP), Mehmet Bal\u0131k (CHP), Kemal Sancaktar (AKP)<\/p>\n\n\n\n<p>\u0130mar ve Bay\u0131nd\u0131rl\u0131k Komisyonu:<\/p>\n\n\n\n<p>Mithat Aras (CHP), S\u0131d\u0131ka G\u00f6kyar K\u0131z\u0131lca (CHP), Hasan Can Kamburo\u011flu (CHP), Burak \u00c7eker (CHP), Hasan Cumhur G\u00f6nc\u00fc (AKP)<\/p>\n\n\n\n<p>\u00c7evre ve Sa\u011fl\u0131k Komisyonu:<\/p>\n\n\n\n<p>Celal Ko\u00e7 (CHP), Refik Emre Altekin (CHP), G\u00fcls\u00fcm \u00d6zer (CHP), M\u00fcge Gezginci \u00dcnsal (CHP), Murat Menzilcio\u011flu (AKP)<\/p>\n\n\n\n<p>E\u011fitim, K\u00fclt\u00fcr, Gen\u00e7lik, Spor Komisyonu:<\/p>\n\n\n\n<p>Nil\u00fcfer Deveci (CHP), Metin Yara\u015f\u00e7\u0131 (CHP), \u00d6nder Kurnaz (CHP), Hasan Akkoyun (CHP), Tu\u011fba Er (AKP)<\/p>\n\n\n\n<p>Ula\u015f\u0131m Komisyonu:<\/p>\n\n\n\n<p>R\u0131za Maden (CHP), S\u00fcleyman Tursun (CHP), Erdal Yay\u0131c\u0131 (CHP), \u0130smail \u015eent\u00fcrk (CHP), Levent Konur (AKP)<\/p>\n\n\n\n<p>B\u0130RL\u0130KLERDE G\u00d6REV ALACAK \u00dcYELER SE\u00c7\u0130LD\u0130<\/p>\n\n\n\n<p>Antalya B\u00fcy\u00fck\u015fehir Belediye Meclisi ayr\u0131ca Akdeniz Belediyeler Birli\u011fi, Tarihi Kentler Birli\u011fi, Sa\u011fl\u0131kl\u0131 Kentler Birli\u011fi, Ya\u011fl\u0131 G\u00fcre\u015f D\u00fczenleyen Kentler Birli\u011fi, ANTAB ve Akdeniz Belediyeler Birli\u011fi\u2019nde g\u00f6rev alacak \u00fcyeleri de belirledi. Tarihi Kentler Birli\u011fi \u00fcyeleri Mehmet Tufan (CHP), Sad\u0131k Dizdaro\u011flu (CHP), G\u00fcler Ercan (CHP) olurken, Sa\u011fl\u0131kl\u0131 Kentler Birli\u011fi \u00fcyeleri ise Cumhuriyet Halk Partisi\u2019nden Nihat Karayel, Koray K\u00fc\u00e7\u00fcksar\u0131 ve Nil\u00fcfer Deveci olarak belirlendi.Ya\u011fl\u0131 G\u00fcre\u015f D\u00fczenleyen Kentler Birli\u011fi \u00fcyeli\u011fine ise Cumhuriyet Halk Partisi\u2019nden Hasan Ayd\u0131n, \u0130smail \u015eent\u00fcrk, Erg\u00fcven Y\u0131lmaz ve Erkan Demirci se\u00e7ildi.<\/p>\n\n\n\n<p>ANTAB\u2019A 11 AS\u0130L \u00dcYE SE\u00c7\u0130LD\u0130<\/p>\n\n\n\n<p>Antalya B\u00fcy\u00fck\u015fehir Belediye Ba\u015fkan\u0131 Muhittin B\u00f6cek\u2019in do\u011fal \u00fcyesi oldu\u011fu ANTAB i\u00e7in11 asil \u00fcye ve 5 yedek \u00fcye gizli oy ile belirlendi. Cumhuriyet Halk Partisi\u2019nden A\u015fk\u0131n Yenier, Mithat Aras, M\u00fcge Gezginci \u00dcnsal, Hasan Can Kamburo\u011flu, Nazmi G\u00fcnd\u00fcz, Semih Top, Mehmet Ali \u00c7obano\u011flu, R\u0131za Maden, Refik Emre Altekin, Koray K\u00fc\u00e7\u00fcksar\u0131 ve Hasan Ayd\u0131n ANTAB\u2019a asil \u00fcye olarak se\u00e7ildi.<\/p>\n\n\n\n<p>AKDEN\u0130Z BELED\u0130YELER B\u0130RL\u0130\u011e\u0130 \u00dcYELER\u0130 BEL\u0130RLEND\u0130<\/p>\n\n\n\n<p>Akdeniz Belediyeler Birli\u011fi\u2019nde g\u00f6rev alacak 12 \u00fcye; Cumhuriyet Halk Partisi\u2019nden B\u00fc\u015fra \u00d6zdemir, \u015e\u00fckr\u00fc Ko\u00e7ak, Y\u00fccel Y\u00fccesan, Mahmut K\u00f6se, Ula\u015f \u00d6zgen, Mehmet Kula, Sad\u0131k Dizdaro\u011flu, R\u00fc\u015ft\u00fc Peker, Erdo\u011fan Erdo\u011fan, Mustafa Bilici, Recep Karatop, Yusuf Kumbul\u2019dan olu\u015ftu.Antalya B\u00fcy\u00fck\u015fehir Belediye Meclisi\u2019nde 2023 y\u0131l\u0131 Faaliyet Raporu ve 2023 y\u0131l\u0131 Denetim Komisyonu Raporu da oy birli\u011fiyle kabul edildi.<\/p>\n\n\n\n<p>Antalya B\u00fcy\u00fck\u015fehir Belediyesi \/ B\u00fclten<\/p>\n","protected":false},"excerpt":{"rendered":"<p>yeni d\u00f6nemin ilk toplant\u0131s\u0131n\u0131 yapt\u0131 Antalya B\u00fcy\u00fck\u015fehir Belediye Meclisi, yeni d\u00f6nemin ilk toplant\u0131s\u0131n\u0131 yapt\u0131. Antalya B\u00fcy\u00fck\u015fehir Belediye Ba\u015fkan\u0131 Muhittin B\u00f6cek\u2019in teleferik kazas\u0131 kurtarma \u00e7al\u0131\u015fmalar\u0131n\u0131 takip <a href=\"https:\/\/akdenizhaber.com.tr\/index.php\/2024\/04\/15\/antalya-buyuksehir-belediye-meclisi\/\" class=\"read-more-link\">[more&#8230;]<\/a><\/p>\n","protected":false},"author":2,"featured_media":22477,"comment_status":"open","ping_status":"open","sticky":false,"template":"","format":"standard","meta":{"footnotes":""},"categories":[1],"tags":[],"class_list":["post-22476","post","type-post","status-publish","format-standard","has-post-thumbnail","hentry","category-blog"],"_links":{"self":[{"href":"https:\/\/akdenizhaber.com.tr\/index.php\/wp-json\/wp\/v2\/posts\/22476","targetHints":{"allow":["GET"]}}],"collection":[{"href":"https:\/\/akdenizhaber.com.tr\/index.php\/wp-json\/wp\/v2\/posts"}],"about":[{"href":"https:\/\/akdenizhaber.com.tr\/index.php\/wp-json\/wp\/v2\/types\/post"}],"author":[{"embeddable":true,"href":"https:\/\/akdenizhaber.com.tr\/index.php\/wp-json\/wp\/v2\/users\/2"}],"replies":[{"embeddable":true,"href":"https:\/\/akdenizhaber.com.tr\/index.php\/wp-json\/wp\/v2\/comments?post=22476"}],"version-history":[{"count":1,"href":"https:\/\/akdenizhaber.com.tr\/index.php\/wp-json\/wp\/v2\/posts\/22476\/revisions"}],"predecessor-version":[{"id":22478,"href":"https:\/\/akdenizhaber.com.tr\/index.php\/wp-json\/wp\/v2\/posts\/22476\/revisions\/22478"}],"wp:featuredmedia":[{"embeddable":true,"href":"https:\/\/akdenizhaber.com.tr\/index.php\/wp-json\/wp\/v2\/media\/22477"}],"wp:attachment":[{"href":"https:\/\/akdenizhaber.com.tr\/index.php\/wp-json\/wp\/v2\/media?parent=22476"}],"wp:term":[{"taxonomy":"category","embeddable":true,"href":"https:\/\/akdenizhaber.com.tr\/index.php\/wp-json\/wp\/v2\/categories?post=22476"},{"taxonomy":"post_tag","embeddable":true,"href":"https:\/\/akdenizhaber.com.tr\/index.php\/wp-json\/wp\/v2\/tags?post=22476"}],"curies":[{"name":"wp","href":"https:\/\/api.w.org\/{rel}","templated":true}]}}