{"id":22421,"date":"2024-04-13T12:49:47","date_gmt":"2024-04-13T09:49:47","guid":{"rendered":"https:\/\/akdenizhaber.com.tr\/?p=22421"},"modified":"2024-04-13T12:51:48","modified_gmt":"2024-04-13T09:51:48","slug":"kiraz-agaclari-ihracat-rekoru-kirmak-icin-sabirsizlaniyor","status":"publish","type":"post","link":"https:\/\/akdenizhaber.com.tr\/index.php\/2024\/04\/13\/kiraz-agaclari-ihracat-rekoru-kirmak-icin-sabirsizlaniyor\/","title":{"rendered":"Kiraz a\u011fa\u00e7lar\u0131 ihracat rekoru k\u0131rmak i\u00e7in sab\u0131rs\u0131zlan\u0131yor!"},"content":{"rendered":"\n<p>Kiraz \u00fcretiminde d\u00fcnya lideri olan T\u00fcrkiye\u2019de 2024 y\u0131l\u0131n\u0131n ilk kiraz hasad\u0131, bahar\u0131n erken gelmesiyle birlikte 2023 y\u0131l\u0131na g\u00f6re bir hafta \u00f6nce yap\u0131ld\u0131.<\/p>\n\n\n\n<p>T\u00fcrkiye\u2019deki 22 milyon kiraz a\u011fac\u0131n\u0131n 2,4 milyon adedine ev sahipli\u011fi yapan Manisa\u2019n\u0131n \u015eehzadeler il\u00e7esinde Kuzey Yar\u0131m K\u00fcrenin ilk kiraz hasad\u0131 yap\u0131ld\u0131. Hasat edilen ilk kiraz a\u00e7\u0131k art\u0131rmada sembolik 2 bin TL\u2019ye sat\u0131ld\u0131.<\/p>\n\n\n\n<p>Manisa \u015eehzadeler\u2019deki kiraz a\u011fa\u00e7lar\u0131n\u0131n \u00e7i\u00e7eklenme d\u00f6nemini \u00e7ok g\u00fczel ge\u00e7irdi\u011fini dile getiren Ege \u0130hracat\u00e7\u0131 Birlikleri Koordinat\u00f6r Ba\u015fkan Yard\u0131mc\u0131s\u0131 ve Ege Ya\u015f Meyve Sebze \u0130hracat\u00e7\u0131lar\u0131 Birli\u011fi Ba\u015fkan\u0131 Hayrettin U\u00e7ak, kiraz a\u011fa\u00e7lar\u0131n\u0131n 2024 y\u0131l\u0131nda ihracat rekoru k\u0131rmak i\u00e7in bir hafta \u00f6nce meyve verdi\u011fini, 725 bin ton kiraz rekoltesinin 90-100 bin tonluk k\u0131sm\u0131n\u0131 ihra\u00e7 etmek ve y\u0131ll\u0131k 250 milyon dolar d\u00f6vizi T\u00fcrkiye\u2019ye kazand\u0131rmay\u0131 hedeflediklerini kaydetti.<\/p>\n\n\n\n<p>Manisa ve \u0130zmir\u2019in erkenci kiraz \u00fcreten b\u00f6lgeler oldu\u011funun alt\u0131n\u0131 \u00e7izen Ba\u015fkan U\u00e7ak, \u201cCumhuriyetimizin 100. Y\u0131l\u0131 olan 2023 y\u0131l\u0131nda 83 bin ton kiraz ihracat\u0131 kar\u015f\u0131l\u0131\u011f\u0131 215 milyon dolar ihracat yapm\u0131\u015ft\u0131k. Cumhuriyetimizin ikinci y\u00fczy\u0131l\u0131na da ba\u015far\u0131l\u0131 bir giri\u015f yapmak istiyoruz. Kiraz \u00fcretiminde 725 bin tonluk rekolteyle a\u00e7\u0131k ara d\u00fcnya lideriyiz, ihracatta da d\u00fcnyan\u0131n ilk d\u00f6rt \u00fclkesi aras\u0131nday\u0131z. \u0130hracatta da ilk \u00fc\u00e7 \u00fclke aras\u0131na girmeyi hedefliyoruz\u201d \u015feklinde konu\u015ftu.&nbsp;<\/p>\n\n\n\n<p>\u00c7in\u2019e ihracat\u0131n ba\u015flamas\u0131 i\u00e7in temaslar s\u00fcr\u00fcyor<\/p>\n\n\n\n<p>T\u00fcrk kiraz\u0131n\u0131n en \u00f6nemli pazarlar\u0131n\u0131n Almanya ve Rusya Federasyonu oldu\u011fu bilgisini veren EYMS\u0130B Ba\u015fkan\u0131 U\u00e7ak s\u00f6zlerini \u015f\u00f6yle s\u00fcrd\u00fcrd\u00fc; \u201cHindistan, Singapur, Hong Kong gibi \u00fclkelerde kiraz\u0131m\u0131z \u00e7ok seviliyor ve bu \u00fclkelere&nbsp;ihracat\u0131m\u0131z\u0131&nbsp;art\u0131rma potansiyelimiz bulunuyor. T\u00fcrk kiraz\u0131n\u0131n b\u00fcy\u00fck geli\u015fim g\u00f6sterebilece\u011fi pazarlardan biriside \u00c7in. Kulland\u0131\u011f\u0131m\u0131z Pestisitleri Biliyoruz Projesi ve Akdeniz Meyve Sine\u011finden Ar\u0131nd\u0131r\u0131lm\u0131\u015f Kiraz \u00dcretimi Projesi ile T\u00fcrkiye&#8217;nin kal\u0131nt\u0131s\u0131z kaliteli kiraz \u00fcretip ihra\u00e7 etmesi i\u00e7in \u00e7abal\u0131yoruz. \u00c7in, Hindistan gibi pazarlara&nbsp;ihracat&nbsp;yapabilmek i\u00e7in bitki sa\u011fl\u0131\u011f\u0131 sertifikas\u0131 anla\u015fmas\u0131 yap\u0131lmas\u0131 i\u00e7in Tar\u0131m ve Orman Bakanl\u0131\u011f\u0131 temaslar\u0131n\u0131 s\u00fcrd\u00fcr\u00fcyor. Bu ad\u0131mlarla T\u00fcrkiye&#8217;nin&nbsp;ihracat&nbsp;pazarlar\u0131ndaki pay\u0131n\u0131 geni\u015fletmeyi ama\u00e7l\u0131yoruz. T\u00fcrkiye&#8217;nin, d\u00fcnya kiraz&nbsp;ihracat\u0131nda&nbsp;s\u00fcrd\u00fcr\u00fclebilir bir b\u00fcy\u00fcme ve potansiyelini de\u011ferlendirmesi \u00f6nceliklerimizden birisi. \u015eili, d\u00fcnya kiraz\u0131n\u0131n y\u00fczde 10&#8217;unu \u00fcretirken, y\u00fczde 30&#8217;unu ihra\u00e7 ediyor. T\u00fcrkiye ise y\u00fczde 30&#8217;unu \u00fcretip y\u00fczde 10&#8217;unu ihra\u00e7 edebiliyor. Bu paradoksu ortadan kald\u0131rmaya \u00e7al\u0131\u015f\u0131yoruz. Kiraz sezonunun \u00fcreticilerimiz, ihracat\u00e7\u0131lar\u0131m\u0131z ve \u00fclkemiz i\u00e7in bereketli, hay\u0131rl\u0131, bol ihracat yapt\u0131\u011f\u0131m\u0131z bir y\u0131l olmas\u0131n\u0131 diliyorum.\u201d<\/p>\n\n\n\n<p>Kiraz ihracat\u0131n\u0131n lideri Almanya<\/p>\n\n\n\n<p>T\u00fcrkiye, 2023 y\u0131l\u0131nda 215 milyon dolar kiraz ihra\u00e7 ederken, Almanya 95,5 milyon dolarl\u0131k T\u00fcrk kiraz\u0131 talebiyle zirvede yer ald\u0131.<\/p>\n\n\n\n<p>Taze meyve sebze&nbsp;ihracat\u0131nda T\u00fcrkiye\u2019nin lider pazar\u0131 Rusya Federasyonu, 2023&#8217;te 43,8 milyon dolarl\u0131k T\u00fcrk kiraz\u0131 talebiyle zirve orta\u011f\u0131 oldu. Kiraz ihracat\u0131nda \u00fc\u00e7\u00fcnc\u00fc s\u0131rada 14,2 milyon dolarl\u0131k taleple Avusturya ad\u0131n\u0131 yazd\u0131rd\u0131. T\u00fcrkiye, 2023 y\u0131l\u0131nda 55 \u00fclkeye kiraz ihra\u00e7 ederken, ilk 10&#8217;daki di\u011fer \u00fclkeler; \u0130talya, Norve\u00e7, Hollanda, Irak, Polonya, Bulgaristan ve \u0130ngiltere \u015feklinde&nbsp;s\u0131raland\u0131.<\/p>\n\n\n\n<p>Haber Merkezi<\/p>\n\n\n\n<p><\/p>\n","protected":false},"excerpt":{"rendered":"<p>Kiraz \u00fcretiminde d\u00fcnya lideri olan T\u00fcrkiye\u2019de 2024 y\u0131l\u0131n\u0131n ilk kiraz hasad\u0131, bahar\u0131n erken gelmesiyle birlikte 2023 y\u0131l\u0131na g\u00f6re bir hafta \u00f6nce yap\u0131ld\u0131. T\u00fcrkiye\u2019deki 22 milyon <a href=\"https:\/\/akdenizhaber.com.tr\/index.php\/2024\/04\/13\/kiraz-agaclari-ihracat-rekoru-kirmak-icin-sabirsizlaniyor\/\" class=\"read-more-link\">[more&#8230;]<\/a><\/p>\n","protected":false},"author":2,"featured_media":22422,"comment_status":"open","ping_status":"open","sticky":false,"template":"","format":"standard","meta":{"footnotes":""},"categories":[2],"tags":[],"class_list":["post-22421","post","type-post","status-publish","format-standard","has-post-thumbnail","hentry","category-gundem"],"_links":{"self":[{"href":"https:\/\/akdenizhaber.com.tr\/index.php\/wp-json\/wp\/v2\/posts\/22421","targetHints":{"allow":["GET"]}}],"collection":[{"href":"https:\/\/akdenizhaber.com.tr\/index.php\/wp-json\/wp\/v2\/posts"}],"about":[{"href":"https:\/\/akdenizhaber.com.tr\/index.php\/wp-json\/wp\/v2\/types\/post"}],"author":[{"embeddable":true,"href":"https:\/\/akdenizhaber.com.tr\/index.php\/wp-json\/wp\/v2\/users\/2"}],"replies":[{"embeddable":true,"href":"https:\/\/akdenizhaber.com.tr\/index.php\/wp-json\/wp\/v2\/comments?post=22421"}],"version-history":[{"count":1,"href":"https:\/\/akdenizhaber.com.tr\/index.php\/wp-json\/wp\/v2\/posts\/22421\/revisions"}],"predecessor-version":[{"id":22423,"href":"https:\/\/akdenizhaber.com.tr\/index.php\/wp-json\/wp\/v2\/posts\/22421\/revisions\/22423"}],"wp:featuredmedia":[{"embeddable":true,"href":"https:\/\/akdenizhaber.com.tr\/index.php\/wp-json\/wp\/v2\/media\/22422"}],"wp:attachment":[{"href":"https:\/\/akdenizhaber.com.tr\/index.php\/wp-json\/wp\/v2\/media?parent=22421"}],"wp:term":[{"taxonomy":"category","embeddable":true,"href":"https:\/\/akdenizhaber.com.tr\/index.php\/wp-json\/wp\/v2\/categories?post=22421"},{"taxonomy":"post_tag","embeddable":true,"href":"https:\/\/akdenizhaber.com.tr\/index.php\/wp-json\/wp\/v2\/tags?post=22421"}],"curies":[{"name":"wp","href":"https:\/\/api.w.org\/{rel}","templated":true}]}}