{"id":22407,"date":"2024-04-12T13:05:38","date_gmt":"2024-04-12T10:05:38","guid":{"rendered":"https:\/\/akdenizhaber.com.tr\/?p=22407"},"modified":"2024-04-12T13:05:39","modified_gmt":"2024-04-12T10:05:39","slug":"vali-sahinden-bayram-ziyaretleri","status":"publish","type":"post","link":"https:\/\/akdenizhaber.com.tr\/index.php\/2024\/04\/12\/vali-sahinden-bayram-ziyaretleri\/","title":{"rendered":"Vali \u015eahin&#8217;den Bayram Ziyaretleri"},"content":{"rendered":"\n<p><br>Vali Hulusi \u015eahin Akdeniz \u00dcniversitesi Camii&#8217;nde k\u0131l\u0131nan bayram namaz\u0131n\u0131n ard\u0131ndan Antalyal\u0131larla bayramla\u015ft\u0131. Huzurevindeki ya\u015fl\u0131lar\u0131, \u015eehir Hastanesindeki hastalar\u0131, \u015fehit ailelerini, yol kontrol noktas\u0131nda g\u00f6revli jandarma ve emniyet personelini ziyaret eden Vali \u015eahin Ramazan Bayram\u0131n\u0131n milletimiz ve t\u00fcm \u0130slam alemi i\u00e7in sa\u011fl\u0131k, huzur ve mutluluk i\u00e7erisinde ge\u00e7mesini diledi.<br>Antalya Valisi Hulusi \u015eahin, Antalya Milletvekilleri Hilmi Durgun ve \u0130brahim Ethem Ta\u015f, Antalya B\u00fcy\u00fck\u015fehir Belediye Ba\u015fkan\u0131 Muhittin B\u00f6cek, Vali Yard\u0131mc\u0131lar\u0131, Kaymakamlar ve kurum m\u00fcd\u00fcrleri ile beraber Akdeniz \u00dcniversitesi Camiinde k\u0131l\u0131nan Bayram namaz\u0131n\u0131n ard\u0131ndan Antalyal\u0131lar ile bayramla\u015ft\u0131.<br>\u0130ki Ku\u015fak Bir \u00c7at\u0131 Alt\u0131nda Bulu\u015ftu<br>Ramazan Bayram\u0131 vesilesiyle ziyaretlerde bulunan Vali \u015eahin, e\u015fi Ebru \u015eahin ile birlikte Antalya Huzurevi Ya\u015fl\u0131 Bak\u0131m ve Rehabilitasyon Merkezindeki ya\u015fl\u0131lar\u0131 ziyaret etti. Ebru \u015eahin&#8217;in himayesinde \u0130l Milli E\u011fitim M\u00fcd\u00fcrl\u00fc\u011f\u00fc Ar-Ge birimi koordinesinde y\u00fcr\u00fct\u00fclen &#8216;\u0130ki Ku\u015fak Bir \u00c7at\u0131 Alt\u0131nda&#8217; Projesi kapsam\u0131nda Sabiha G\u00f6k\u00e7en Anaokulu \u00f6\u011frencileri de ziyarete e\u015flik ederek ya\u015fl\u0131lar\u0131n bayram\u0131n\u0131 kutlad\u0131.<br>Huzurevinde Malatya&#8217;dan ve Hatay&#8217;dan gelen depremzede ya\u015fl\u0131lar\u0131n da ayr\u0131ca bayram\u0131n\u0131 kutlayan Vali \u015eahin &#8220;\u0130ki Ku\u015fak Bir \u00c7at\u0131 Alt\u0131nda&#8221; Projesinin \u00e7ok \u00f6zg\u00fcn ve \u00e7ok \u00f6zel bir proje. B\u00f6ylece siz de\u011ferli b\u00fcy\u00fcklerimiz torun sevgisini gidermi\u015f oluyorsunuz. G\u00fczel \u00e7ocuklar\u0131m\u0131z da sizlerle beraber zaman ge\u00e7irme f\u0131rsat\u0131 buluyorlar. Bu projeyi destekledikleri i\u00e7in Anaokulumuzun \u00f6\u011fretmenlerine ve velilerimize \u00e7ok te\u015fekk\u00fcr ediyorum. Ayr\u0131ca &#8216;K\u00f6yde Bir Karde\u015fim Var Projesi&#8217; ile Antalya&#8217;m\u0131zdaki birle\u015ftirilmi\u015f s\u0131n\u0131f\u0131 olan okullar\u0131m\u0131z\u0131 tek tek ziyaret eden ve o anlaml\u0131 projenin ard\u0131ndan bu g\u00fczel projeye imza atan Milli E\u011fitim M\u00fcd\u00fcrl\u00fc\u011f\u00fcm\u00fcz\u00fcn Ar-Ge birimindeki t\u00fcm personelimizin, okullar\u0131m\u0131z\u0131n, \u00e7al\u0131\u015fanlar\u0131m\u0131z\u0131n eline sa\u011fl\u0131k.&#8221; dedi.<br>\u015eehit Aileleri En K\u0131ymetli Emanetimiz<br>Huzurevinin ard\u0131ndan s\u0131ras\u0131yla \u015eehit Piyade Y\u00fczba\u015f\u0131 Bar\u0131\u015f \u0130brahim Yurtseven, \u015eehit Hem\u015fire Canan Akku\u015f, \u015eehit Jandarma \u00c7avu\u015f \u015e\u00fckr\u00fc Onay&#8217;\u0131n ailelerini ziyaret eden Vali \u015eahin, \u015fehit ailelerimizin bayram\u0131n\u0131 kutlad\u0131. &nbsp;\u015eehit ailelerinin T\u00fcrkiye Cumhuriyeti devleti ve T\u00fcrk halk\u0131n\u0131n en k\u0131ymetli emaneti oldu\u011funa vurgu yaparak, devletin t\u00fcm birimleriyle her zaman \u015fehit ailelerinin yanlar\u0131nda olaca\u011f\u0131n\u0131 ifade etti.<br>Bayram \u00c7ocuklarla G\u00fczel<br>Bayram vesilesiyle \u015eehir Hastanesindeki \u00e7ocuklar\u0131 da ziyaret eden Vali \u015eahin, hasta \u00e7ocuklar\u0131n sa\u011fl\u0131k durumu hakk\u0131nda doktorlardan ve ailelerinden bilgi ald\u0131. \u00c7ocuklara acil \u015fifalar dileyerek bayram hediyesi takdim etti.<br>G\u00fcvenlik G\u00fc\u00e7lerinin Bayram\u0131n\u0131 Kutlad\u0131<br>Son olarak D\u00f6\u015femealt\u0131 ve Aksu Polis-Jandarma Yol Kontrol Noktalar\u0131n\u0131 ziyaret eden Vali \u015eahin, telsiz marifetiyle bayramda g\u00f6revi ba\u015f\u0131nda olan polis ve jandarma personelinin bayram\u0131n\u0131 kutlad\u0131.<br>Suriye G\u00f6rev G\u00fcc\u00fc kapsam\u0131nda s\u0131n\u0131r \u00f6tesinde g\u00f6revli Konyaalt\u0131 Komando B\u00f6l\u00fc\u011f\u00fc askerleriyle de g\u00f6r\u00fcnt\u00fcl\u00fc g\u00f6r\u00fc\u015fme ger\u00e7ekle\u015ftiren Vali \u015eahin, &nbsp;yurti\u00e7inde ve yurtd\u0131\u015f\u0131nda zalime yavuz, mazluma yunus olan, \u015fanl\u0131 T\u00fcrk bayra\u011f\u0131m\u0131z\u0131n gururla dalgalanmas\u0131 i\u00e7in can\u0131n\u0131 hi\u00e7e sayarak g\u00f6revini en g\u00fczel \u015fekilde ifa eden t\u00fcm g\u00fcvenlik g\u00fc\u00e7lerimize g\u00f6revlerinde kolayl\u0131klar diledi.<br>Bayram\u0131 Kendimize ve Sevdiklerimize Zehir Etmeyelim<br>D\u00f6\u015femealt\u0131 Polis- Jandarma Yol Kontrol Noktas\u0131nda Bas\u0131n mensuplar\u0131na a\u00e7\u0131klamalarda bulunan Vali \u015eahin &#8220;Ramazan Bayram\u0131 s\u00fcresince a\u011f\u0131rl\u0131kla yerli misafirlerimizi \u015fehrimizde a\u011f\u0131rl\u0131yoruz. Alm\u0131\u015f oldu\u011fumuz tedbirler sayesinde b\u00fcy\u00fck \u00e7apl\u0131 \u00f6l\u00fcml\u00fc kazalar ge\u00e7en y\u0131llara oranla olduk\u00e7a d\u00fc\u015f\u00fck seyretti. \u00d6zellikle \u0130\u00e7i\u015fleri Bakanl\u0131\u011f\u0131m\u0131z\u0131n inisiyatifi do\u011frultusunda emniyet kemeri ve h\u0131z kontrollerine a\u011f\u0131rl\u0131k veriyoruz. Vatanda\u015flar\u0131m\u0131za hay\u0131rl\u0131 bayramlar diliyorum. Bayram sonunda d\u00f6n\u00fc\u015f yolculu\u011funa ge\u00e7ecek misafirlerimize seslenmek istiyorum. L\u00fctfen h\u0131z s\u0131n\u0131rlar\u0131na uyal\u0131m. Emniyet kemerlerimizi takal\u0131m. Bayram tatilini kendimize ve sevenlerimize zehir etmeyelim&#8221; dedi.<\/p>\n\n\n\n<p>Antalya Valili\u011fi \/ B\u00fclten<\/p>\n","protected":false},"excerpt":{"rendered":"<p>Vali Hulusi \u015eahin Akdeniz \u00dcniversitesi Camii&#8217;nde k\u0131l\u0131nan bayram namaz\u0131n\u0131n ard\u0131ndan Antalyal\u0131larla bayramla\u015ft\u0131. Huzurevindeki ya\u015fl\u0131lar\u0131, \u015eehir Hastanesindeki hastalar\u0131, \u015fehit ailelerini, yol kontrol noktas\u0131nda g\u00f6revli jandarma ve <a href=\"https:\/\/akdenizhaber.com.tr\/index.php\/2024\/04\/12\/vali-sahinden-bayram-ziyaretleri\/\" class=\"read-more-link\">[more&#8230;]<\/a><\/p>\n","protected":false},"author":2,"featured_media":22408,"comment_status":"open","ping_status":"open","sticky":false,"template":"","format":"standard","meta":{"footnotes":""},"categories":[2],"tags":[],"class_list":["post-22407","post","type-post","status-publish","format-standard","has-post-thumbnail","hentry","category-gundem"],"_links":{"self":[{"href":"https:\/\/akdenizhaber.com.tr\/index.php\/wp-json\/wp\/v2\/posts\/22407","targetHints":{"allow":["GET"]}}],"collection":[{"href":"https:\/\/akdenizhaber.com.tr\/index.php\/wp-json\/wp\/v2\/posts"}],"about":[{"href":"https:\/\/akdenizhaber.com.tr\/index.php\/wp-json\/wp\/v2\/types\/post"}],"author":[{"embeddable":true,"href":"https:\/\/akdenizhaber.com.tr\/index.php\/wp-json\/wp\/v2\/users\/2"}],"replies":[{"embeddable":true,"href":"https:\/\/akdenizhaber.com.tr\/index.php\/wp-json\/wp\/v2\/comments?post=22407"}],"version-history":[{"count":1,"href":"https:\/\/akdenizhaber.com.tr\/index.php\/wp-json\/wp\/v2\/posts\/22407\/revisions"}],"predecessor-version":[{"id":22409,"href":"https:\/\/akdenizhaber.com.tr\/index.php\/wp-json\/wp\/v2\/posts\/22407\/revisions\/22409"}],"wp:featuredmedia":[{"embeddable":true,"href":"https:\/\/akdenizhaber.com.tr\/index.php\/wp-json\/wp\/v2\/media\/22408"}],"wp:attachment":[{"href":"https:\/\/akdenizhaber.com.tr\/index.php\/wp-json\/wp\/v2\/media?parent=22407"}],"wp:term":[{"taxonomy":"category","embeddable":true,"href":"https:\/\/akdenizhaber.com.tr\/index.php\/wp-json\/wp\/v2\/categories?post=22407"},{"taxonomy":"post_tag","embeddable":true,"href":"https:\/\/akdenizhaber.com.tr\/index.php\/wp-json\/wp\/v2\/tags?post=22407"}],"curies":[{"name":"wp","href":"https:\/\/api.w.org\/{rel}","templated":true}]}}