{"id":22397,"date":"2024-04-12T13:03:00","date_gmt":"2024-04-12T10:03:00","guid":{"rendered":"https:\/\/akdenizhaber.com.tr\/?p=22397"},"modified":"2024-04-12T13:03:01","modified_gmt":"2024-04-12T10:03:01","slug":"palandoken-prim-gununu-dolduranlar-sagliktan-yararlansin","status":"publish","type":"post","link":"https:\/\/akdenizhaber.com.tr\/index.php\/2024\/04\/12\/palandoken-prim-gununu-dolduranlar-sagliktan-yararlansin\/","title":{"rendered":"Paland\u00f6ken, \u201cPrim G\u00fcn\u00fcn\u00fc Dolduranlar Sa\u011fl\u0131ktan Yararlans\u0131n\u201d"},"content":{"rendered":"\n<p>Prim g\u00fcn say\u0131s\u0131n\u0131 dolduran esnaf ve&nbsp;sanatk\u00e2rlar\u0131n emeklilik ya\u015f\u0131n\u0131 beklerken sa\u011fl\u0131k hizmetlerinden faydalanabilmesi gerekti\u011fini belirten&nbsp;TESK Genel Ba\u015fkan\u0131 Bendevi Paland\u00f6ken,&nbsp;\u201cArt\u0131k yerel se\u00e7imler sona erdi. Esnaf ve sanatk\u00e2r\u0131n en \u00f6nemli sorunlar\u0131ndan biri prim g\u00fcn say\u0131s\u0131ndaki e\u015fitsizlikten kaynakl\u0131. Sn. Cumhurba\u015fkan\u0131m\u0131z taraf\u0131ndan esnaf\u0131m\u0131z\u0131n prim g\u00fcn say\u0131s\u0131n\u0131n 7 bin 200\u2019e d\u00fc\u015f\u00fcr\u00fclece\u011fi m\u00fcjdesi camiam\u0131zda b\u00fcy\u00fck bir sevin\u00e7le kar\u015f\u0131lanm\u0131\u015ft\u0131 ancak hen\u00fcz hayata ge\u00e7irilmedi. Bu m\u00fcjde bir an evvel hayata ge\u00e7irilerek esnaf\u0131m\u0131z\u0131n prim g\u00fcn\u00fc 7 bin 200\u2019e sabitlenmeli. Prim g\u00fcn\u00fcn\u00fc dolduran esnaf\u0131m\u0131z ise emeklilik ya\u015f\u0131n\u0131 beklerken sa\u011fl\u0131k hizmetlerinden kesintisiz faydalanabilmeli\u201d&nbsp;dedi.<\/p>\n\n\n\n<p>-\u201cVER\u0130LEN M\u00dcJDEN\u0130N HAYATA GE\u00c7\u0130R\u0130LMES\u0130 \u0130\u00c7\u0130N GE\u00c7 KALINMAMALI\u201d<\/p>\n\n\n\n<p>Bayramdan sonraki s\u00fcre\u00e7te esnaf ve sanatkarlar\u0131n sorunlar\u0131n\u0131n yeniden masaya yat\u0131r\u0131lmas\u0131 gerekti\u011finin alt\u0131n\u0131 \u00e7izen T\u00fcrkiye Esnaf ve Sanatkarlar\u0131 Konfederasyonu (TESK) Genel Ba\u015fkan\u0131 Bendevi Paland\u00f6ken,&nbsp;\u201cBa\u011f-kurlu \u00e7al\u0131\u015fanlar\u0131n hizmet s\u00fcresi \u00e7ok uzun. Sabah 6\u2019da d\u00fckk\u00e2n\u0131 a\u00e7ar, gece 12\u2019ye kadar \u00e7al\u0131\u015f\u0131r. Yanlar\u0131nda \u00e7al\u0131\u015fan ise 8 saatle s\u0131n\u0131rl\u0131. Ancak Ba\u011f-kurlu esnaf\u0131m\u0131z 9 bin g\u00fcnde emekli olurken SSK\u2019l\u0131 \u00e7al\u0131\u015fanlar 7 bin 200 g\u00fcnde emekli oluyor.&nbsp;Arada 1800 prim g\u00fcn\u00fc, yani yakla\u015f\u0131k 5 y\u0131ll\u0131k fark var. Emeklilik s\u00fcrelerinde SSK ve Ba\u011f-kur ayr\u0131m\u0131 yap\u0131lmas\u0131 Anayasa\u2019n\u0131n e\u015fitlik ilkesine ayk\u0131r\u0131d\u0131r. Anayasam\u0131zda \u2018devlet esnaf ve sanatkar\u0131 koruyucu ve destekleyici tedbirler al\u0131r\u2019 denmesine ra\u011fmen, esnaf\u0131m\u0131z uzun prim g\u00fcn say\u0131s\u0131 ile ma\u011fdur oluyor. SSK ile \u00e7al\u0131\u015fanlar ay sonu geldi\u011finde maa\u015f\u0131n\u0131 al\u0131rken esnaf ticari faaliyetle u\u011fra\u015ft\u0131\u011f\u0131 i\u00e7in zarar etme riski var. Ma\u011fduriyetin \u00f6nlenmesi i\u00e7in&nbsp;Sosyal G\u00fcvenlikteki norm birli\u011fi yani prim g\u00fcn\u00fc e\u015fitleme m\u00fcjdesi ge\u00e7 kal\u0131nmadan hayata ge\u00e7irilmeli\u201d&nbsp;\u015feklinde konu\u015ftu.<\/p>\n\n\n\n<p>-\u201cBA\u011e-KUR PR\u0130MLER\u0130NDE DESTEK VE \u00d6DEME KOLAYLI\u011eI OLMALI\u201d<\/p>\n\n\n\n<p>\u00d6te yandan sigorta primleri \u00e7ok y\u00fcksek oldu\u011fu i\u00e7in d\u00fczenli prim \u00f6deyenlere verilen te\u015fvikin art\u0131r\u0131lmas\u0131n\u0131 talep eden Paland\u00f6ken,&nbsp;&nbsp;\u201cEnflasyon y\u00fckseldik\u00e7e, vatanda\u015f\u0131n s\u0131k\u0131nt\u0131lar\u0131 artt\u0131k\u00e7a bu da dolay\u0131s\u0131yla esnafa yans\u0131yor ve esnaf satt\u0131\u011f\u0131 mal\u0131n yerine yenisini koyam\u0131yor. Kiralar, faturalar, akaryak\u0131t, hammadde, yan\u0131ndaki sigortal\u0131 \u00e7al\u0131\u015fan derken esnaf\u0131m\u0131z\u0131n maliyeti \u00e7ok artt\u0131. Bunlara ilave bir de y\u00fcksek primler y\u00fck oluyor. Bu kapsamda d\u00fczenli prim \u00f6deme te\u015fvik oran\u0131n\u0131n y\u00fczde 5\u2019ten y\u00fczde 10\u2019a \u00e7\u0131kar\u0131lmas\u0131 bile esnaf\u0131m\u0131z\u0131 rahatlat\u0131r. Bayramdan sonraki s\u00fcre\u00e7te esnaf\u0131m\u0131z\u0131n prim g\u00fcn\u00fc ma\u011fduriyeti, haks\u0131z rekabet ve perakende yasas\u0131 ile birlikte sosyal g\u00fcvenlik yasas\u0131n\u0131n tekrar masaya yat\u0131r\u0131lmas\u0131 laz\u0131m. Hem hakkaniyetle i\u015f yapan esnaf\u0131n hayat\u0131n\u0131 idame ettirebilmesi hem de yeni nesil esnaflar\u0131n piyasaya akt\u00f6r olarak \u00e7\u0131kabilmeleri i\u00e7in bu s\u00f6zlerin tutulmas\u0131n\u0131 bekliyoruz\u201d&nbsp;diye konu\u015ftu.<\/p>\n\n\n\n<p>T\u00fcrkiye Esnaf ve Sanatkarlar\u0131 Konfederasyonu \/ B\u00fclten<\/p>\n","protected":false},"excerpt":{"rendered":"<p>Prim g\u00fcn say\u0131s\u0131n\u0131 dolduran esnaf ve&nbsp;sanatk\u00e2rlar\u0131n emeklilik ya\u015f\u0131n\u0131 beklerken sa\u011fl\u0131k hizmetlerinden faydalanabilmesi gerekti\u011fini belirten&nbsp;TESK Genel Ba\u015fkan\u0131 Bendevi Paland\u00f6ken,&nbsp;\u201cArt\u0131k yerel se\u00e7imler sona erdi. Esnaf ve sanatk\u00e2r\u0131n <a href=\"https:\/\/akdenizhaber.com.tr\/index.php\/2024\/04\/12\/palandoken-prim-gununu-dolduranlar-sagliktan-yararlansin\/\" class=\"read-more-link\">[more&#8230;]<\/a><\/p>\n","protected":false},"author":2,"featured_media":22398,"comment_status":"open","ping_status":"open","sticky":false,"template":"","format":"standard","meta":{"footnotes":""},"categories":[2],"tags":[],"class_list":["post-22397","post","type-post","status-publish","format-standard","has-post-thumbnail","hentry","category-gundem"],"_links":{"self":[{"href":"https:\/\/akdenizhaber.com.tr\/index.php\/wp-json\/wp\/v2\/posts\/22397","targetHints":{"allow":["GET"]}}],"collection":[{"href":"https:\/\/akdenizhaber.com.tr\/index.php\/wp-json\/wp\/v2\/posts"}],"about":[{"href":"https:\/\/akdenizhaber.com.tr\/index.php\/wp-json\/wp\/v2\/types\/post"}],"author":[{"embeddable":true,"href":"https:\/\/akdenizhaber.com.tr\/index.php\/wp-json\/wp\/v2\/users\/2"}],"replies":[{"embeddable":true,"href":"https:\/\/akdenizhaber.com.tr\/index.php\/wp-json\/wp\/v2\/comments?post=22397"}],"version-history":[{"count":1,"href":"https:\/\/akdenizhaber.com.tr\/index.php\/wp-json\/wp\/v2\/posts\/22397\/revisions"}],"predecessor-version":[{"id":22399,"href":"https:\/\/akdenizhaber.com.tr\/index.php\/wp-json\/wp\/v2\/posts\/22397\/revisions\/22399"}],"wp:featuredmedia":[{"embeddable":true,"href":"https:\/\/akdenizhaber.com.tr\/index.php\/wp-json\/wp\/v2\/media\/22398"}],"wp:attachment":[{"href":"https:\/\/akdenizhaber.com.tr\/index.php\/wp-json\/wp\/v2\/media?parent=22397"}],"wp:term":[{"taxonomy":"category","embeddable":true,"href":"https:\/\/akdenizhaber.com.tr\/index.php\/wp-json\/wp\/v2\/categories?post=22397"},{"taxonomy":"post_tag","embeddable":true,"href":"https:\/\/akdenizhaber.com.tr\/index.php\/wp-json\/wp\/v2\/tags?post=22397"}],"curies":[{"name":"wp","href":"https:\/\/api.w.org\/{rel}","templated":true}]}}