{"id":22394,"date":"2024-04-12T13:02:37","date_gmt":"2024-04-12T10:02:37","guid":{"rendered":"https:\/\/akdenizhaber.com.tr\/?p=22394"},"modified":"2024-04-12T13:02:37","modified_gmt":"2024-04-12T10:02:37","slug":"baskan-kotan-esnafla-bayramlasti","status":"publish","type":"post","link":"https:\/\/akdenizhaber.com.tr\/index.php\/2024\/04\/12\/baskan-kotan-esnafla-bayramlasti\/","title":{"rendered":"Ba\u015fkan Kotan esnafla bayramla\u015ft\u0131"},"content":{"rendered":"\n<p>Konyaalt\u0131 Belediye Ba\u015fkan\u0131 Cem Kotan, il\u00e7ede bulunan esnaf\u0131 ziyaret ederek Ramazan Bayramlar\u0131n\u0131 kutlad\u0131. G\u00f6revi s\u00fcresince esnaf\u0131 her zaman ziyaret edece\u011fini s\u00f6yleyen Ba\u015fkan Kotan, yerel se\u00e7imlerde kendisine destek veren esnafa da te\u015fekk\u00fcr etti<\/p>\n\n\n\n<p>Konyaalt\u0131 Belediye Ba\u015fkan\u0131 se\u00e7ilmesinin ard\u0131ndan \u00e7al\u0131\u015fmalara h\u0131zla ba\u015flayan Ba\u015fkan Cem Kotan,&nbsp; Konyaalt\u0131 il\u00e7esinde esnafl\u0131k yapan vatanda\u015flar\u0131 ziyaret etti. Ba\u015fkan Kotan&#8217;\u0131 Konyaalt\u0131 il\u00e7esi esnaf\u0131 b\u00fcy\u00fck ilgiyle kar\u015f\u0131lad\u0131.<br><br>ESNAFIN YANINDA OLACA\u011eIM<br><br>Esnaf\u0131n sorunlar\u0131n\u0131 bildi\u011fini ve her zaman esnaf\u0131n yan\u0131nda olaca\u011f\u0131n\u0131 dile getiren Ba\u015fkan Kotan, kendisine yerel se\u00e7imlerde destek veren esnafa da te\u015fekk\u00fcr etti. Kotan, \u201cKonyaalt\u0131 il\u00e7emizde bulunan esnaf\u0131m\u0131z\u0131n sorunlar\u0131n\u0131 biliyorum. G\u00f6revim s\u00fcresince her zaman sizleri ziyaret edece\u011fim. S\u0131k\u0131nt\u0131lar\u0131n\u0131za Konyaalt\u0131 Belediyesi Ba\u015fkan\u0131 olarak derman olaca\u011f\u0131m. \u015eimdiden sizlerin Ramazan Bayram\u0131&#8217;n\u0131 kutluyorum&#8221; dedi.<\/p>\n\n\n\n<p>Konyaalt\u0131 Belediyesi \/ B\u00fclten<\/p>\n","protected":false},"excerpt":{"rendered":"<p>Konyaalt\u0131 Belediye Ba\u015fkan\u0131 Cem Kotan, il\u00e7ede bulunan esnaf\u0131 ziyaret ederek Ramazan Bayramlar\u0131n\u0131 kutlad\u0131. G\u00f6revi s\u00fcresince esnaf\u0131 her zaman ziyaret edece\u011fini s\u00f6yleyen Ba\u015fkan Kotan, yerel se\u00e7imlerde <a href=\"https:\/\/akdenizhaber.com.tr\/index.php\/2024\/04\/12\/baskan-kotan-esnafla-bayramlasti\/\" class=\"read-more-link\">[more&#8230;]<\/a><\/p>\n","protected":false},"author":2,"featured_media":22395,"comment_status":"open","ping_status":"open","sticky":false,"template":"","format":"standard","meta":{"footnotes":""},"categories":[2],"tags":[],"class_list":["post-22394","post","type-post","status-publish","format-standard","has-post-thumbnail","hentry","category-gundem"],"_links":{"self":[{"href":"https:\/\/akdenizhaber.com.tr\/index.php\/wp-json\/wp\/v2\/posts\/22394","targetHints":{"allow":["GET"]}}],"collection":[{"href":"https:\/\/akdenizhaber.com.tr\/index.php\/wp-json\/wp\/v2\/posts"}],"about":[{"href":"https:\/\/akdenizhaber.com.tr\/index.php\/wp-json\/wp\/v2\/types\/post"}],"author":[{"embeddable":true,"href":"https:\/\/akdenizhaber.com.tr\/index.php\/wp-json\/wp\/v2\/users\/2"}],"replies":[{"embeddable":true,"href":"https:\/\/akdenizhaber.com.tr\/index.php\/wp-json\/wp\/v2\/comments?post=22394"}],"version-history":[{"count":1,"href":"https:\/\/akdenizhaber.com.tr\/index.php\/wp-json\/wp\/v2\/posts\/22394\/revisions"}],"predecessor-version":[{"id":22396,"href":"https:\/\/akdenizhaber.com.tr\/index.php\/wp-json\/wp\/v2\/posts\/22394\/revisions\/22396"}],"wp:featuredmedia":[{"embeddable":true,"href":"https:\/\/akdenizhaber.com.tr\/index.php\/wp-json\/wp\/v2\/media\/22395"}],"wp:attachment":[{"href":"https:\/\/akdenizhaber.com.tr\/index.php\/wp-json\/wp\/v2\/media?parent=22394"}],"wp:term":[{"taxonomy":"category","embeddable":true,"href":"https:\/\/akdenizhaber.com.tr\/index.php\/wp-json\/wp\/v2\/categories?post=22394"},{"taxonomy":"post_tag","embeddable":true,"href":"https:\/\/akdenizhaber.com.tr\/index.php\/wp-json\/wp\/v2\/tags?post=22394"}],"curies":[{"name":"wp","href":"https:\/\/api.w.org\/{rel}","templated":true}]}}