{"id":22379,"date":"2024-04-12T12:56:07","date_gmt":"2024-04-12T09:56:07","guid":{"rendered":"https:\/\/akdenizhaber.com.tr\/?p=22379"},"modified":"2024-04-12T12:56:07","modified_gmt":"2024-04-12T09:56:07","slug":"cocuk-gozuyle-polis-temali-resim-yarismasinda-derece-alan-ogrencilere-odulleri-torenle-verildi","status":"publish","type":"post","link":"https:\/\/akdenizhaber.com.tr\/index.php\/2024\/04\/12\/cocuk-gozuyle-polis-temali-resim-yarismasinda-derece-alan-ogrencilere-odulleri-torenle-verildi\/","title":{"rendered":"\u201c\u00c7ocuk G\u00f6z\u00fcyle Polis\u201d Temal\u0131 Resim Yar\u0131\u015fmas\u0131nda Derece Alan \u00d6\u011frencilere \u00d6d\u00fclleri T\u00f6renle Verildi\u00a0"},"content":{"rendered":"\n<p><br><\/p>\n\n\n\n<p>Te\u015fkilat\u0131n 179. Kurulu\u015f Y\u0131l d\u00f6n\u00fcm\u00fc 10 Nisan Polis Haftas\u0131 kutlama etkinlikleri kapsam\u0131nda, il genelinde \u0130lkokullar aras\u0131nda d\u00fczenlenen \u201c\u00c7ocuk G\u00f6z\u00fcyle Polis\u201d temal\u0131 resim yar\u0131\u015fmas\u0131nda derece alan \u00f6\u011frenciler i\u00e7in Emniyet M\u00fcd\u00fcrl\u00fc\u011f\u00fc hizmet binas\u0131nda \u0130l Emniyet M\u00fcd\u00fcr\u00fc Orhan \u00c7EV\u0130K, personel, derece alan \u00f6\u011frenciler ve ailelerinin kat\u0131l\u0131m\u0131 ile \u00d6d\u00fcl T\u00f6reni d\u00fczenlendi.<\/p>\n\n\n\n<p>Yar\u0131\u015fmaya kat\u0131lan, t\u00fcm eserlerin sahipleri minik ressamlara te\u015fekk\u00fcr eden \u0130l Emniyet M\u00fcd\u00fcr\u00fc Orhan \u00c7EV\u0130K ; &#8220;Sizlerin ba\u015far\u0131lar\u0131n\u0131 g\u00f6rmek bizleri daima gururland\u0131rmaktad\u0131r. Gelece\u011fimiz olan \u00e7ocuklar\u0131m\u0131z\u0131n bu ba\u015far\u0131lar\u0131, yeni ba\u015far\u0131lar\u0131na a\u00e7\u0131lan bir kap\u0131 olacakt\u0131r, buna g\u00f6n\u00fclden inan\u0131yorum. Hepinizi; bilim, sanat ve spor dallar\u0131nda \u00e7ok iyi yerlerde g\u00f6rmek istiyorum &#8221; diyerek duygular\u0131n\u0131 ifade eden \u0130l Emniyet M\u00fcd\u00fcr\u00fc Orhan \u00c7EV\u0130K t\u00fcm kat\u0131l\u0131mc\u0131lara ba\u015far\u0131lar\u0131n\u0131n devam\u0131n\u0131 diledi.<\/p>\n\n\n\n<p>\u0130l Emniyet M\u00fcd\u00fcr\u00fc Orhan \u00c7EV\u0130K derece alan minik ressamlara,<br>1. S\u0131n\u0131flar kategorisinde;<br>Birinci olan Aksu \u0130lkokulu \u00f6\u011frencisi Miray EK\u0130NC\u0130\u2019ye<br>\u0130kinci olan Aksu \u0130lkokulu \u00f6\u011frencisi Ayfer Aden \u0130MAR\u2019a<br>\u00dc\u00e7\u00fcnc\u00fc olan \u00d6zel G\u00fcrsu Alt\u0131nyaka &nbsp;\u0130lkokulu \u00f6\u011frencisi Derya Mira TATLICAN\u2019a<br>Mansiyon \u00d6d\u00fcl\u00fc alan Aksu \u0130lkokulu \u00f6\u011frencisi \u0130brahim Efe K\u00d6SEO\u011eLU\u2019na&nbsp;<\/p>\n\n\n\n<p>2. S\u0131n\u0131flar kategorisinde:<br>Birinci olan Atat\u00fcrk \u0130lkokulu \u00f6\u011frencisi Zeynep Ravza EREN\u2019e<br>\u0130kinci olan K\u00fc\u00e7\u00fck Hasan \u0130lkokulu \u00f6\u011frencisi Azra Ceylin \u0130B\u0130\u015e\u2019e<br>\u00dc\u00e7\u00fcnc\u00fc olan Ahmet Yesevi \u0130lkokulu \u00f6\u011frencisi \u015eenol Asaf KARA\u2019ya<br>Mansiyon \u00d6d\u00fcl\u00fc alan Ak\u00e7aalan \u0130lkokulu \u00f6\u011frencisi Elif Duru TEMUR\u2019a<\/p>\n\n\n\n<p>3. s\u0131n\u0131flar kategorisinde;&nbsp;<br>Birinci olan Y\u00fczba\u015f\u0131 Mustafa Ertu\u011frul \u0130lkokulu \u00f6\u011frencisi Eyl\u00fcl Beyza \u015eEKER\u2019e<br>\u0130kinci olan Emel Sevgi Taner \u0130lkokulu \u00f6\u011frencisi \u00c7a\u011f\u0131n ALKAN\u2019a<br>\u00dc\u00e7\u00fcnc\u00fc olan Ramazan Tun\u00e7 \u0130lkokulu \u00f6\u011frencisi G\u00fcney Deniz G\u00d6K\u2019e<br>Mansiyon \u00d6d\u00fcl\u00fc alan Sebahat \u00c7\u0131nar \u0130lkokulu \u00f6\u011frencisi Ilg\u0131n Yade \u00c7ET\u0130N\u2019e<\/p>\n\n\n\n<p>4. s\u0131n\u0131flar kategorisinde;<br>Birinci olan Ba\u015far\u0131 Koleji \u0130lkokulu \u00f6\u011frencisi Zeynep Deniz ERASLAN\u2019a<br>\u0130kinci olan Konyaalt\u0131 \u0130lkokulu \u00f6\u011frencisi Miray KO\u015eAY\u2019a<br>\u00dc\u00e7\u00fcnc\u00fc olan Gedik \u0130lkokulu \u00f6\u011frencisi Ceylin \u00c7IKLA\u2019ya<br>Mansiyon \u00d6d\u00fcl\u00fc alan K\u00fclt\u00fcr \u0130lkokulu \u00f6\u011frencisi Fatma Azra KAYA\u2019ya \u00f6d\u00fcllerini verdi.<\/p>\n\n\n\n<p>Antalya il emniyet m\u00fcd\u00fcrl\u00fc\u011f\u00fc \/ B\u00fclten<\/p>\n","protected":false},"excerpt":{"rendered":"<p>Te\u015fkilat\u0131n 179. Kurulu\u015f Y\u0131l d\u00f6n\u00fcm\u00fc 10 Nisan Polis Haftas\u0131 kutlama etkinlikleri kapsam\u0131nda, il genelinde \u0130lkokullar aras\u0131nda d\u00fczenlenen \u201c\u00c7ocuk G\u00f6z\u00fcyle Polis\u201d temal\u0131 resim yar\u0131\u015fmas\u0131nda derece alan <a href=\"https:\/\/akdenizhaber.com.tr\/index.php\/2024\/04\/12\/cocuk-gozuyle-polis-temali-resim-yarismasinda-derece-alan-ogrencilere-odulleri-torenle-verildi\/\" class=\"read-more-link\">[more&#8230;]<\/a><\/p>\n","protected":false},"author":2,"featured_media":22380,"comment_status":"open","ping_status":"open","sticky":false,"template":"","format":"standard","meta":{"footnotes":""},"categories":[2],"tags":[],"class_list":["post-22379","post","type-post","status-publish","format-standard","has-post-thumbnail","hentry","category-gundem"],"_links":{"self":[{"href":"https:\/\/akdenizhaber.com.tr\/index.php\/wp-json\/wp\/v2\/posts\/22379","targetHints":{"allow":["GET"]}}],"collection":[{"href":"https:\/\/akdenizhaber.com.tr\/index.php\/wp-json\/wp\/v2\/posts"}],"about":[{"href":"https:\/\/akdenizhaber.com.tr\/index.php\/wp-json\/wp\/v2\/types\/post"}],"author":[{"embeddable":true,"href":"https:\/\/akdenizhaber.com.tr\/index.php\/wp-json\/wp\/v2\/users\/2"}],"replies":[{"embeddable":true,"href":"https:\/\/akdenizhaber.com.tr\/index.php\/wp-json\/wp\/v2\/comments?post=22379"}],"version-history":[{"count":1,"href":"https:\/\/akdenizhaber.com.tr\/index.php\/wp-json\/wp\/v2\/posts\/22379\/revisions"}],"predecessor-version":[{"id":22381,"href":"https:\/\/akdenizhaber.com.tr\/index.php\/wp-json\/wp\/v2\/posts\/22379\/revisions\/22381"}],"wp:featuredmedia":[{"embeddable":true,"href":"https:\/\/akdenizhaber.com.tr\/index.php\/wp-json\/wp\/v2\/media\/22380"}],"wp:attachment":[{"href":"https:\/\/akdenizhaber.com.tr\/index.php\/wp-json\/wp\/v2\/media?parent=22379"}],"wp:term":[{"taxonomy":"category","embeddable":true,"href":"https:\/\/akdenizhaber.com.tr\/index.php\/wp-json\/wp\/v2\/categories?post=22379"},{"taxonomy":"post_tag","embeddable":true,"href":"https:\/\/akdenizhaber.com.tr\/index.php\/wp-json\/wp\/v2\/tags?post=22379"}],"curies":[{"name":"wp","href":"https:\/\/api.w.org\/{rel}","templated":true}]}}