{"id":22352,"date":"2024-04-08T11:53:31","date_gmt":"2024-04-08T08:53:31","guid":{"rendered":"https:\/\/akdenizhaber.com.tr\/?p=22352"},"modified":"2024-04-08T11:53:32","modified_gmt":"2024-04-08T08:53:32","slug":"atso-baskani-ali-bahardan-ramazan-bayrami-mesaji","status":"publish","type":"post","link":"https:\/\/akdenizhaber.com.tr\/index.php\/2024\/04\/08\/atso-baskani-ali-bahardan-ramazan-bayrami-mesaji\/","title":{"rendered":"ATSO Ba\u015fkan\u0131 Ali Bahar\u2019dan Ramazan Bayram\u0131 Mesaj\u0131"},"content":{"rendered":"\n<p><\/p>\n\n\n\n<p>Antalya Ticaret ve Sanayi Odas\u0131 Y\u00f6netim Kurulu Ba\u015fkan\u0131 Ali Bahar, Ramazan Bayram\u0131 dolay\u0131s\u0131yla yay\u0131mlad\u0131\u011f\u0131 mesajda; \u201cM\u00fcbarek Ramazan ay\u0131n\u0131n ard\u0131ndan bir Bayram\u2019a daha kavu\u015ftuk. Ho\u015fg\u00f6r\u00fc, dayan\u0131\u015fma ve sevginin \u00e7o\u011fald\u0131\u011f\u0131 bayram\u0131m\u0131z\u0131 anlam\u0131na yak\u0131\u015f\u0131r bir \u015fekilde kutlayal\u0131m\u201d dedi.<\/p>\n\n\n\n<p>Antalya Ticaret ve Sanayi Odas\u0131 (ATSO) Y\u00f6netim Kurulu Ba\u015fkan\u0131 Ali Bahar, ATSO \u00fcyelerinin, Antalyal\u0131lar\u0131n ve t\u00fcm \u0130slam \u00c2leminin Ramazan Bayram\u0131\u2019n\u0131 kutlad\u0131. Karde\u015flik ve birlik duygular\u0131n\u0131n en g\u00fc\u00e7l\u00fc \u015fekilde hissedildi\u011fi, bereketin ve sevginin yo\u011fun oldu\u011fu Ramazan Bayram\u0131&#8217;n\u0131n hay\u0131rl\u0131 olmas\u0131n\u0131 dileyen ATSO Ba\u015fkan\u0131 Ali Bahar, \u201cATSO ailemizde ve kentimizde, birlik ve beraberli\u011fin daim olmas\u0131n\u0131, karde\u015flik ba\u011flar\u0131n\u0131n her ge\u00e7en g\u00fcn daha da g\u00fc\u00e7lenmesini temenni ediyorum\u201d diye konu\u015ftu.<\/p>\n\n\n\n<p>Kent Ekonomisi Canlanacak<\/p>\n\n\n\n<p>Se\u00e7im s\u00fcrecinin sona ermesiyle birlikte ekonomide g\u00fczel bir s\u00fcrecin ba\u015flamas\u0131n\u0131 dileyen Ba\u015fkan Bahar, \u201cRamazan&#8217;\u0131n bereketi ve huzuruyla dolu g\u00fcnlerin ard\u0131ndan, birlik ve beraberlik i\u00e7inde bir bayram\u0131 daha birlikte kutlaman\u0131n mutlulu\u011funu ya\u015f\u0131yoruz. Ramazan Bayram\u0131&#8217;n\u0131n t\u00fcm g\u00fczellikleriyle evlerimizi, i\u015fyerlerimizi ve g\u00f6n\u00fcllerimizi s\u00fcsledi\u011fi bu \u00f6zel g\u00fcnlerde i\u015flerinize bereket getirmesini diliyorum\u201d dedi. Antalya\u2019da turizm sezonunu Ramazan Bayram\u0131 ile birlikte kar\u015f\u0131lad\u0131klar\u0131n\u0131 kaydeden Bahar, \u201c9 g\u00fcnl\u00fck bayram tatilinde kentimizde \u00fclkemizin d\u00f6rt bir yan\u0131ndan milyonlarca insan\u0131 misafir edece\u011fiz. Antalya\u2019m\u0131z T\u00fcrkiye\u2019nin cari a\u00e7\u0131k ile m\u00fccadelesinde itici g\u00fc\u00e7, do\u011fas\u0131, g\u00fcne\u015fi, sahilinin yan\u0131 s\u0131ra tarihi ve k\u00fclt\u00fcrel de\u011ferleriyle yabanc\u0131 turistlerin oldu\u011fu kadar yerli turistlerin de vazge\u00e7ilmezi olan bir tatil destinasyonu. Tatil s\u00fcreci sadece sekt\u00f6r\u00fcn de\u011fil, t\u00fcm kent ekonomisinin canlanmas\u0131na da \u00f6nemli bir katk\u0131 sa\u011flayacakt\u0131r\u201d diye konu\u015ftu.<\/p>\n\n\n\n<p>Birlik ve Beraberli\u011fimiz Daim Olsun<\/p>\n\n\n\n<p>Antalya\u2019n\u0131n zengin k\u00fclt\u00fcrel miras\u0131na, mavi bayrakl\u0131 plajlar\u0131na ve tarihi dokusunun \u00f6nemine i\u015faret eden Bahar, \u201cBu bayramda da \u00fclkemizin farkl\u0131 \u015fehirlerinden y\u00fcz binlerce misafiri konuk edece\u011fiz. Kent ekonomimize katk\u0131s\u0131 ka\u00e7\u0131n\u0131lmaz olacak bayram\u0131n bereket getirmesini diliyorum\u201d dedi. Bayram sevin\u00e7lerinin kal\u0131c\u0131 olmas\u0131n\u0131 dileyen ATSO Ba\u015fkan\u0131 Ali Bahar, \u201cKarde\u015flik ve birlik duygular\u0131n\u0131n en g\u00fc\u00e7l\u00fc \u015fekilde hissedildi\u011fi, bereketin ve sevginin yo\u011fun oldu\u011fu Ramazan Bayram\u0131&#8217;n\u0131z\u0131 kutluyorum. Kentimizde ve ATSO ailemizde, birlik ve beraberli\u011fin daim olmas\u0131n\u0131, karde\u015flik ba\u011flar\u0131n\u0131n her ge\u00e7en g\u00fcn daha da g\u00fc\u00e7lenmesini temenni ediyorum\u201d dedi.<\/p>\n\n\n\n<p>Antalya Ticaret ve Sanayi Odas\u0131 \/ B\u00fclten<\/p>\n","protected":false},"excerpt":{"rendered":"<p>Antalya Ticaret ve Sanayi Odas\u0131 Y\u00f6netim Kurulu Ba\u015fkan\u0131 Ali Bahar, Ramazan Bayram\u0131 dolay\u0131s\u0131yla yay\u0131mlad\u0131\u011f\u0131 mesajda; \u201cM\u00fcbarek Ramazan ay\u0131n\u0131n ard\u0131ndan bir Bayram\u2019a daha kavu\u015ftuk. Ho\u015fg\u00f6r\u00fc, dayan\u0131\u015fma <a href=\"https:\/\/akdenizhaber.com.tr\/index.php\/2024\/04\/08\/atso-baskani-ali-bahardan-ramazan-bayrami-mesaji\/\" class=\"read-more-link\">[more&#8230;]<\/a><\/p>\n","protected":false},"author":2,"featured_media":22353,"comment_status":"open","ping_status":"open","sticky":false,"template":"","format":"standard","meta":{"footnotes":""},"categories":[2],"tags":[],"class_list":["post-22352","post","type-post","status-publish","format-standard","has-post-thumbnail","hentry","category-gundem"],"_links":{"self":[{"href":"https:\/\/akdenizhaber.com.tr\/index.php\/wp-json\/wp\/v2\/posts\/22352","targetHints":{"allow":["GET"]}}],"collection":[{"href":"https:\/\/akdenizhaber.com.tr\/index.php\/wp-json\/wp\/v2\/posts"}],"about":[{"href":"https:\/\/akdenizhaber.com.tr\/index.php\/wp-json\/wp\/v2\/types\/post"}],"author":[{"embeddable":true,"href":"https:\/\/akdenizhaber.com.tr\/index.php\/wp-json\/wp\/v2\/users\/2"}],"replies":[{"embeddable":true,"href":"https:\/\/akdenizhaber.com.tr\/index.php\/wp-json\/wp\/v2\/comments?post=22352"}],"version-history":[{"count":1,"href":"https:\/\/akdenizhaber.com.tr\/index.php\/wp-json\/wp\/v2\/posts\/22352\/revisions"}],"predecessor-version":[{"id":22354,"href":"https:\/\/akdenizhaber.com.tr\/index.php\/wp-json\/wp\/v2\/posts\/22352\/revisions\/22354"}],"wp:featuredmedia":[{"embeddable":true,"href":"https:\/\/akdenizhaber.com.tr\/index.php\/wp-json\/wp\/v2\/media\/22353"}],"wp:attachment":[{"href":"https:\/\/akdenizhaber.com.tr\/index.php\/wp-json\/wp\/v2\/media?parent=22352"}],"wp:term":[{"taxonomy":"category","embeddable":true,"href":"https:\/\/akdenizhaber.com.tr\/index.php\/wp-json\/wp\/v2\/categories?post=22352"},{"taxonomy":"post_tag","embeddable":true,"href":"https:\/\/akdenizhaber.com.tr\/index.php\/wp-json\/wp\/v2\/tags?post=22352"}],"curies":[{"name":"wp","href":"https:\/\/api.w.org\/{rel}","templated":true}]}}