{"id":22341,"date":"2024-04-08T11:50:06","date_gmt":"2024-04-08T08:50:06","guid":{"rendered":"https:\/\/akdenizhaber.com.tr\/?p=22341"},"modified":"2024-04-08T11:50:07","modified_gmt":"2024-04-08T08:50:07","slug":"buyuksehirden-iftar-ikrami","status":"publish","type":"post","link":"https:\/\/akdenizhaber.com.tr\/index.php\/2024\/04\/08\/buyuksehirden-iftar-ikrami\/","title":{"rendered":"B\u00fcy\u00fck\u015fehir\u2019den iftar ikram\u0131"},"content":{"rendered":"\n<p><\/p>\n\n\n\n<p>Antalya B\u00fcy\u00fck\u015fehir Belediyesi\u2019nin Ramazan etkinlikleri kapsam\u0131nda Diyarbak\u0131rl\u0131lar Gecesi d\u00fczenlendi. Sanat\u00e7\u0131 Nihat Ak\u00e7er Diyarbak\u0131r\u2019a \u00f6zg\u00fc t\u00fcrk\u00fcleriyle vatanda\u015flara muhte\u015fem bir Ramazan gecesi ya\u015fatt\u0131. B\u00fcy\u00fck\u015fehir Belediyesi\u2019nin Mobil A\u015fevi, iftar \u00f6ncesinde \u00dcnsal mahallesinde yemek da\u011f\u0131t\u0131m\u0131 yaparken, \u00e7ok say\u0131da vatanda\u015fta Atat\u00fcrk Spor Salonu\u2019nda orucunu a\u00e7t\u0131.<\/p>\n\n\n\n<p>Antalya B\u00fcy\u00fck\u015fehir Belediyesi\u2019nin Geleneksel Ramazan \u015eenlikleri, her ak\u015fam farkl\u0131 bir etkinliklerle devam ediyor. Antalyal\u0131lar, Karaalio\u011flu Park\u0131 i\u00e7erisinde d\u00fczenlenen etkinlik \u00f6ncesi, Ramazan \u00e7ar\u015f\u0131s\u0131n\u0131 gezerek al\u0131\u015fveri\u015f yap\u0131yor. \u00c7ocuklarda, \u201cOrta Oyunu\u201d ile Ramazan nostaljisi ya\u015f\u0131yor. Antalyal\u0131lar Ramazan etkinlikleri kapsam\u0131nda d\u00fcn ak\u015fam d\u00fczenlenen Diyarbak\u0131rl\u0131lar gecesinde bulu\u015ftu. \u00c7ok say\u0131da vatanda\u015f\u0131n ak\u0131n etti\u011fi gecede&nbsp; sanat\u00e7\u0131 Nihat Ak\u00e7er ve Orkestras\u0131 sahne ald\u0131.<\/p>\n\n\n\n<p>MUHTE\u015eEM GECE<\/p>\n\n\n\n<p>Diyarbak\u0131r y\u00f6resine ait ezgileriyle vatanda\u015flar\u0131 uzaklara g\u00f6t\u00fcren Nihat Ak\u00e7er, sahne performans\u0131yla unutulmaz bir gece ya\u015fatt\u0131. Nihat Ak\u00e7er ve Orkestras\u0131&#8217;n\u0131n seslendirdi\u011fi t\u00fcrk\u00fclerle duygulanan vatanda\u015flar t\u00fcrk\u00fclerin hareketlenmesiyle birlikte halay \u00e7ekip dans etmenin keyfini de \u00e7\u0131kard\u0131. T\u00fcrk\u00fcler ve halaylar\u0131n birle\u015fti\u011fi \u00f6zel gecede, Karaalio\u011flu Park\u0131 adeta bir \u015fenlik alan\u0131na d\u00f6n\u00fc\u015ft\u00fc. Antalya B\u00fcy\u00fck\u015fehir Belediyesi \u0130smail Baha S\u00fcralsan Konservatuar \u015eube M\u00fcd\u00fcr\u00fc Okan Atilla muhte\u015fem gece i\u00e7in Nihat Ak\u00e7er ve Orkestras\u0131na \u00e7i\u00e7ek takdim etti.<\/p>\n\n\n\n<p>B\u00dcY\u00dcK\u015eEH\u0130R \u0130FTARI BEREKETL\u0130<\/p>\n\n\n\n<p>\u00d6te yandan, On bir ay\u0131n sultan\u0131 Ramazan\u2019da birlik ve beraberli\u011fin, dayan\u0131\u015fman\u0131n en g\u00fczel \u00f6rne\u011fini ya\u015fatan B\u00fcy\u00fck\u015fehir Belediyesi, Karaalio\u011flu Park\u0131 i\u00e7erisinde bulunan Atat\u00fcrk Spor Salonu\u2019nda kurdu\u011fu iftar sofras\u0131nda binlerce vatanda\u015fa iftar saatinde s\u0131cak yemek ikram\u0131nda bulunuyor. Mobil A\u015fevinin t\u0131r\u0131 ise her g\u00fcn farkl\u0131 mahallede s\u0131cak yemek ikram\u0131nda bulunmaya devam ediyor. Antalyal\u0131lar, iftar topunun at\u0131lmas\u0131n\u0131n ard\u0131ndan hep birlikte dualar e\u015fli\u011finde oru\u00e7lar\u0131n\u0131 a\u00e7man\u0131n mutlulu\u011funu ya\u015f\u0131yor. Mobil A\u015fevi her g\u00fcn 1500, Atat\u00fcrk Park\u0131nda her g\u00fcn 1200 ki\u015fiye d\u00f6rt \u00e7e\u015fit yemek ikram ediyor ve Ramazan ay\u0131n\u0131n manevi ruhu doyas\u0131ya ya\u015fat\u0131l\u0131yor.<\/p>\n\n\n\n<p>Antalya B\u00fcy\u00fck\u015fehir Belediyesi \/ B\u00fclten<\/p>\n","protected":false},"excerpt":{"rendered":"<p>Antalya B\u00fcy\u00fck\u015fehir Belediyesi\u2019nin Ramazan etkinlikleri kapsam\u0131nda Diyarbak\u0131rl\u0131lar Gecesi d\u00fczenlendi. Sanat\u00e7\u0131 Nihat Ak\u00e7er Diyarbak\u0131r\u2019a \u00f6zg\u00fc t\u00fcrk\u00fcleriyle vatanda\u015flara muhte\u015fem bir Ramazan gecesi ya\u015fatt\u0131. B\u00fcy\u00fck\u015fehir Belediyesi\u2019nin Mobil A\u015fevi, <a href=\"https:\/\/akdenizhaber.com.tr\/index.php\/2024\/04\/08\/buyuksehirden-iftar-ikrami\/\" class=\"read-more-link\">[more&#8230;]<\/a><\/p>\n","protected":false},"author":2,"featured_media":22344,"comment_status":"open","ping_status":"open","sticky":false,"template":"","format":"standard","meta":{"footnotes":""},"categories":[2],"tags":[],"class_list":["post-22341","post","type-post","status-publish","format-standard","has-post-thumbnail","hentry","category-gundem"],"_links":{"self":[{"href":"https:\/\/akdenizhaber.com.tr\/index.php\/wp-json\/wp\/v2\/posts\/22341","targetHints":{"allow":["GET"]}}],"collection":[{"href":"https:\/\/akdenizhaber.com.tr\/index.php\/wp-json\/wp\/v2\/posts"}],"about":[{"href":"https:\/\/akdenizhaber.com.tr\/index.php\/wp-json\/wp\/v2\/types\/post"}],"author":[{"embeddable":true,"href":"https:\/\/akdenizhaber.com.tr\/index.php\/wp-json\/wp\/v2\/users\/2"}],"replies":[{"embeddable":true,"href":"https:\/\/akdenizhaber.com.tr\/index.php\/wp-json\/wp\/v2\/comments?post=22341"}],"version-history":[{"count":1,"href":"https:\/\/akdenizhaber.com.tr\/index.php\/wp-json\/wp\/v2\/posts\/22341\/revisions"}],"predecessor-version":[{"id":22345,"href":"https:\/\/akdenizhaber.com.tr\/index.php\/wp-json\/wp\/v2\/posts\/22341\/revisions\/22345"}],"wp:featuredmedia":[{"embeddable":true,"href":"https:\/\/akdenizhaber.com.tr\/index.php\/wp-json\/wp\/v2\/media\/22344"}],"wp:attachment":[{"href":"https:\/\/akdenizhaber.com.tr\/index.php\/wp-json\/wp\/v2\/media?parent=22341"}],"wp:term":[{"taxonomy":"category","embeddable":true,"href":"https:\/\/akdenizhaber.com.tr\/index.php\/wp-json\/wp\/v2\/categories?post=22341"},{"taxonomy":"post_tag","embeddable":true,"href":"https:\/\/akdenizhaber.com.tr\/index.php\/wp-json\/wp\/v2\/tags?post=22341"}],"curies":[{"name":"wp","href":"https:\/\/api.w.org\/{rel}","templated":true}]}}