{"id":22337,"date":"2024-04-08T11:48:09","date_gmt":"2024-04-08T08:48:09","guid":{"rendered":"https:\/\/akdenizhaber.com.tr\/?p=22337"},"modified":"2024-04-08T11:48:10","modified_gmt":"2024-04-08T08:48:10","slug":"3-gunluk-bayramda-ulasim-ucretsiz","status":"publish","type":"post","link":"https:\/\/akdenizhaber.com.tr\/index.php\/2024\/04\/08\/3-gunluk-bayramda-ulasim-ucretsiz\/","title":{"rendered":"3 g\u00fcnl\u00fck bayramda ula\u015f\u0131m \u00fccretsiz"},"content":{"rendered":"\n<p><\/p>\n\n\n\n<p>Antalya B\u00fcy\u00fck\u015fehir Belediyesi\u2019ne ait resmi plakal\u0131 toplu ula\u015f\u0131m ara\u00e7lar\u0131 ve hafif rayl\u0131 sistem \u00fc\u00e7 g\u00fcnl\u00fck bayram tatilinde toplu ula\u015f\u0131mda \u00fccretsiz yolcu ta\u015f\u0131yacak.<\/p>\n\n\n\n<p>Antalya B\u00fcy\u00fck\u015fehir Belediye Ba\u015fkan\u0131 Muhittin B\u00f6cek, vatanda\u015flar\u0131n bayramla\u015fma gelene\u011fini rahat\u00e7a yerine getirebilmesi i\u00e7in \u00fccretsiz ula\u015f\u0131m karar\u0131 ald\u0131. B\u00fcy\u00fck\u015fehir Belediyesi\u2019nin i\u015fletti\u011fi resmi plakal\u0131 otob\u00fcsleri, ANTRAY ile nostalji tramvay\u0131 10-11 ve12 Nisan\u2019da \u00fc\u00e7 g\u00fcnl\u00fck Ramazan Bayram\u0131 boyunca vatanda\u015flara \u00fccretsiz hizmet verecek.<\/p>\n\n\n\n<p>Antalya B\u00fcy\u00fck\u015fehir Belediyesi \/ B\u00fclten<\/p>\n","protected":false},"excerpt":{"rendered":"<p>Antalya B\u00fcy\u00fck\u015fehir Belediyesi\u2019ne ait resmi plakal\u0131 toplu ula\u015f\u0131m ara\u00e7lar\u0131 ve hafif rayl\u0131 sistem \u00fc\u00e7 g\u00fcnl\u00fck bayram tatilinde toplu ula\u015f\u0131mda \u00fccretsiz yolcu ta\u015f\u0131yacak. Antalya B\u00fcy\u00fck\u015fehir Belediye <a href=\"https:\/\/akdenizhaber.com.tr\/index.php\/2024\/04\/08\/3-gunluk-bayramda-ulasim-ucretsiz\/\" class=\"read-more-link\">[more&#8230;]<\/a><\/p>\n","protected":false},"author":2,"featured_media":22338,"comment_status":"open","ping_status":"open","sticky":false,"template":"","format":"standard","meta":{"footnotes":""},"categories":[2],"tags":[],"class_list":["post-22337","post","type-post","status-publish","format-standard","has-post-thumbnail","hentry","category-gundem"],"_links":{"self":[{"href":"https:\/\/akdenizhaber.com.tr\/index.php\/wp-json\/wp\/v2\/posts\/22337","targetHints":{"allow":["GET"]}}],"collection":[{"href":"https:\/\/akdenizhaber.com.tr\/index.php\/wp-json\/wp\/v2\/posts"}],"about":[{"href":"https:\/\/akdenizhaber.com.tr\/index.php\/wp-json\/wp\/v2\/types\/post"}],"author":[{"embeddable":true,"href":"https:\/\/akdenizhaber.com.tr\/index.php\/wp-json\/wp\/v2\/users\/2"}],"replies":[{"embeddable":true,"href":"https:\/\/akdenizhaber.com.tr\/index.php\/wp-json\/wp\/v2\/comments?post=22337"}],"version-history":[{"count":1,"href":"https:\/\/akdenizhaber.com.tr\/index.php\/wp-json\/wp\/v2\/posts\/22337\/revisions"}],"predecessor-version":[{"id":22339,"href":"https:\/\/akdenizhaber.com.tr\/index.php\/wp-json\/wp\/v2\/posts\/22337\/revisions\/22339"}],"wp:featuredmedia":[{"embeddable":true,"href":"https:\/\/akdenizhaber.com.tr\/index.php\/wp-json\/wp\/v2\/media\/22338"}],"wp:attachment":[{"href":"https:\/\/akdenizhaber.com.tr\/index.php\/wp-json\/wp\/v2\/media?parent=22337"}],"wp:term":[{"taxonomy":"category","embeddable":true,"href":"https:\/\/akdenizhaber.com.tr\/index.php\/wp-json\/wp\/v2\/categories?post=22337"},{"taxonomy":"post_tag","embeddable":true,"href":"https:\/\/akdenizhaber.com.tr\/index.php\/wp-json\/wp\/v2\/tags?post=22337"}],"curies":[{"name":"wp","href":"https:\/\/api.w.org\/{rel}","templated":true}]}}