{"id":22317,"date":"2024-04-06T14:15:15","date_gmt":"2024-04-06T11:15:15","guid":{"rendered":"https:\/\/akdenizhaber.com.tr\/?p=22317"},"modified":"2024-04-06T14:15:16","modified_gmt":"2024-04-06T11:15:16","slug":"buyuksehir-belediyesinin-sut-yemi-destegi-suruyor-2","status":"publish","type":"post","link":"https:\/\/akdenizhaber.com.tr\/index.php\/2024\/04\/06\/buyuksehir-belediyesinin-sut-yemi-destegi-suruyor-2\/","title":{"rendered":"B\u00fcy\u00fck\u015fehir Belediyesi\u2019nin s\u00fct yemi deste\u011fi s\u00fcr\u00fcyor"},"content":{"rendered":"\n<p><\/p>\n\n\n\n<p>Antalya B\u00fcy\u00fck\u015fehir Belediyesi, tar\u0131msal kalk\u0131nmaya y\u00f6nelik desteklerine h\u0131z kesmeden devam ediyor.&nbsp;S\u00fct Yemi Projesi kapsam\u0131nda Manavgat il\u00e7esinde hayvanc\u0131l\u0131kla u\u011fra\u015fan \u00e7ift\u00e7ilere yem deste\u011fi yap\u0131ld\u0131.<\/p>\n\n\n\n<p>Antalya B\u00fcy\u00fck\u015fehir Belediyesi\u2019nin k\u0131rsal b\u00f6lgelerdeki \u00fcreticilere destekleri artarak s\u00fcr\u00fcyor. Tar\u0131msal Hizmetler Daire Ba\u015fkanl\u0131\u011f\u0131 bu kapsamda Manavgat il\u00e7esine ba\u011fl\u0131 Ta\u015fa\u011f\u0131l ve Yenik\u00f6y Mahalleleri\u2019nde hayvanc\u0131l\u0131kla u\u011fra\u015fan \u00e7ift\u00e7ilere y\u00fczde 30 hibeli s\u00fct yemi deste\u011fi sa\u011flad\u0131. S\u00fct Yemi Projesiyle sa\u011fmal ineklerde s\u00fct \u00fcretiminin artt\u0131r\u0131lmas\u0131, \u00fcreticinin \u00fczerindeki maliyet y\u00fck\u00fcn\u00fcn azalt\u0131lmas\u0131 hedefleniyor.&nbsp;<\/p>\n\n\n\n<p><strong>UCUZ YEM S\u00dcT \u00dcRET\u0130M\u0130N\u0130 ARTTIRACAK<\/strong><\/p>\n\n\n\n<p>Hayvanc\u0131l\u0131kla u\u011fra\u015fan Yenik\u00f6y Mahallesi\u2019nden Mehmet \u00c7etin \u201cAntalya B\u00fcy\u00fck\u015fehir Belediye Ba\u015fkan\u0131 Muhittin B\u00f6cek\u2019ten Allah raz\u0131 olsun. Eskiden 70 tane s\u00fct \u00fcreten ine\u011fim vard\u0131. Yem maliyetlerinden dolay\u0131 \u015fu an 15 ine\u011fim var. Maliyetlerin y\u00fckselmesi ile birlikte ineklerimizi satmak zorunda kald\u0131k. B\u00fcy\u00fck\u015fehir Belediyemiz taraf\u0131ndan yap\u0131lan destekler sayesinde s\u00fct \u00fcretimine devam edip \u00fcretimi artt\u0131raca\u011f\u0131z\u201d dedi.<\/p>\n\n\n\n<p>Antalya B\u00fcy\u00fck\u015fehir Belediyesi \/ B\u00fclten<\/p>\n","protected":false},"excerpt":{"rendered":"<p>Antalya B\u00fcy\u00fck\u015fehir Belediyesi, tar\u0131msal kalk\u0131nmaya y\u00f6nelik desteklerine h\u0131z kesmeden devam ediyor.&nbsp;S\u00fct Yemi Projesi kapsam\u0131nda Manavgat il\u00e7esinde hayvanc\u0131l\u0131kla u\u011fra\u015fan \u00e7ift\u00e7ilere yem deste\u011fi yap\u0131ld\u0131. Antalya B\u00fcy\u00fck\u015fehir Belediyesi\u2019nin <a href=\"https:\/\/akdenizhaber.com.tr\/index.php\/2024\/04\/06\/buyuksehir-belediyesinin-sut-yemi-destegi-suruyor-2\/\" class=\"read-more-link\">[more&#8230;]<\/a><\/p>\n","protected":false},"author":2,"featured_media":22318,"comment_status":"open","ping_status":"open","sticky":false,"template":"","format":"standard","meta":{"footnotes":""},"categories":[1],"tags":[],"class_list":["post-22317","post","type-post","status-publish","format-standard","has-post-thumbnail","hentry","category-blog"],"_links":{"self":[{"href":"https:\/\/akdenizhaber.com.tr\/index.php\/wp-json\/wp\/v2\/posts\/22317","targetHints":{"allow":["GET"]}}],"collection":[{"href":"https:\/\/akdenizhaber.com.tr\/index.php\/wp-json\/wp\/v2\/posts"}],"about":[{"href":"https:\/\/akdenizhaber.com.tr\/index.php\/wp-json\/wp\/v2\/types\/post"}],"author":[{"embeddable":true,"href":"https:\/\/akdenizhaber.com.tr\/index.php\/wp-json\/wp\/v2\/users\/2"}],"replies":[{"embeddable":true,"href":"https:\/\/akdenizhaber.com.tr\/index.php\/wp-json\/wp\/v2\/comments?post=22317"}],"version-history":[{"count":1,"href":"https:\/\/akdenizhaber.com.tr\/index.php\/wp-json\/wp\/v2\/posts\/22317\/revisions"}],"predecessor-version":[{"id":22319,"href":"https:\/\/akdenizhaber.com.tr\/index.php\/wp-json\/wp\/v2\/posts\/22317\/revisions\/22319"}],"wp:featuredmedia":[{"embeddable":true,"href":"https:\/\/akdenizhaber.com.tr\/index.php\/wp-json\/wp\/v2\/media\/22318"}],"wp:attachment":[{"href":"https:\/\/akdenizhaber.com.tr\/index.php\/wp-json\/wp\/v2\/media?parent=22317"}],"wp:term":[{"taxonomy":"category","embeddable":true,"href":"https:\/\/akdenizhaber.com.tr\/index.php\/wp-json\/wp\/v2\/categories?post=22317"},{"taxonomy":"post_tag","embeddable":true,"href":"https:\/\/akdenizhaber.com.tr\/index.php\/wp-json\/wp\/v2\/tags?post=22317"}],"curies":[{"name":"wp","href":"https:\/\/api.w.org\/{rel}","templated":true}]}}