{"id":22298,"date":"2024-04-06T14:05:55","date_gmt":"2024-04-06T11:05:55","guid":{"rendered":"https:\/\/akdenizhaber.com.tr\/?p=22298"},"modified":"2024-04-06T14:05:55","modified_gmt":"2024-04-06T11:05:55","slug":"baskan-kocagoz-kepez-ailesiyle-bayramlasti","status":"publish","type":"post","link":"https:\/\/akdenizhaber.com.tr\/index.php\/2024\/04\/06\/baskan-kocagoz-kepez-ailesiyle-bayramlasti\/","title":{"rendered":"Ba\u015fkan Kocag\u00f6z, Kepez ailesiyle bayramla\u015ft\u0131"},"content":{"rendered":"\n<p><br>Mahalli \u0130dareler Se\u00e7imi\u2019nden zaferle \u00e7\u0131kan Mesut Kocag\u00f6z, Kepez Belediye Ba\u015fkanl\u0131\u011f\u0131 g\u00f6revinde ilk bayramla\u015fma t\u00f6renini ger\u00e7ekle\u015ftirdi. Ba\u015fkan Kocag\u00f6z, Ramazan Bayram\u0131 \u00f6ncesi bir araya geldi\u011fi belediye personelinin bayram\u0131n\u0131 kutlad\u0131.<\/p>\n\n\n\n<p>Ge\u00e7ti\u011fimiz g\u00fcn mazbatas\u0131n\u0131 alarak Kepez Belediye Ba\u015fkanl\u0131\u011f\u0131 g\u00f6revine ba\u015flayan Mesut Kocag\u00f6z, bayramla\u015fma t\u00f6reninde \u00e7al\u0131\u015fanlar\u0131yla bir araya geldi. Bayram \u00f6ncesi ba\u015fkanl\u0131k makam\u0131nda d\u00fczenlenen t\u00f6rende Ba\u015fkan Kocag\u00f6z, sevdikleriyle mutlu ve sa\u011fl\u0131kl\u0131 bir bayram ge\u00e7irmeleri temennisiyle \u00e7al\u0131\u015fanlar\u0131n\u0131n bayram\u0131n\u0131 kutlad\u0131. Samimi bir ortamda ger\u00e7ekle\u015fen bayramla\u015fmaya ba\u015fkan yard\u0131mc\u0131lar\u0131, birim m\u00fcd\u00fcrleri ve belediye \u00e7al\u0131\u015fanlar\u0131 kat\u0131ld\u0131. Yo\u011fun bir kat\u0131l\u0131m\u0131n\u0131n oldu\u011fu t\u00f6rende Kocag\u00f6z, ellerini tek tek s\u0131kt\u0131\u011f\u0131 personelinin Ramazan Bayram\u0131n\u0131 tebrik etti. Yeni d\u00f6nemin ilk bayramla\u015fmas\u0131n\u0131 belediye personeliyle yapt\u0131\u011f\u0131n\u0131 an\u0131msatan Ba\u015fkan Mesut Kocag\u00f6z, \u201cT\u00fcm belediye \u00e7al\u0131\u015fanlar\u0131m\u0131za emekleri ve hizmetleri i\u00e7in te\u015fekk\u00fcr ediyorum. Yeni d\u00f6nemde de Kepezli hem\u015fehrilerimizin hizmet beklentilerini kar\u015f\u0131lamak, onlara mutlu, sa\u011fl\u0131kl\u0131 ve sorunsuz bir \u015fehir ortam\u0131 sunabilmek i\u00e7in hep birlikte daha \u00e7ok \u00e7al\u0131\u015faca\u011f\u0131z. Bayramlar, karde\u015fli\u011fin, birlik ve beraberli\u011fin peki\u015fti\u011fi g\u00fcnlerdir.&nbsp; Bu bayram\u0131n da karde\u015fli\u011fimizi, birlik ve beraberli\u011fimizi peki\u015ftirmesini diliyorum.&nbsp; T\u00fcm \u00e7al\u0131\u015fanlar\u0131m\u0131za, Kepezli hem\u015fehrilerimize sevdikleriyle a\u011f\u0131z tad\u0131nda mutlu, sa\u011fl\u0131kl\u0131 bir bayram diliyorum.&nbsp;&nbsp;<\/p>\n\n\n\n<p>Kepez Belediyesi \/ B\u00fclten<\/p>\n","protected":false},"excerpt":{"rendered":"<p>Mahalli \u0130dareler Se\u00e7imi\u2019nden zaferle \u00e7\u0131kan Mesut Kocag\u00f6z, Kepez Belediye Ba\u015fkanl\u0131\u011f\u0131 g\u00f6revinde ilk bayramla\u015fma t\u00f6renini ger\u00e7ekle\u015ftirdi. Ba\u015fkan Kocag\u00f6z, Ramazan Bayram\u0131 \u00f6ncesi bir araya geldi\u011fi belediye personelinin <a href=\"https:\/\/akdenizhaber.com.tr\/index.php\/2024\/04\/06\/baskan-kocagoz-kepez-ailesiyle-bayramlasti\/\" class=\"read-more-link\">[more&#8230;]<\/a><\/p>\n","protected":false},"author":2,"featured_media":22299,"comment_status":"open","ping_status":"open","sticky":false,"template":"","format":"standard","meta":{"footnotes":""},"categories":[2],"tags":[],"class_list":["post-22298","post","type-post","status-publish","format-standard","has-post-thumbnail","hentry","category-gundem"],"_links":{"self":[{"href":"https:\/\/akdenizhaber.com.tr\/index.php\/wp-json\/wp\/v2\/posts\/22298","targetHints":{"allow":["GET"]}}],"collection":[{"href":"https:\/\/akdenizhaber.com.tr\/index.php\/wp-json\/wp\/v2\/posts"}],"about":[{"href":"https:\/\/akdenizhaber.com.tr\/index.php\/wp-json\/wp\/v2\/types\/post"}],"author":[{"embeddable":true,"href":"https:\/\/akdenizhaber.com.tr\/index.php\/wp-json\/wp\/v2\/users\/2"}],"replies":[{"embeddable":true,"href":"https:\/\/akdenizhaber.com.tr\/index.php\/wp-json\/wp\/v2\/comments?post=22298"}],"version-history":[{"count":1,"href":"https:\/\/akdenizhaber.com.tr\/index.php\/wp-json\/wp\/v2\/posts\/22298\/revisions"}],"predecessor-version":[{"id":22300,"href":"https:\/\/akdenizhaber.com.tr\/index.php\/wp-json\/wp\/v2\/posts\/22298\/revisions\/22300"}],"wp:featuredmedia":[{"embeddable":true,"href":"https:\/\/akdenizhaber.com.tr\/index.php\/wp-json\/wp\/v2\/media\/22299"}],"wp:attachment":[{"href":"https:\/\/akdenizhaber.com.tr\/index.php\/wp-json\/wp\/v2\/media?parent=22298"}],"wp:term":[{"taxonomy":"category","embeddable":true,"href":"https:\/\/akdenizhaber.com.tr\/index.php\/wp-json\/wp\/v2\/categories?post=22298"},{"taxonomy":"post_tag","embeddable":true,"href":"https:\/\/akdenizhaber.com.tr\/index.php\/wp-json\/wp\/v2\/tags?post=22298"}],"curies":[{"name":"wp","href":"https:\/\/api.w.org\/{rel}","templated":true}]}}