{"id":22281,"date":"2024-04-05T13:26:10","date_gmt":"2024-04-05T10:26:10","guid":{"rendered":"https:\/\/akdenizhaber.com.tr\/?p=22281"},"modified":"2024-04-05T13:26:11","modified_gmt":"2024-04-05T10:26:11","slug":"yetersiz-beslenme-sendromu","status":"publish","type":"post","link":"https:\/\/akdenizhaber.com.tr\/index.php\/2024\/04\/05\/yetersiz-beslenme-sendromu\/","title":{"rendered":"Yetersiz Beslenme Sendromu"},"content":{"rendered":"\n<p>G\u00fcnayd\u0131n g\u00fczel insanlar\u2026<br>Bug\u00fcn sizlere ciddi bir sa\u011fl\u0131k problemi olan yetersiz beslenme sendromundan bahsedece\u011fim. Di\u011fer bir ad\u0131 redeeding sendromu olan yetersiz beslenme sendromu, yeniden beslenme durumlar\u0131nda ortaya \u00e7\u0131kabilen ve olduk\u00e7a ciddi bir durumdur. Hatta bu durum kimi zamanlarda \u00f6l\u00fcmc\u00fcl bile olabilir. Yeniden beslenme sendromu, uzun s\u00fcre boyunca yap\u0131lan yetersiz beslenmeden normal beslenmeye ani ge\u00e7i\u015f sonucunda g\u00f6r\u00fcl\u00fcr. Bu durumun sebebi ise v\u00fccudumuzdaki sindirime katk\u0131 sa\u011flayan birtak\u0131m elektronlar\u0131n ve s\u0131v\u0131lar\u0131n ani \u015fekilde de\u011fi\u015fime u\u011framas\u0131d\u0131r. Bu de\u011fi\u015fimler ise beraberinde hormonal ve metabolik de\u011fi\u015fiklikleri getirir. Refeeding sendromu kimi zamanlarda \u00f6l\u00fcmc\u00fcl bir sendrom olarak da ifade edilebilir.Bu sendromun tespit edilmesi biyokimyasal bulgular ile ger\u00e7ekle\u015fir. Sendromun en ay\u0131rt edici \u00f6zelli\u011fi ise hastan\u0131n kan\u0131nda bulunan fosfat de\u011ferlerinin d\u00fc\u015ferek hiposofatemiye neden olmas\u0131d\u0131r. Yeniden beslenme sendromunun yap\u0131s\u0131 ise \u015fu \u015fekilde a\u00e7\u0131klanabilir; yeniden beslenme sendromunda \u00e7o\u011funlukla anormal s\u0131v\u0131-sodyum dengesi, glikoz, ya\u011f ve protein metabolizmas\u0131ndaki de\u011fi\u015fiklikler ve bunlarla beraber B1 vitamini eksikli\u011fi g\u00f6r\u00fcl\u00fcr. Yeniden beslenme sendromunun neden oldu\u011fu durumlar yaln\u0131zca sindirim sistemini de\u011fil di\u011fer organlar\u0131 da b\u00fcy\u00fck oranda etkiler. \u00c7\u00fcnk\u00fc insan v\u00fccudundaki birtak\u0131m elektrositlerin azalmas\u0131 kalp gibi baz\u0131 organlarda istenmeyen kas\u0131lmalar olu\u015fmas\u0131na neden olur. Ayn\u0131 zamanda bu sendrom sonucunda ATP sentezlerinde de problemler olu\u015fabilir. Yeniden beslenme sendromunun belirtileri aras\u0131nda ise \u015funlar vard\u0131r; yorgunluk, g\u00fc\u00e7s\u00fczl\u00fck, konf\u00fczyon, nefes almada g\u00fc\u00e7s\u00fczl\u00fck, y\u00fcksek kan bas\u0131nc\u0131, kas\u0131lma n\u00f6betleri, kalpte ritim bozukluklar\u0131, koma. Refeeding sendromu genetik bir hastal\u0131k de\u011fildir ve herhangi bir gen ile ili\u015fkisi bulunmaz. Ortaya \u00e7\u0131k\u0131\u015f\u0131 ise belirli durumlar sonucunda ger\u00e7ekle\u015fir. Refeeding sendromunun te\u015fhisinde klinik muayene s\u0131ras\u0131nda \u00f6dem varl\u0131\u011f\u0131, kan bas\u0131nc\u0131 \u00f6l\u00e7\u00fcm\u00fc ve solunum sistemi muayeneleri yap\u0131l\u0131r. Bunlar ile beraber kan tahlili de yap\u0131l\u0131r ve kandaki sodyum, potasyum, kalsiyum magnezyum, fosfat gibi elektrolit d\u00fczeyleri ve glikoz \u00fcre ve kreatin de\u011ferlerine bak\u0131l\u0131r. Refeeding sendromuna sahip olan bireylerin tedavileri sa\u011fl\u0131k kurulu\u015flar\u0131ndaki n\u00fctrisyon ekibi taraf\u0131ndan ger\u00e7ekle\u015ftirilir. Tedavide ise ya t\u00fcple beslenme ya da damar yolu beslenmesi kullan\u0131l\u0131r. Bireylerin iyile\u015fme s\u00fcre\u00e7leri ise sendromun d\u00fczeyine g\u00f6re de\u011fi\u015fiklik g\u00f6sterebilir. Tedavi kimi zamanlarda 10 g\u00fcne kadar uzayabilir ve e\u011fer hastalar\u0131n ba\u015fka bir rahats\u0131zl\u0131klar\u0131 ya da problemleri var ise tedavi s\u00fcreci daha uzun seyredebilir. Refeeding sendromundan korunman\u0131n kesin ve net bir yolu bulunmamaktad\u0131r. Ancak bu sendromdan ka\u00e7\u0131nmak i\u00e7in yap\u0131labilecek tek \u015fey yetersiz beslenmeden uzak durmakt\u0131r.<\/p>\n\n\n\n<p>ESRA \u0130\u00c7G\u00d6Z<\/p>\n","protected":false},"excerpt":{"rendered":"<p>G\u00fcnayd\u0131n g\u00fczel insanlar\u2026Bug\u00fcn sizlere ciddi bir sa\u011fl\u0131k problemi olan yetersiz beslenme sendromundan bahsedece\u011fim. Di\u011fer bir ad\u0131 redeeding sendromu olan yetersiz beslenme sendromu, yeniden beslenme durumlar\u0131nda <a href=\"https:\/\/akdenizhaber.com.tr\/index.php\/2024\/04\/05\/yetersiz-beslenme-sendromu\/\" class=\"read-more-link\">[more&#8230;]<\/a><\/p>\n","protected":false},"author":2,"featured_media":21856,"comment_status":"open","ping_status":"open","sticky":false,"template":"","format":"standard","meta":{"footnotes":""},"categories":[2],"tags":[],"class_list":["post-22281","post","type-post","status-publish","format-standard","has-post-thumbnail","hentry","category-gundem"],"_links":{"self":[{"href":"https:\/\/akdenizhaber.com.tr\/index.php\/wp-json\/wp\/v2\/posts\/22281","targetHints":{"allow":["GET"]}}],"collection":[{"href":"https:\/\/akdenizhaber.com.tr\/index.php\/wp-json\/wp\/v2\/posts"}],"about":[{"href":"https:\/\/akdenizhaber.com.tr\/index.php\/wp-json\/wp\/v2\/types\/post"}],"author":[{"embeddable":true,"href":"https:\/\/akdenizhaber.com.tr\/index.php\/wp-json\/wp\/v2\/users\/2"}],"replies":[{"embeddable":true,"href":"https:\/\/akdenizhaber.com.tr\/index.php\/wp-json\/wp\/v2\/comments?post=22281"}],"version-history":[{"count":1,"href":"https:\/\/akdenizhaber.com.tr\/index.php\/wp-json\/wp\/v2\/posts\/22281\/revisions"}],"predecessor-version":[{"id":22282,"href":"https:\/\/akdenizhaber.com.tr\/index.php\/wp-json\/wp\/v2\/posts\/22281\/revisions\/22282"}],"wp:featuredmedia":[{"embeddable":true,"href":"https:\/\/akdenizhaber.com.tr\/index.php\/wp-json\/wp\/v2\/media\/21856"}],"wp:attachment":[{"href":"https:\/\/akdenizhaber.com.tr\/index.php\/wp-json\/wp\/v2\/media?parent=22281"}],"wp:term":[{"taxonomy":"category","embeddable":true,"href":"https:\/\/akdenizhaber.com.tr\/index.php\/wp-json\/wp\/v2\/categories?post=22281"},{"taxonomy":"post_tag","embeddable":true,"href":"https:\/\/akdenizhaber.com.tr\/index.php\/wp-json\/wp\/v2\/tags?post=22281"}],"curies":[{"name":"wp","href":"https:\/\/api.w.org\/{rel}","templated":true}]}}