{"id":22278,"date":"2024-04-05T13:25:24","date_gmt":"2024-04-05T10:25:24","guid":{"rendered":"https:\/\/akdenizhaber.com.tr\/?p=22278"},"modified":"2024-04-05T13:25:25","modified_gmt":"2024-04-05T10:25:25","slug":"bocek-secimleri-demokrasi-kazandi-antalya-kazandi","status":"publish","type":"post","link":"https:\/\/akdenizhaber.com.tr\/index.php\/2024\/04\/05\/bocek-secimleri-demokrasi-kazandi-antalya-kazandi\/","title":{"rendered":"B\u00f6cek; \u2018Se\u00e7imleri demokrasi kazand\u0131, Antalya kazand\u0131\u2019"},"content":{"rendered":"\n<p><\/p>\n\n\n\n<p>31 Mart Mahalli \u0130dareler Genel Se\u00e7imlerinde ikinci kez \u00fcst \u00fcste B\u00fcy\u00fck\u015fehir Belediye Ba\u015fkan\u0131 se\u00e7ilerek, Antalya tarihinde bir ilki ba\u015faran Muhittin B\u00f6cek, mazbatas\u0131n\u0131 ald\u0131. Ba\u015fkan B\u00f6cek, \u201cBu mazbatay\u0131 bana lay\u0131k g\u00f6ren Antalya\u2019ya te\u015fekk\u00fcr ediyorum. Herkesin belediye ba\u015fkan\u0131 olmaktan bir an olsun ayr\u0131lmadan sizlerin oylar\u0131n\u0131 namusun gibi koruyaca\u011f\u0131ma s\u00f6z veriyorum. Se\u00e7imi demokrasi kazand\u0131, se\u00e7imi Antalya kazand\u0131\u201d dedi.<\/p>\n\n\n\n<p>Antalya\u2019da bir kez daha Antalya B\u00fcy\u00fck\u015fehir Belediye Ba\u015fkan\u0131 se\u00e7ilen Muhittin B\u00f6cek, Antalya \u0130l Se\u00e7im Kurulu\u2019nda d\u00fczenlenen t\u00f6renle mazbatas\u0131n\u0131 \u0130l Se\u00e7im Kurulu Ba\u015fkan\u0131 Mustafa G\u00fcm\u00fc\u015ftekin\u2019den ald\u0131. Muhittin B\u00f6cek, \u00fcst \u00fcste ikinci kez B\u00fcy\u00fck\u015fehir Belediye Ba\u015fkanl\u0131\u011f\u0131\u2019n\u0131 kazanarak Antalya tarihinde de bir ilki ger\u00e7ekle\u015ftirdi. Mazbata t\u00f6renine CHP \u0130l Ba\u015fkan\u0131 Nail Kamac\u0131, Milletvekilleri Sururi \u00c7orabat\u0131r, Cavit Ar\u0131, Aliye Co\u015far, Mustafa Erdem, Meclis \u00dcyeleri ve partililer kat\u0131ld\u0131.<\/p>\n\n\n\n<p>OY VEREN VERMEYEN HERKESE TE\u015eEKK\u00dcR ED\u0130YORUM<\/p>\n\n\n\n<p>Antalya B\u00fcy\u00fck\u015fehir Belediye Ba\u015fkanl\u0131\u011f\u0131 mazbatas\u0131n\u0131 ald\u0131ktan sonra k\u0131sa bir a\u00e7\u0131klama yapan Ba\u015fkan Muhittin B\u00f6cek, \u201c4 d\u00f6nem Konyaalt\u0131 belediye ba\u015fkanl\u0131\u011f\u0131mda mazbata alm\u0131\u015ft\u0131m. \u0130ki d\u00f6nem de Antalya B\u00fcy\u00fck\u015fehir Belediye Ba\u015fkanl\u0131\u011f\u0131mda mazbatam\u0131 al\u0131yorum. Bu se\u00e7im s\u00fcrecinde beni aday eden Genel Ba\u015fkan\u0131ma, vekillerime, sevgili Antalyal\u0131lara ve t\u00fcm yol arkada\u015flar\u0131ma \u00e7ok te\u015fekk\u00fcr ediyorum. Bize oy veren vatanda\u015flar\u0131ma \u00e7ok te\u015fekk\u00fcr ediyorum. Bundan sonra da bize oy veren, vermeyen t\u00fcm vatanda\u015flar\u0131m\u0131z\u0131n emrinde olaca\u011f\u0131m\u201d dedi.<\/p>\n\n\n\n<p>T\u00dcM BELED\u0130YE BA\u015eKANLARIMIZ B\u0130Z\u0130M BELED\u0130YE BA\u015eKANIMIZ<\/p>\n\n\n\n<p>Kimseyi \u00f6tekile\u015ftirmeden Antalya\u2019ya hizmet etmeye devam edece\u011fini s\u00f6yleyen Ba\u015fkan Muhittin B\u00f6cek, \u201cAtam\u0131z\u0131n &#8216;hi\u00e7 \u015f\u00fcphesiz d\u00fcnyan\u0131n en g\u00fczel yeri&#8217; dedi\u011fi g\u00fczel Antalya&#8217;da, 2 milyon 696 bin 229 vatanda\u015f\u0131m\u0131za, 25 milyona yak\u0131n yerli ve yabanc\u0131 misafirimize hi\u00e7bir kimseyi \u00f6tekile\u015ftirmeden hizmet etmeye devam edece\u011fiz.19 belediyemizin 16\u2019s\u0131n\u0131 kazanm\u0131\u015f bulunuyoruz. Ancak \u0130brad\u0131, G\u00fcndo\u011fmu\u015f ve Kumlacada bizim belediyemizdir. Demokrasi inanc\u0131m\u0131zla t\u00fcm belediye ba\u015fkanlar\u0131m\u0131z\u0131 kendi partili belediye ba\u015fkan\u0131m\u0131z gibi g\u00f6rece\u011fiz. Bundan sonra da STK\u2019lar\u0131m\u0131z, vatanda\u015flar\u0131m\u0131z ve t\u00fcm kurum kurulu\u015flarla i\u015f birli\u011fi i\u00e7inde \u00e7al\u0131\u015faca\u011f\u0131z. Bu se\u00e7im s\u00fcrecine katk\u0131 koyan t\u00fcm kurum kurulu\u015flar\u0131m\u0131za emekleri i\u00e7in te\u015fekk\u00fcr ediyorum\u201d diye konu\u015ftu.<\/p>\n\n\n\n<p>SE\u00c7\u0130MLER\u0130 ANTALYA KAZANDI<\/p>\n\n\n\n<p>Se\u00e7im s\u00fcrecinde m\u00fczikle ve ara\u00e7larla se\u00e7im zaman\u0131 zaman zaman vatanda\u015flara rahats\u0131zl\u0131k vermi\u015f olabileceklerini s\u00f6yleyen Muhittin B\u00f6cek, \u201cOnlarda bu demokrasinin g\u00fczelli\u011fidir. Rahats\u0131zl\u0131k verdi\u011fimiz vatanda\u015flar\u0131m\u0131zdan \u00f6z\u00fcr dilerim. Antalya\u2019m\u0131z i\u00e7in &nbsp;meclis \u00fcyesi arkada\u015flar\u0131m\u0131z ile kimseyi \u00f6tekile\u015ftirmeden ayn\u0131 azim ve kararl\u0131kla \u00e7al\u0131\u015fmalar\u0131m\u0131za devam edece\u011fiz. Bu mazbatay\u0131 bana lay\u0131k g\u00f6ren Antalya\u2019ya te\u015fekk\u00fcr ediyorum. Herkesin belediye ba\u015fkan\u0131 olmaktan bir an olsun ayr\u0131lmadan sizlerin oylar\u0131n\u0131 namusun gibi koruyaca\u011f\u0131ma s\u00f6z veriyorum. Se\u00e7imi demokrasi kazand\u0131, se\u00e7imi Antalya kazand\u0131\u201d ifadelerini kulland\u0131.<\/p>\n\n\n\n<p>ATAT\u00dcRK ANITINA \u00c7ELENK SUNDU<\/p>\n\n\n\n<p>Ba\u015fkan B\u00f6cek, mazbatas\u0131n\u0131 ald\u0131ktan sonra Cumhuriyet Meydan\u0131&#8217;ndaki Atat\u00fcrk An\u0131t\u0131&#8217;na \u00e7elenk koydu ve sayg\u0131 duru\u015funda bulundu.<\/p>\n\n\n\n<p>Antalya B\u00fcy\u00fck\u015fehir Belediyesi \/ B\u00fclten<\/p>\n","protected":false},"excerpt":{"rendered":"<p>31 Mart Mahalli \u0130dareler Genel Se\u00e7imlerinde ikinci kez \u00fcst \u00fcste B\u00fcy\u00fck\u015fehir Belediye Ba\u015fkan\u0131 se\u00e7ilerek, Antalya tarihinde bir ilki ba\u015faran Muhittin B\u00f6cek, mazbatas\u0131n\u0131 ald\u0131. Ba\u015fkan B\u00f6cek, <a href=\"https:\/\/akdenizhaber.com.tr\/index.php\/2024\/04\/05\/bocek-secimleri-demokrasi-kazandi-antalya-kazandi\/\" class=\"read-more-link\">[more&#8230;]<\/a><\/p>\n","protected":false},"author":2,"featured_media":22279,"comment_status":"open","ping_status":"open","sticky":false,"template":"","format":"standard","meta":{"footnotes":""},"categories":[2],"tags":[],"class_list":["post-22278","post","type-post","status-publish","format-standard","has-post-thumbnail","hentry","category-gundem"],"_links":{"self":[{"href":"https:\/\/akdenizhaber.com.tr\/index.php\/wp-json\/wp\/v2\/posts\/22278","targetHints":{"allow":["GET"]}}],"collection":[{"href":"https:\/\/akdenizhaber.com.tr\/index.php\/wp-json\/wp\/v2\/posts"}],"about":[{"href":"https:\/\/akdenizhaber.com.tr\/index.php\/wp-json\/wp\/v2\/types\/post"}],"author":[{"embeddable":true,"href":"https:\/\/akdenizhaber.com.tr\/index.php\/wp-json\/wp\/v2\/users\/2"}],"replies":[{"embeddable":true,"href":"https:\/\/akdenizhaber.com.tr\/index.php\/wp-json\/wp\/v2\/comments?post=22278"}],"version-history":[{"count":1,"href":"https:\/\/akdenizhaber.com.tr\/index.php\/wp-json\/wp\/v2\/posts\/22278\/revisions"}],"predecessor-version":[{"id":22280,"href":"https:\/\/akdenizhaber.com.tr\/index.php\/wp-json\/wp\/v2\/posts\/22278\/revisions\/22280"}],"wp:featuredmedia":[{"embeddable":true,"href":"https:\/\/akdenizhaber.com.tr\/index.php\/wp-json\/wp\/v2\/media\/22279"}],"wp:attachment":[{"href":"https:\/\/akdenizhaber.com.tr\/index.php\/wp-json\/wp\/v2\/media?parent=22278"}],"wp:term":[{"taxonomy":"category","embeddable":true,"href":"https:\/\/akdenizhaber.com.tr\/index.php\/wp-json\/wp\/v2\/categories?post=22278"},{"taxonomy":"post_tag","embeddable":true,"href":"https:\/\/akdenizhaber.com.tr\/index.php\/wp-json\/wp\/v2\/tags?post=22278"}],"curies":[{"name":"wp","href":"https:\/\/api.w.org\/{rel}","templated":true}]}}