{"id":22275,"date":"2024-04-05T13:24:08","date_gmt":"2024-04-05T10:24:08","guid":{"rendered":"https:\/\/akdenizhaber.com.tr\/?p=22275"},"modified":"2024-04-05T13:24:09","modified_gmt":"2024-04-05T10:24:09","slug":"vali-sahin-iftarda-manavgatlilar-ile-bulustu","status":"publish","type":"post","link":"https:\/\/akdenizhaber.com.tr\/index.php\/2024\/04\/05\/vali-sahin-iftarda-manavgatlilar-ile-bulustu\/","title":{"rendered":"Vali \u015eahin \u0130ftarda Manavgatl\u0131lar ile Bulu\u015ftu"},"content":{"rendered":"\n<p><br>Antalya Valisi Hulusi \u015eahin ile e\u015fi Ebru \u015eahin Manavgat Kaymakaml\u0131\u011f\u0131n\u0131n d\u00fczenledi\u011fi programda Manavgatl\u0131larla iftar yapt\u0131.<\/p>\n\n\n\n<p>Ramazan\u0131n ay\u0131 boyunca Antalya&#8217;n\u0131n farkl\u0131 yerlerinde farkl\u0131 kesimleriyle bir araya geldi\u011fini belirten Vali \u015eahin Ramazan ay\u0131n\u0131n payla\u015f\u0131m ay\u0131 oldu\u011funu vurgulayarak Manavgatl\u0131larla ayn\u0131 iftar sofras\u0131n\u0131 payla\u015fmaktan mutlulu\u011fu duydu\u011funu ifade etti.&nbsp;<br>Antalya\u2019n\u0131n Alanya ve Kumluca d\u0131\u015f il\u00e7elerinin ard\u0131ndan Manavgat\u2019ta Manavgatl\u0131larla beraber olduklar\u0131n\u0131 belirten Vali \u015eahin &#8220;Son iftar program\u0131m\u0131z\u0131 da, Kadir Gecesinde Elmal\u0131\u2019da yapaca\u011f\u0131z. B\u00f6ylelikle iki bat\u0131 iki do\u011fu il\u00e7esinde hem\u015fehrilerimizle bulu\u015fmu\u015f olaca\u011f\u0131z. G\u00f6n\u00fcl ister ki t\u00fcm Antalyal\u0131larla bir araya gelelim ama iki milyon alt\u0131 y\u00fcz bin insan\u0131n ya\u015fad\u0131\u011f\u0131 bu b\u00fcy\u00fck \u015fehirde ancak planlayarak olu\u015fturdu\u011fumuz sofralarda bir araya gelebiliyoruz&#8221; dedi.<br>D\u00fczenledi\u011fi iftar program\u0131ndan dolay\u0131 Manavgat kaymakam\u0131 Adil Karaka\u015f\u2019a te\u015fekk\u00fcr eden Vali \u015eahin, Manavgatl\u0131lar\u0131n yakla\u015fan Ramazan Bayram\u0131 ve Kadir Gecesini kutlad\u0131.<br>Antalya Valili\u011fi \/ B\u00fclten<\/p>\n\n\n\n<p><\/p>\n","protected":false},"excerpt":{"rendered":"<p>Antalya Valisi Hulusi \u015eahin ile e\u015fi Ebru \u015eahin Manavgat Kaymakaml\u0131\u011f\u0131n\u0131n d\u00fczenledi\u011fi programda Manavgatl\u0131larla iftar yapt\u0131. Ramazan\u0131n ay\u0131 boyunca Antalya&#8217;n\u0131n farkl\u0131 yerlerinde farkl\u0131 kesimleriyle bir araya <a href=\"https:\/\/akdenizhaber.com.tr\/index.php\/2024\/04\/05\/vali-sahin-iftarda-manavgatlilar-ile-bulustu\/\" class=\"read-more-link\">[more&#8230;]<\/a><\/p>\n","protected":false},"author":2,"featured_media":22276,"comment_status":"open","ping_status":"open","sticky":false,"template":"","format":"standard","meta":{"footnotes":""},"categories":[2],"tags":[],"class_list":["post-22275","post","type-post","status-publish","format-standard","has-post-thumbnail","hentry","category-gundem"],"_links":{"self":[{"href":"https:\/\/akdenizhaber.com.tr\/index.php\/wp-json\/wp\/v2\/posts\/22275","targetHints":{"allow":["GET"]}}],"collection":[{"href":"https:\/\/akdenizhaber.com.tr\/index.php\/wp-json\/wp\/v2\/posts"}],"about":[{"href":"https:\/\/akdenizhaber.com.tr\/index.php\/wp-json\/wp\/v2\/types\/post"}],"author":[{"embeddable":true,"href":"https:\/\/akdenizhaber.com.tr\/index.php\/wp-json\/wp\/v2\/users\/2"}],"replies":[{"embeddable":true,"href":"https:\/\/akdenizhaber.com.tr\/index.php\/wp-json\/wp\/v2\/comments?post=22275"}],"version-history":[{"count":1,"href":"https:\/\/akdenizhaber.com.tr\/index.php\/wp-json\/wp\/v2\/posts\/22275\/revisions"}],"predecessor-version":[{"id":22277,"href":"https:\/\/akdenizhaber.com.tr\/index.php\/wp-json\/wp\/v2\/posts\/22275\/revisions\/22277"}],"wp:featuredmedia":[{"embeddable":true,"href":"https:\/\/akdenizhaber.com.tr\/index.php\/wp-json\/wp\/v2\/media\/22276"}],"wp:attachment":[{"href":"https:\/\/akdenizhaber.com.tr\/index.php\/wp-json\/wp\/v2\/media?parent=22275"}],"wp:term":[{"taxonomy":"category","embeddable":true,"href":"https:\/\/akdenizhaber.com.tr\/index.php\/wp-json\/wp\/v2\/categories?post=22275"},{"taxonomy":"post_tag","embeddable":true,"href":"https:\/\/akdenizhaber.com.tr\/index.php\/wp-json\/wp\/v2\/tags?post=22275"}],"curies":[{"name":"wp","href":"https:\/\/api.w.org\/{rel}","templated":true}]}}