{"id":22272,"date":"2024-04-05T13:23:34","date_gmt":"2024-04-05T10:23:34","guid":{"rendered":"https:\/\/akdenizhaber.com.tr\/?p=22272"},"modified":"2024-04-05T13:23:34","modified_gmt":"2024-04-05T10:23:34","slug":"enflasyon-sabir-disiplin-ve-esit-yuk-paylasimi-ile-dizginlenecek","status":"publish","type":"post","link":"https:\/\/akdenizhaber.com.tr\/index.php\/2024\/04\/05\/enflasyon-sabir-disiplin-ve-esit-yuk-paylasimi-ile-dizginlenecek\/","title":{"rendered":"Enflasyon Sab\u0131r, Disiplin Ve E\u015fit Y\u00fck Payla\u015f\u0131m\u0131 \u0130le Dizginlenecek"},"content":{"rendered":"\n<p><\/p>\n\n\n\n<p>ATSO Y\u00f6netim Kurulu Ba\u015fkan\u0131 Ali Bahar, \u201c\u0130htiyac\u0131m\u0131z olan \u00fc\u00e7 \u015fey sab\u0131r, disiplin ve t\u00fcm taraflar\u0131n y\u00fck\u00fc payla\u015ft\u0131\u011f\u0131 bir dezenflasyon s\u00fcreci. Halk\u0131m\u0131zdan ve i\u015f d\u00fcnyas\u0131ndan beklenen fedak\u00e2rl\u0131\u011f\u0131 devletimiz de g\u00f6stermeli. O nedenle kamunun tasarruf etmesi, kay\u0131t d\u0131\u015f\u0131 ile m\u00fccadele etmesi, elini ta\u015f\u0131n alt\u0131na koymas\u0131 gerekiyor.\u201d<\/p>\n\n\n\n<p>Antalya Ticaret ve Sanayi Odas\u0131 (ATSO) Y\u00f6netim Kurulu Ba\u015fkan\u0131 Ali Bahar, yerel se\u00e7im s\u00fcreci sonras\u0131 i\u015f d\u00fcnyas\u0131n\u0131n beklentilerini aktard\u0131. \u00dclke genelinde bar\u0131\u015f\u00e7\u0131l bir yerel se\u00e7im s\u00fcrecinin ya\u015fand\u0131\u011f\u0131n\u0131 ifade eden Ba\u015fkan Bahar, \u00e7\u0131kan sonu\u00e7lar\u0131n \u00fclkemiz ve milletimiz ad\u0131na hay\u0131rl\u0131 olmas\u0131n\u0131 diledi. \u201cMilletimiz demokratik tercihlerini her zamanki gibi sa\u011fduyu ile yapm\u0131\u015f ve \u00f6n\u00fcm\u00fczdeki d\u00f6nemde hizmet edecek mahalli idarelerimizi belirlemi\u015ftir\u201d diye konu\u015fan Ba\u015fkan Ali Bahar, \u201c\u0130\u015f d\u00fcnyas\u0131 olarak odak noktam\u0131z ekonomi. \u00dclke olarak g\u00fcndemimize geri d\u00f6nmemiz gerekiyor. Se\u00e7im gecesi Say\u0131n Cumhurba\u015fkan\u0131n\u0131n, hemen arkas\u0131ndan Say\u0131n Cumhurba\u015fkan\u0131 Yard\u0131mc\u0131s\u0131n\u0131n ve Say\u0131n Hazine-Maliye Bakan\u0131n\u0131n bu minvalde ekonomimize d\u00f6n\u00fck olarak dile getirdikleri d\u00fc\u015f\u00fcncelerinden \u00f6t\u00fcr\u00fc son derece b\u00fcy\u00fck memnuniyet duyduk\u201d dedi.<\/p>\n\n\n\n<p>GEREKL\u0130L\u0130K DE\u011e\u0130L B\u0130R ZARUR\u0130YET<\/p>\n\n\n\n<p>Ekonominin en b\u00fcy\u00fck sorununun enflasyon oldu\u011funu vurgulayan ATSO Ba\u015fkan\u0131 Ali Bahar, s\u00f6zlerini \u015f\u00f6yle s\u00fcrd\u00fcrd\u00fc;<\/p>\n\n\n\n<p>\u201cEnflasyon ba\u015fta olmak \u00fczere, hayat pahal\u0131l\u0131\u011f\u0131, verimlilik, katma de\u011ferli \u00fcretim, ihracat alan\u0131nda h\u0131zla yol almak, T\u00fcrkiye i\u00e7in bir gereklilik de\u011fil birzaruriyet. \u015eu anda ekonomimizin en b\u00fcy\u00fck sorunu enflasyon. \u00d6te yandan pek \u00e7ok sorunun kayna\u011f\u0131 da enflasyon. \u00d6ncelikle enflasyonu bir sorun olmaktan \u00e7\u0131karmal\u0131 ard\u0131ndan di\u011fer sorunlar\u0131m\u0131za d\u00f6nmeliyiz\u201d dedi.<\/p>\n\n\n\n<p>MAL\u0130YE POL\u0130T\u0130KASI \u0130LE DESTEKLENMEL\u0130<\/p>\n\n\n\n<p>2023 y\u0131l\u0131 yaz\u0131 itibariyle enflasyon ile m\u00fccadelede para politikas\u0131 ara\u00e7lar\u0131n\u0131n kullan\u0131ld\u0131\u011f\u0131n\u0131 hat\u0131rlatan Ba\u015fkan Bahar, \u201cMerkez Bankas\u0131 politika faizini, ani bir duru\u015fu engellemek ad\u0131na,&nbsp; kademeli olarak art\u0131rd\u0131. Bug\u00fcn ula\u015ft\u0131\u011f\u0131m\u0131z y\u00fczde 50\u2019lik oran\u0131, mevcut enflasyon dinamikleri g\u00f6z \u00f6n\u00fcne al\u0131nd\u0131\u011f\u0131nda TL\u2019nin cazibesini art\u0131rmak ad\u0131na yeterli bir oran olarak g\u00f6r\u00fcyoruz\u201d dedi. Para politikas\u0131n\u0131n maliye politikas\u0131yla desteklenmesi gerekti\u011finin alt\u0131n\u0131 \u00e7izen Ba\u015fkan Ali Bahar, \u201cSadece faiz art\u0131rarak enflasyonu yenmemiz m\u00fcmk\u00fcn de\u011fil. Bu konunun son yap\u0131lan EKK toplant\u0131s\u0131nda da kabul g\u00f6rmesi bizim i\u00e7in memnuniyet verici bir geli\u015fmedir\u201d diye konu\u015ftu.<\/p>\n\n\n\n<p>KAYIT DI\u015eI \u0130LE M\u00dcCADELE VE KAMUDA TASARRUFA D\u0130KKAT \u00c7EKT\u0130<\/p>\n\n\n\n<p>Ekonomide istikrar, b\u00fcy\u00fcme, enflasyon kontrol\u00fc ve i\u015fsizlik gibi genel ekonomik g\u00f6stergelerimiz do\u011frultusunda kay\u0131t d\u0131\u015f\u0131 ile m\u00fccadele ve kamuda tasarruf konular\u0131na dikkat \u00e7eken ATSO Ba\u015fkan\u0131 Ali Bahar, s\u00f6zlerini \u015f\u00f6yle s\u00fcrd\u00fcrd\u00fc;<\/p>\n\n\n\n<p>\u201cKay\u0131t d\u0131\u015f\u0131 ile m\u00fccadele konusunu hem Antalya Ticaret ve Sanayi Odas\u0131 hem de i\u015f d\u00fcnyas\u0131 olarak \u00f6nemsiyoruz. Kay\u0131t d\u0131\u015f\u0131 sorunun \u00f6nemini ancak ya\u015fayanlar bilir. B\u00fcy\u00fckl\u00fc\u011f\u00fcn\u00fc ise kay\u0131t d\u0131\u015f\u0131l\u0131\u011f\u0131 ortadan kald\u0131rd\u0131\u011f\u0131m\u0131zda sa\u011flanacak adil rekabet ortam\u0131 ve vergi gelirlerindeki art\u0131\u015f ile g\u00f6rebilece\u011fiz. \u0130kinci \u00f6ncelik ise kamuda tasarruf. Devletimizin yetkili kurum ve organlar\u0131n\u0131n net bir mesaj vermesi gerekiyor. Diyelim ki, \u00f6\u011fretmen ve doktor atamalar\u0131 d\u0131\u015f\u0131nda 2 y\u0131l boyunca tek bir ek istihdam yapmayaca\u011f\u0131z ve diyelim ki okul ve hastane d\u0131\u015f\u0131nda hi\u00e7bir kamu kurumuna yeni bina in\u015fas\u0131 i\u00e7in izin ve \u00f6denek vermeyece\u011fiz. Kamuda enerji t\u00fcketimine ili\u015fkin ve ara\u00e7 kullan\u0131m\u0131na keskin s\u0131n\u0131rlamalar getirece\u011fiz. Bunlar belki her biri ayr\u0131 ayr\u0131 b\u00fcy\u00fck tutarlar olmayabilir ancak birle\u015fince \u00e7ok b\u00fcy\u00fck mebla\u011flar olu\u015fturuyor. Halk\u0131m\u0131zdan ve i\u015f d\u00fcnyas\u0131ndan beklenen fedak\u00e2rl\u0131\u011f\u0131 devletimiz de g\u00f6stermeli. L\u00fctfen \u015funu unutmayal\u0131m; bug\u00fcn ya\u015fad\u0131\u011f\u0131m\u0131z enflasyonun sebebi ne i\u015f d\u00fcnyas\u0131 ne vatanda\u015ft\u0131r. O nedenle bunun \u00e7\u00f6z\u00fcm\u00fc kamunun tasarruf etmesi, elini ta\u015f\u0131n alt\u0131na koymas\u0131d\u0131r.\u201d<\/p>\n\n\n\n<p>ENFLASYONDA BEKLENEN GER\u0130LEME TEMMUZ AYINDA<\/p>\n\n\n\n<p>Ayl\u0131k enflasyonun Ocak ve \u015eubat ay\u0131nda beklentilerin \u00fczerinde ger\u00e7ekle\u015fmesinin ard\u0131ndan Mart enflasyonunun yava\u015flamas\u0131n\u0131n olumlu oldu\u011funu anlatan Ba\u015fkan Bahar, \u201cGe\u00e7en ay i\u00e7inde faiz art\u0131\u015f\u0131 ve gecikme faizlerindeki art\u0131\u015f\u0131n da etkisiyle Nisan\u2019da ekonomik aktivite biraz daha so\u011fuyacakt\u0131r\u201d dedi. Ekonomide ihtiya\u00e7 duyulan \u00fc\u00e7 \u015feyin sab\u0131r, disiplin ve t\u00fcm taraflar\u0131n y\u00fck\u00fc payla\u015ft\u0131\u011f\u0131 bir dezenflasyon s\u00fcreci oldu\u011funu s\u00f6zlerine ekleyen Bahar, \u201cEnflasyonu etkileyen de\u011fi\u015fkenler aras\u0131nda tahmin edilmesi en g\u00fc\u00e7 olan\u0131 d\u00f6viz kurundaki art\u0131\u015f ve petrol fiyatlar\u0131ndaki seyir. K\u00fcresel geli\u015fmeler ve i\u00e7eride at\u0131lan ad\u0131mlar\u0131n etkileri d\u00f6vizde enflasyonu tehdit edecek d\u00fczeyde yukar\u0131 y\u00f6nl\u00fc beklentileri zay\u0131flat\u0131yor. Enerji fiyatlar\u0131nda radikal bir y\u00fckseli\u015f olmaz ise Temmuz ay\u0131ndan itibaren enflasyonda beklenen gerileme, bizim beklentimizden \u00e7ok daha h\u0131zl\u0131 ger\u00e7ekle\u015febilir\u201d diye konu\u015ftu.<\/p>\n\n\n\n<p>Antalya Ticaret ve Sanayi Odas\u0131 \/ B\u00fclten<\/p>\n","protected":false},"excerpt":{"rendered":"<p>ATSO Y\u00f6netim Kurulu Ba\u015fkan\u0131 Ali Bahar, \u201c\u0130htiyac\u0131m\u0131z olan \u00fc\u00e7 \u015fey sab\u0131r, disiplin ve t\u00fcm taraflar\u0131n y\u00fck\u00fc payla\u015ft\u0131\u011f\u0131 bir dezenflasyon s\u00fcreci. Halk\u0131m\u0131zdan ve i\u015f d\u00fcnyas\u0131ndan beklenen <a href=\"https:\/\/akdenizhaber.com.tr\/index.php\/2024\/04\/05\/enflasyon-sabir-disiplin-ve-esit-yuk-paylasimi-ile-dizginlenecek\/\" class=\"read-more-link\">[more&#8230;]<\/a><\/p>\n","protected":false},"author":2,"featured_media":22273,"comment_status":"open","ping_status":"open","sticky":false,"template":"","format":"standard","meta":{"footnotes":""},"categories":[2],"tags":[],"class_list":["post-22272","post","type-post","status-publish","format-standard","has-post-thumbnail","hentry","category-gundem"],"_links":{"self":[{"href":"https:\/\/akdenizhaber.com.tr\/index.php\/wp-json\/wp\/v2\/posts\/22272","targetHints":{"allow":["GET"]}}],"collection":[{"href":"https:\/\/akdenizhaber.com.tr\/index.php\/wp-json\/wp\/v2\/posts"}],"about":[{"href":"https:\/\/akdenizhaber.com.tr\/index.php\/wp-json\/wp\/v2\/types\/post"}],"author":[{"embeddable":true,"href":"https:\/\/akdenizhaber.com.tr\/index.php\/wp-json\/wp\/v2\/users\/2"}],"replies":[{"embeddable":true,"href":"https:\/\/akdenizhaber.com.tr\/index.php\/wp-json\/wp\/v2\/comments?post=22272"}],"version-history":[{"count":1,"href":"https:\/\/akdenizhaber.com.tr\/index.php\/wp-json\/wp\/v2\/posts\/22272\/revisions"}],"predecessor-version":[{"id":22274,"href":"https:\/\/akdenizhaber.com.tr\/index.php\/wp-json\/wp\/v2\/posts\/22272\/revisions\/22274"}],"wp:featuredmedia":[{"embeddable":true,"href":"https:\/\/akdenizhaber.com.tr\/index.php\/wp-json\/wp\/v2\/media\/22273"}],"wp:attachment":[{"href":"https:\/\/akdenizhaber.com.tr\/index.php\/wp-json\/wp\/v2\/media?parent=22272"}],"wp:term":[{"taxonomy":"category","embeddable":true,"href":"https:\/\/akdenizhaber.com.tr\/index.php\/wp-json\/wp\/v2\/categories?post=22272"},{"taxonomy":"post_tag","embeddable":true,"href":"https:\/\/akdenizhaber.com.tr\/index.php\/wp-json\/wp\/v2\/tags?post=22272"}],"curies":[{"name":"wp","href":"https:\/\/api.w.org\/{rel}","templated":true}]}}