{"id":22266,"date":"2024-04-05T13:22:23","date_gmt":"2024-04-05T10:22:23","guid":{"rendered":"https:\/\/akdenizhaber.com.tr\/?p=22266"},"modified":"2024-04-05T13:22:23","modified_gmt":"2024-04-05T10:22:23","slug":"buyuksehir-belediyesinde-coskulu-karsilama","status":"publish","type":"post","link":"https:\/\/akdenizhaber.com.tr\/index.php\/2024\/04\/05\/buyuksehir-belediyesinde-coskulu-karsilama\/","title":{"rendered":"B\u00fcy\u00fck\u015fehir Belediyesi\u2019nde co\u015fkulu kar\u015f\u0131lama"},"content":{"rendered":"\n<p><\/p>\n\n\n\n<p>Antalya\u2019da ikinci kez \u00fcst \u00fcste B\u00fcy\u00fck\u015fehir Belediye Ba\u015fkan\u0131 se\u00e7ilerek bir ilke imza atan Muhittin B\u00f6cek, belediye \u00f6n\u00fcnde d\u00fczenlenen t\u00f6renle g\u00f6revine ba\u015flad\u0131. B\u00fcy\u00fck co\u015fkunun ya\u015fand\u0131\u011f\u0131 t\u00f6rende Ba\u015fkan B\u00f6cek, \u201c\u015eimdiye kadar oldu\u011fu gibi bundan sonra da hi\u00e7 kimseyi \u00f6tekile\u015ftirmeden, hi\u00e7 kimseyi dini, dili, mezhebi, ya\u015fam tarz\u0131 nedeniyle ay\u0131rmadan hizmet edece\u011fim\u201d dedi. Antalya\u2019n\u0131n yine bar\u0131\u015f\u0131n, \u00e7a\u011fda\u015fl\u0131\u011f\u0131n, \u00f6zg\u00fcrl\u00fc\u011f\u00fcn kenti olmaya devam edece\u011finin alt\u0131n\u0131 \u00e7izen Ba\u015fkan B\u00f6cek, \u201cVerdi\u011finiz oylar\u0131 namusum gibi koruyaca\u011f\u0131ma s\u00f6z veriyorum. Herkesin Ba\u015fkan\u0131 olmaktan asla vazge\u00e7meyece\u011fim\u201d diye konu\u015ftu.<\/p>\n\n\n\n<p>Antalya\u2019da ikinci kez \u00fcst \u00fcste B\u00fcy\u00fck\u015fehir Belediye Ba\u015fkan\u0131 se\u00e7ilerek bir ilke imza atan Muhittin B\u00f6cek i\u00e7in mazbatas\u0131n\u0131 ald\u0131ktan sonra B\u00fcy\u00fck\u015fehir Belediyesi \u00f6n\u00fcnde g\u00f6reve ba\u015flama t\u00f6reni d\u00fczenlendi. T\u00f6rene CHP \u0130l Ba\u015fkan\u0131 Nail Kamac\u0131, Parti Meclis \u00dcyesi \u015eeng\u00fcl Ye\u015fildal, Y\u00fcksek Disiplin Kurulu \u00dcyesi Deniz Demir\u00f6z, CHP Antalya Milletvekilleri Aliye Co\u015far, Cavit Ar\u0131, Mustafa Erdem, Sururi \u00c7orabat\u0131r, CHP \u0130l\u00e7e Belediye Ba\u015fkanlar\u0131, CHP \u0130l\u00e7e Ba\u015fkanlar\u0131 ve \u00e7ok say\u0131da vatanda\u015f ile belediye personeli kat\u0131ld\u0131.&nbsp; Alan\u0131 dolduran vatanda\u015flar ellerinde T\u00fcrk Bayraklar\u0131 ile b\u00fcy\u00fck co\u015fku ya\u015fad\u0131.&nbsp; Vatanda\u015flar\u0131n sevgi g\u00f6sterileriyle kar\u015f\u0131lad\u0131\u011f\u0131 B\u00f6cek, \u2018Herkesin Ba\u015fkan\u0131\u2019 sloganlar\u0131 ile alk\u0131\u015flar e\u015fli\u011finde Antalyal\u0131lar\u0131 selamlad\u0131.<\/p>\n\n\n\n<p>OY VEREN VERMEYEN HERKES\u0130N EMR\u0130NDE OLACA\u011eIM<\/p>\n\n\n\n<p>Ba\u015fkan B\u00f6cek konu\u015fmas\u0131na 26 Ocak\u2019ta adayl\u0131\u011f\u0131n\u0131 a\u00e7\u0131klayan CHP Genel Ba\u015fkan\u0131 \u00d6zg\u00fcr \u00d6zel\u2019e, partililere ve kendisine g\u00fcvenen, inanan t\u00fcm vatanda\u015flara te\u015fekk\u00fcr ederek ba\u015flad\u0131. Ba\u015fkan B\u00f6cek bundan sonra da oy veren vermeyen b\u00fct\u00fcn Antalyal\u0131lar\u0131n emrinde olaca\u011f\u0131n\u0131 ifade ederek, vatanda\u015flara \u015f\u00f6yle seslendi: \u201cSiz bana, yeniden \u00e2\u015f\u0131k oldu\u011fum Antalya\u2019ma hizmet etme g\u00f6revini bah\u015fettiniz. Antalya\u2019n\u0131n ba\u011fr\u0131nda do\u011fup b\u00fcy\u00fcyen ben; sizden biri oldu\u011fumu da, koltuklar\u0131n ve makamlar\u0131n ge\u00e7ici oldu\u011funu da, bana verdi\u011finiz sorumlulu\u011fun de\u011ferini de hi\u00e7 unutmad\u0131m.&nbsp; Memleketimin ve vatan\u0131m\u0131n hi\u00e7bir k\u00f6\u015fesinde, ba\u015f\u0131m\u0131 \u00f6ne e\u011fdirecek bir yanl\u0131\u015fa imza atmad\u0131m.&nbsp; Att\u0131\u011f\u0131m her ad\u0131m\u0131; sizlere duydu\u011fum sorumluluk, memleketime ve vatan\u0131ma olan sevdamla att\u0131m. G\u00fcc\u00fcm\u00fc hep sizden, sevgiden ald\u0131m. G\u00fcc\u00fcm\u00fc hep her \u015feyimizi bor\u00e7lu oldu\u011fumuz Cumhuriyet\u2019ten ve Atat\u00fcrk\u2019ten ald\u0131m.\u201d<\/p>\n\n\n\n<p>CUMHUR\u0130YET KAZANDI<\/p>\n\n\n\n<p>\u201cBu se\u00e7imi ne kazand\u0131 biliyor musunuz?\u201d diye soran Ba\u015fkan B\u00f6cek, \u201cBu se\u00e7imi 5 y\u0131l \u00f6nce g\u00f6reve geldi\u011fimde ilk i\u015fimiz olarak yapt\u0131\u011f\u0131m\u0131z arkamdaki tabelaya ekledi\u011fimiz T\u00fcrkiye Cumhuriyeti yaz\u0131s\u0131 kazand\u0131.&nbsp; Toroslar\u0131n evlad\u0131 dedi\u011finiz k\u00f6yl\u00fc \u00e7ocu\u011fu Muhittin B\u00f6cek\u2019i bug\u00fcnlere getiren T\u00fcrkiye Cumhuriyeti kazand\u0131. Bu se\u00e7imi demokrasi kazand\u0131\u201d dedi.<\/p>\n\n\n\n<p>Egemenli\u011fin kay\u0131ts\u0131z \u015farts\u0131z milletin oldu\u011funu vurgulayan Ba\u015fkan Muhittin B\u00f6cek, \u201cNe mutlu bana ki Antalya B\u00fcy\u00fck\u015fehir Belediyesi\u2019ni \u00fcst \u00fcste iki defa kazanan bir belediye ba\u015fkan\u0131 olarak huzurlar\u0131n\u0131zday\u0131m. Birlikte \u00e7al\u0131\u015ft\u0131k, birlikte ba\u015fard\u0131k. Antalya\u2019m\u0131z kazand\u0131. Antalya\u2019m\u0131za yeniden bahar\u0131 getiren sizlersiniz. Gelece\u011fe dair umutlar\u0131m\u0131z\u0131 ye\u015ferten sizlersiniz. Hepinize te\u015fekk\u00fcr ediyorum\u201d diye konu\u015ftu.<\/p>\n\n\n\n<p>DAHA \u00c7OK \u00c7ALI\u015eACA\u011eIZ<\/p>\n\n\n\n<p>Pandemiden orman yang\u0131n\u0131na depremden sellere zorluklar\u0131 halkla birlikte a\u015ft\u0131klar\u0131n\u0131 dile getiren Ba\u015fkan Muhittin B\u00f6cek, \u015funlar\u0131 kaydetti: \u201cHi\u00e7bir bahaneye s\u0131\u011f\u0131nmad\u0131k. Verdi\u011fimiz s\u00f6zleri teker teker yerine getirdik. Vazge\u00e7medik, pes etmedik, yorulmad\u0131k, y\u0131lmad\u0131k. Allah\u0131ma \u015f\u00fck\u00fcrler olsun ki y\u0131k\u0131lmad\u0131k. \u00c7\u00fcnk\u00fc biz atam\u0131z\u0131n \u201cdinlenmemek \u00fczere yola \u00e7\u0131kanlar asla yorulmazlar\u201d s\u00f6z\u00fcn\u00fc her daim ilke edindik. Dinlenmeyece\u011fiz, yorulmayaca\u011f\u0131z, her zamankinden \u00e7ok daha fazla \u00e7al\u0131\u015faca\u011f\u0131z. Se\u00e7im s\u00fcrecindeki haks\u0131z ele\u015ftirileri, yalanlar\u0131, t\u00fcm engellemeleri geride b\u0131rakaca\u011f\u0131z. Mevlana\u2019n\u0131n dedi\u011fi gibi d\u00fcn d\u00fcnde kald\u0131 canca\u011f\u0131z\u0131m, bug\u00fcn g\u00fczel \u015feyler s\u00f6ylemek laz\u0131m.\u201d<\/p>\n\n\n\n<p>DESTAN YAZDIK<\/p>\n\n\n\n<p>Elde ettikleri se\u00e7im ba\u015far\u0131s\u0131yla bug\u00fcne kadar g\u00f6r\u00fclmemi\u015f bir destan yazd\u0131klar\u0131n\u0131n alt\u0131n\u0131 \u00e7izen Antalya B\u00fcy\u00fck\u015fehir Belediye Ba\u015fkan\u0131 Muhittin B\u00f6cek, \u015f\u00f6yle devam etti: \u201cB\u00fcy\u00fck\u015fehir Belediyemizle birlikte 19 il\u00e7eden kazand\u0131\u011f\u0131m\u0131z 16 il\u00e7e belediyemizin yan\u0131 s\u0131ra \u0130brad\u0131, G\u00fcndo\u011fmu\u015f, Kumluca\u2019y\u0131 da kendi belediyemiz gibi g\u00f6rece\u011fiz. 19 il\u00e7emizin belediye ba\u015fkanlar\u0131yla, meclis \u00fcyelerimizle, 15 bin 486 \u00e7al\u0131\u015fma arkada\u015f\u0131m\u0131zla, 913 muhtar\u0131m\u0131zla, sivil toplum \u00f6rg\u00fctlerimizle omuz omuza \u00e7al\u0131\u015faca\u011f\u0131z.&nbsp; 2 milyon 696 bin Antalyal\u0131ya, her y\u0131l ziyarete gelen 25 milyon yerli yabanc\u0131 misafire en iyi \u015fekilde hizmet sunaca\u011f\u0131z. \u015eimdi g\u00f6revimiz daha b\u00fcy\u00fck. Halk\u0131m\u0131z\u0131n bizlere verdi\u011fi muhte\u015fem deste\u011fin ve sorumlulu\u011fun fark\u0131nday\u0131z. Sadece vaatlerimizi de\u011fil daha fazlas\u0131n\u0131 yapaca\u011f\u0131z.<\/p>\n\n\n\n<p>S\u00f6z verdiklerimizin daha fazlas\u0131 i\u00e7in \u00e7al\u0131\u015faca\u011f\u0131z.\u201d<\/p>\n\n\n\n<p>HERKES KAZANDI<\/p>\n\n\n\n<p>Antalya\u2019y\u0131 daha g\u00fczel yar\u0131nlara ortak ak\u0131lla ta\u015f\u0131yacaklar\u0131n\u0131 s\u00f6yleyen Ba\u015fkan Muhittin B\u00f6cek, \u201cHep s\u00f6yledim yine s\u00f6yl\u00fcyorum. Bu se\u00e7imi kazanan emeklilerimizdir, \u00e7ift\u00e7ilerimizdir, turizmcilerimizdir, esnaf\u0131m\u0131zd\u0131r, gen\u00e7lerimizdir, kad\u0131nlar\u0131m\u0131zd\u0131r, i\u015f\u00e7ilerimizdir, emek\u00e7ilerimizdir. Bu se\u00e7imi kazanan birlikte al\u0131n teri d\u00f6kt\u00fc\u011f\u00fcm\u00fcz belediye \u00e7al\u0131\u015fanlar\u0131m\u0131zd\u0131r. \u015eimdi buradan s\u00f6yl\u00fcyorum, b\u00fct\u00fcn \u00e7al\u0131\u015fma arkada\u015flar\u0131m sadece g\u00f6revini aksatmadan yapacak, asla siyaset yapmayacakt\u0131r\u201d ifadelerini kulland\u0131. Ba\u015fkan B\u00f6cek, bu se\u00e7imi, kendisini TC vatanda\u015f\u0131 kabul eden, ezana, al bayra\u011fa sahip \u00e7\u0131kan,&nbsp; Cumhuriyetin de\u011ferlerine ve mavi g\u00f6zl\u00fc dev adam\u0131n devrimlerine inanan herkesin kazand\u0131\u011f\u0131n\u0131 vurgulad\u0131.<\/p>\n\n\n\n<p>HERKES\u0130N BA\u015eKANI OLMAYA DEVAM EDECE\u011e\u0130M<\/p>\n\n\n\n<p>Antalyal\u0131lar\u0131n kendisine \u201cHerkesin Ba\u015fkan\u0131\u201d dedi\u011fini hat\u0131rlatan Ba\u015fkan B\u00f6cek, \u00f6mr\u00fcn\u00fcn sonuna kadar buna lay\u0131k olmaya \u00e7al\u0131\u015faca\u011f\u0131n\u0131 ifade ederek, \u201cAy\u0131rmadan, kay\u0131rmadan, milletimizin paras\u0131n\u0131 milletimize harcamaya devam edece\u011fim. \u015eimdiye kadar oldu\u011fu gibi bundan sonra da hi\u00e7 kimseyi \u00f6tekile\u015ftirmeden, hi\u00e7 kimseyi dini, dili, mezhebi, ya\u015fam tarz\u0131 nedeniyle ay\u0131rmadan hizmet etmeye devam edece\u011fim\u201d dedi.<\/p>\n\n\n\n<p>B\u00fcy\u00fck\u015fehir Belediye Ba\u015fkan\u0131 Muhittin B\u00f6cek, d\u00fcnya kenti Antalya\u2019n\u0131n yine bar\u0131\u015f\u0131n, \u00e7a\u011fda\u015fl\u0131\u011f\u0131n, \u00f6zg\u00fcrl\u00fc\u011f\u00fcn kenti olmaya devam edece\u011finin alt\u0131n\u0131 \u00e7izdi. Vatanda\u015f\u0131n oylar\u0131n\u0131 namusu gibi koruyaca\u011f\u0131na s\u00f6z veren Ba\u015fkan B\u00f6cek, \u201cHerkesin Ba\u015fkan\u0131 olmaktan asla vazge\u00e7meyece\u011fim. Ben s\u00f6z\u00fcm\u00fc Antalya\u2019m\u0131za, sizlere verdim. Azimle gururla 5 y\u0131l daha. Sevgiyle kal\u0131n, cumhuriyetle kal\u0131n, Atat\u00fcrk\u2019le kal\u0131n\u201d diyerek s\u00f6zlerini tamamlad\u0131.<\/p>\n\n\n\n<p>Ba\u015fkan B\u00f6cek, konu\u015fmas\u0131n\u0131n ard\u0131ndan \u0130l Ba\u015fkan\u0131 Nail Kamac\u0131, Milletvekilleri ve \u0130l\u00e7e Belediye Ba\u015fkanlar\u0131 ile birlikte halk\u0131 selamlad\u0131. Ba\u015fkan B\u00f6cek daha sonra belediyede tebrikleri kabul etti.<\/p>\n\n\n\n<p><a><\/a>Antalya B\u00fcy\u00fck\u015fehir Belediyesi \/ B\u00fclten<\/p>\n","protected":false},"excerpt":{"rendered":"<p>Antalya\u2019da ikinci kez \u00fcst \u00fcste B\u00fcy\u00fck\u015fehir Belediye Ba\u015fkan\u0131 se\u00e7ilerek bir ilke imza atan Muhittin B\u00f6cek, belediye \u00f6n\u00fcnde d\u00fczenlenen t\u00f6renle g\u00f6revine ba\u015flad\u0131. B\u00fcy\u00fck co\u015fkunun ya\u015fand\u0131\u011f\u0131 t\u00f6rende <a href=\"https:\/\/akdenizhaber.com.tr\/index.php\/2024\/04\/05\/buyuksehir-belediyesinde-coskulu-karsilama\/\" class=\"read-more-link\">[more&#8230;]<\/a><\/p>\n","protected":false},"author":2,"featured_media":22267,"comment_status":"open","ping_status":"open","sticky":false,"template":"","format":"standard","meta":{"footnotes":""},"categories":[2],"tags":[],"class_list":["post-22266","post","type-post","status-publish","format-standard","has-post-thumbnail","hentry","category-gundem"],"_links":{"self":[{"href":"https:\/\/akdenizhaber.com.tr\/index.php\/wp-json\/wp\/v2\/posts\/22266","targetHints":{"allow":["GET"]}}],"collection":[{"href":"https:\/\/akdenizhaber.com.tr\/index.php\/wp-json\/wp\/v2\/posts"}],"about":[{"href":"https:\/\/akdenizhaber.com.tr\/index.php\/wp-json\/wp\/v2\/types\/post"}],"author":[{"embeddable":true,"href":"https:\/\/akdenizhaber.com.tr\/index.php\/wp-json\/wp\/v2\/users\/2"}],"replies":[{"embeddable":true,"href":"https:\/\/akdenizhaber.com.tr\/index.php\/wp-json\/wp\/v2\/comments?post=22266"}],"version-history":[{"count":1,"href":"https:\/\/akdenizhaber.com.tr\/index.php\/wp-json\/wp\/v2\/posts\/22266\/revisions"}],"predecessor-version":[{"id":22268,"href":"https:\/\/akdenizhaber.com.tr\/index.php\/wp-json\/wp\/v2\/posts\/22266\/revisions\/22268"}],"wp:featuredmedia":[{"embeddable":true,"href":"https:\/\/akdenizhaber.com.tr\/index.php\/wp-json\/wp\/v2\/media\/22267"}],"wp:attachment":[{"href":"https:\/\/akdenizhaber.com.tr\/index.php\/wp-json\/wp\/v2\/media?parent=22266"}],"wp:term":[{"taxonomy":"category","embeddable":true,"href":"https:\/\/akdenizhaber.com.tr\/index.php\/wp-json\/wp\/v2\/categories?post=22266"},{"taxonomy":"post_tag","embeddable":true,"href":"https:\/\/akdenizhaber.com.tr\/index.php\/wp-json\/wp\/v2\/tags?post=22266"}],"curies":[{"name":"wp","href":"https:\/\/api.w.org\/{rel}","templated":true}]}}