{"id":22224,"date":"2024-04-04T15:21:19","date_gmt":"2024-04-04T12:21:19","guid":{"rendered":"https:\/\/akdenizhaber.com.tr\/?p=22224"},"modified":"2024-04-04T15:21:20","modified_gmt":"2024-04-04T12:21:20","slug":"buyuksehir-cumhuriyet-meydanindaki-engelleri-kaldirdi","status":"publish","type":"post","link":"https:\/\/akdenizhaber.com.tr\/index.php\/2024\/04\/04\/buyuksehir-cumhuriyet-meydanindaki-engelleri-kaldirdi\/","title":{"rendered":"B\u00fcy\u00fck\u015fehir Cumhuriyet Meydan\u0131\u2019ndaki engelleri kald\u0131rd\u0131"},"content":{"rendered":"\n<p><\/p>\n\n\n\n<p>Antalya B\u00fcy\u00fck\u015fehir Belediyesi Cumhuriyet Meydan\u0131\u2019nda bulunan tramvay hatt\u0131ndaki kot fark\u0131n\u0131 gidererek engelleri ortadan kald\u0131rd\u0131. Nostalji tramvay\u0131 da seferlerine ba\u015flad\u0131.<\/p>\n\n\n\n<p>Antalya B\u00fcy\u00fck\u015fehir Belediyesi, engelli bireylerin ihtiya\u00e7lar\u0131n\u0131 gidermek i\u00e7in \u00e7al\u0131\u015fmalar\u0131na devam ediyor. Bu kapsamda Cumhuriyet Meydan\u0131&#8217;nda bulunan tramvay hatt\u0131ndaki kot fark\u0131 giderilerek engeller ortadan kald\u0131r\u0131ld\u0131. Yap\u0131lan d\u00fczenleme ile engelli vatanda\u015flar ve di\u011fer dezavantajl\u0131 gruplar\u0131n \u015fehir i\u00e7i ula\u015f\u0131mda daha rahat ve g\u00fcvenli bir \u015fekilde hareket edebilecekler.<\/p>\n\n\n\n<p>CUMHUR\u0130YET MEYDANI D\u00dcZENLEND\u0130<\/p>\n\n\n\n<p>Antalya B\u00fcy\u00fck\u015fehir Belediyesi Fen \u0130\u015fleri Dairesi Ba\u015fkanl\u0131\u011f\u0131 taraf\u0131ndan Cumhuriyet Meydan\u0131\u2019n\u0131n nostaljik tramvay hatt\u0131nda ba\u015flat\u0131lan \u00e7al\u0131\u015fmalar bitirildi. Cumhuriyet Meydan\u0131\u2019ndaki kot fark\u0131 nedeniyle engelli bireyler bu alana ula\u015fmakta zorluk \u00e7ekiyordu. \u00c7al\u0131\u015fmalar\u0131n tamamlanmas\u0131yla engelli bireyler Cumhuriyet meydan\u0131na ula\u015fma konusunda s\u0131k\u0131nt\u0131lar giderilmi\u015f oldu. \u00c7al\u0131\u015fman\u0131n bitmesiyle Mezbaha-M\u00fcze aras\u0131ndaki nostalji tramvay\u0131 seferleri de ba\u015flad\u0131.<\/p>\n\n\n\n<p>ENGELS\u0130Z \u015eEH\u0130R ANTALYA<\/p>\n\n\n\n<p>T\u00fcrkiye Sakatlar Federasyonu Antalya \u015eube Ba\u015fkan\u0131 Mehmet Karavural, Cumhuriyet Meydan\u0131\u2019nda ger\u00e7ekle\u015ftirilen \u00e7al\u0131\u015fmalar\u0131n engelli vatanda\u015flar i\u00e7in \u00e7ok \u00f6nemli oldu\u011funu s\u00f6yledi. Karavural \u201cEngelli vatanda\u015flar\u0131m\u0131z Cumhuriyet Meydan\u0131 yap\u0131ld\u0131\u011f\u0131 zamandan bu g\u00fcne kadar ge\u00e7i\u015flerde zorluk \u00e7ekiyordu. Ba\u015fkan\u0131m\u0131z Muhittin B\u00f6cek\u2019e taleplerimizi ilettik ve burada bir \u00e7al\u0131\u015fma ba\u015flat\u0131ld\u0131. \u015eu anda Cumhuriyet Meydan\u0131 b\u00fct\u00fcnle\u015fmi\u015f bir yap\u0131ya kavu\u015ftu. Tramvay hatt\u0131ndaki kot fark\u0131n\u0131n giderilmesinin yan\u0131nda g\u00f6rme engelliler i\u00e7in k\u0131lavuz \u00e7izgileri de yenilendi. Kenti engelli engelsiz herkesin kullanabilmesi gerekiyor. Bu yap\u0131lan \u00e7al\u0131\u015fmalar engelli vatanda\u015flar\u0131m\u0131z i\u00e7in eri\u015filemeyen alanlar\u0131 eri\u015filir k\u0131lmak ad\u0131na \u00e7ok \u00f6nemli\u201d dedi.<\/p>\n\n\n\n<p>BA\u015eKAN B\u00d6CEK\u2019E TE\u015eEKK\u00dcR<\/p>\n\n\n\n<p>G\u00f6rme Engelli Rag\u0131p Ali Yaman da &nbsp;yap\u0131lan \u00e7al\u0131\u015fmalar\u0131n hem g\u00f6rme hem y\u00fcr\u00fcme engelli vatanda\u015flar i\u00e7in g\u00fczel bir \u00e7al\u0131\u015fma oldu\u011funu s\u00f6yledi. Yaman \u201cBurada daha \u00f6nce kald\u0131r\u0131mlar \u00e7ok y\u00fcksekti. G\u00f6rme engelliler i\u00e7in bu durum zorluklar\u0131 da beraberinde getiriyordu. Yard\u0131m almadan kar\u015f\u0131ya ge\u00e7emiyorduk. Aya\u011f\u0131m\u0131z tak\u0131larak d\u00fc\u015febiliyorduk. Tekerlekli sandalyeli arkada\u015flar\u0131m\u0131z d\u00fc\u015f\u00fcn\u00fcnce daha da k\u00f6t\u00fc oluyor. Yap\u0131lan \u00e7al\u0131\u015fmayla burada bulunan engel \u00e7ok g\u00fczel bir \u015fekilde a\u015f\u0131lm\u0131\u015f. Yap\u0131lan \u00e7al\u0131\u015fmalardan dolay\u0131 Ba\u015fkan\u0131m\u0131z Muhitttin B\u00f6cek\u2019e te\u015fekk\u00fcr ediyorum\u201d diye konu\u015ftu.<\/p>\n\n\n\n<p>Antalya B\u00fcy\u00fck\u015fehir Belediyesi \/ B\u00fclten<\/p>\n","protected":false},"excerpt":{"rendered":"<p>Antalya B\u00fcy\u00fck\u015fehir Belediyesi Cumhuriyet Meydan\u0131\u2019nda bulunan tramvay hatt\u0131ndaki kot fark\u0131n\u0131 gidererek engelleri ortadan kald\u0131rd\u0131. Nostalji tramvay\u0131 da seferlerine ba\u015flad\u0131. Antalya B\u00fcy\u00fck\u015fehir Belediyesi, engelli bireylerin ihtiya\u00e7lar\u0131n\u0131 <a href=\"https:\/\/akdenizhaber.com.tr\/index.php\/2024\/04\/04\/buyuksehir-cumhuriyet-meydanindaki-engelleri-kaldirdi\/\" class=\"read-more-link\">[more&#8230;]<\/a><\/p>\n","protected":false},"author":2,"featured_media":22225,"comment_status":"open","ping_status":"open","sticky":false,"template":"","format":"standard","meta":{"footnotes":""},"categories":[2],"tags":[],"class_list":["post-22224","post","type-post","status-publish","format-standard","has-post-thumbnail","hentry","category-gundem"],"_links":{"self":[{"href":"https:\/\/akdenizhaber.com.tr\/index.php\/wp-json\/wp\/v2\/posts\/22224","targetHints":{"allow":["GET"]}}],"collection":[{"href":"https:\/\/akdenizhaber.com.tr\/index.php\/wp-json\/wp\/v2\/posts"}],"about":[{"href":"https:\/\/akdenizhaber.com.tr\/index.php\/wp-json\/wp\/v2\/types\/post"}],"author":[{"embeddable":true,"href":"https:\/\/akdenizhaber.com.tr\/index.php\/wp-json\/wp\/v2\/users\/2"}],"replies":[{"embeddable":true,"href":"https:\/\/akdenizhaber.com.tr\/index.php\/wp-json\/wp\/v2\/comments?post=22224"}],"version-history":[{"count":1,"href":"https:\/\/akdenizhaber.com.tr\/index.php\/wp-json\/wp\/v2\/posts\/22224\/revisions"}],"predecessor-version":[{"id":22226,"href":"https:\/\/akdenizhaber.com.tr\/index.php\/wp-json\/wp\/v2\/posts\/22224\/revisions\/22226"}],"wp:featuredmedia":[{"embeddable":true,"href":"https:\/\/akdenizhaber.com.tr\/index.php\/wp-json\/wp\/v2\/media\/22225"}],"wp:attachment":[{"href":"https:\/\/akdenizhaber.com.tr\/index.php\/wp-json\/wp\/v2\/media?parent=22224"}],"wp:term":[{"taxonomy":"category","embeddable":true,"href":"https:\/\/akdenizhaber.com.tr\/index.php\/wp-json\/wp\/v2\/categories?post=22224"},{"taxonomy":"post_tag","embeddable":true,"href":"https:\/\/akdenizhaber.com.tr\/index.php\/wp-json\/wp\/v2\/tags?post=22224"}],"curies":[{"name":"wp","href":"https:\/\/api.w.org\/{rel}","templated":true}]}}