{"id":22203,"date":"2024-04-04T14:24:29","date_gmt":"2024-04-04T11:24:29","guid":{"rendered":"https:\/\/akdenizhaber.com.tr\/?p=22203"},"modified":"2024-04-04T14:24:29","modified_gmt":"2024-04-04T11:24:29","slug":"ozel-bireyler-agac-dikti-can-suyunu-verdi","status":"publish","type":"post","link":"https:\/\/akdenizhaber.com.tr\/index.php\/2024\/04\/04\/ozel-bireyler-agac-dikti-can-suyunu-verdi\/","title":{"rendered":"\u00d6zel bireyler a\u011fa\u00e7 dikti, can suyunu verdi"},"content":{"rendered":"\n<p><\/p>\n\n\n\n<p>Antalya B\u00fcy\u00fck\u015fehir Belediyesi b\u00fcnyesinde faaliyet g\u00f6steren \u00d6zel B\u00fcy\u00fck\u015fehir \u00d6zel E\u011fitim Okulu ve Rehabilitasyon Merkezi2 Nisan D\u00fcnya Otizm Fark\u0131ndal\u0131k G\u00fcn\u00fc kapsam\u0131nda \u00f6zel bireylere anlaml\u0131 bir etkinlik d\u00fczenlendi.<\/p>\n\n\n\n<p>Birle\u015fmi\u015f Milletler taraf\u0131ndan otizm konusunda fark\u0131ndal\u0131k yaratmak ve bu alandaki sorunlara dikkat \u00e7ekmek amac\u0131yla belirlenen 2 Nisan Otizm Fark\u0131ndal\u0131k G\u00fcn\u00fc\u2019nde Antalya B\u00fcy\u00fck\u015fehir Belediyesi anlaml\u0131 bir etkinlik ger\u00e7ekle\u015ftirdi. \u00d6zel B\u00fcy\u00fck\u015fehir \u00d6zel E\u011fitim Okulu ve Rehabilitasyon Merkezi\u2019nde \u00f6zel bireyler i\u00e7in \u00e7e\u015fitli etkinlikler d\u00fczenlendi.<\/p>\n\n\n\n<p>F\u0130DAN D\u0130K\u0130P CAN SUYU VERD\u0130LER<\/p>\n\n\n\n<p>Rehabilitasyon Merkezi bah\u00e7esinde fidan diken \u00f6\u011frenciler g\u00fcn boyunca farkl\u0131 etkinliklerle muhte\u015fem bir g\u00fcn ge\u00e7irdi. \u00d6zel bireyler, fidanlara can suyu verdi. Fidan dikiminden sonra bireyler, bocce oyunu ile hem e\u011flendi hem de sosyal becerilerini geli\u015ftirdi.<\/p>\n\n\n\n<p>Antalya B\u00fcy\u00fck\u015fehir Belediyesi \/ B\u00fclten<\/p>\n","protected":false},"excerpt":{"rendered":"<p>Antalya B\u00fcy\u00fck\u015fehir Belediyesi b\u00fcnyesinde faaliyet g\u00f6steren \u00d6zel B\u00fcy\u00fck\u015fehir \u00d6zel E\u011fitim Okulu ve Rehabilitasyon Merkezi2 Nisan D\u00fcnya Otizm Fark\u0131ndal\u0131k G\u00fcn\u00fc kapsam\u0131nda \u00f6zel bireylere anlaml\u0131 bir etkinlik <a href=\"https:\/\/akdenizhaber.com.tr\/index.php\/2024\/04\/04\/ozel-bireyler-agac-dikti-can-suyunu-verdi\/\" class=\"read-more-link\">[more&#8230;]<\/a><\/p>\n","protected":false},"author":2,"featured_media":22204,"comment_status":"open","ping_status":"open","sticky":false,"template":"","format":"standard","meta":{"footnotes":""},"categories":[2],"tags":[],"class_list":["post-22203","post","type-post","status-publish","format-standard","has-post-thumbnail","hentry","category-gundem"],"_links":{"self":[{"href":"https:\/\/akdenizhaber.com.tr\/index.php\/wp-json\/wp\/v2\/posts\/22203","targetHints":{"allow":["GET"]}}],"collection":[{"href":"https:\/\/akdenizhaber.com.tr\/index.php\/wp-json\/wp\/v2\/posts"}],"about":[{"href":"https:\/\/akdenizhaber.com.tr\/index.php\/wp-json\/wp\/v2\/types\/post"}],"author":[{"embeddable":true,"href":"https:\/\/akdenizhaber.com.tr\/index.php\/wp-json\/wp\/v2\/users\/2"}],"replies":[{"embeddable":true,"href":"https:\/\/akdenizhaber.com.tr\/index.php\/wp-json\/wp\/v2\/comments?post=22203"}],"version-history":[{"count":1,"href":"https:\/\/akdenizhaber.com.tr\/index.php\/wp-json\/wp\/v2\/posts\/22203\/revisions"}],"predecessor-version":[{"id":22205,"href":"https:\/\/akdenizhaber.com.tr\/index.php\/wp-json\/wp\/v2\/posts\/22203\/revisions\/22205"}],"wp:featuredmedia":[{"embeddable":true,"href":"https:\/\/akdenizhaber.com.tr\/index.php\/wp-json\/wp\/v2\/media\/22204"}],"wp:attachment":[{"href":"https:\/\/akdenizhaber.com.tr\/index.php\/wp-json\/wp\/v2\/media?parent=22203"}],"wp:term":[{"taxonomy":"category","embeddable":true,"href":"https:\/\/akdenizhaber.com.tr\/index.php\/wp-json\/wp\/v2\/categories?post=22203"},{"taxonomy":"post_tag","embeddable":true,"href":"https:\/\/akdenizhaber.com.tr\/index.php\/wp-json\/wp\/v2\/tags?post=22203"}],"curies":[{"name":"wp","href":"https:\/\/api.w.org\/{rel}","templated":true}]}}