{"id":22196,"date":"2024-04-03T13:42:16","date_gmt":"2024-04-03T10:42:16","guid":{"rendered":"https:\/\/akdenizhaber.com.tr\/?p=22196"},"modified":"2024-04-03T13:42:16","modified_gmt":"2024-04-03T10:42:16","slug":"kaplanin-aci-gunu","status":"publish","type":"post","link":"https:\/\/akdenizhaber.com.tr\/index.php\/2024\/04\/03\/kaplanin-aci-gunu\/","title":{"rendered":"Kaplan\u2019\u0131n Ac\u0131 G\u00fcn\u00fc"},"content":{"rendered":"\n<p><\/p>\n\n\n\n<p>\u0130hlas Haber Ajans\u0131 ve Nehir Gazetesi Muhabiri Gazeteci Arif Kaplan, Adil, Osman ve S\u00fcleyman Kaplan\u2019\u0131n anneleri Hac\u0131 Ya\u015far (Havva) Kaplan vefat etti. Merhume \u00f6nceki g\u00fcn ikindi namaz\u0131n\u0131 m\u00fcteakiben K\u0131z\u0131la\u011fa\u00e7 mezarl\u0131\u011f\u0131nda topra\u011fa verildi.<br>Merhumeye Allahtan rahmet kederli ailesine ve yak\u0131nlar\u0131na Ba\u015fsa\u011fl\u0131\u011f\u0131 dileriz.<\/p>\n\n\n\n<p>B\u00fc\u015fra Deveci \/ Haber<\/p>\n","protected":false},"excerpt":{"rendered":"<p>\u0130hlas Haber Ajans\u0131 ve Nehir Gazetesi Muhabiri Gazeteci Arif Kaplan, Adil, Osman ve S\u00fcleyman Kaplan\u2019\u0131n anneleri Hac\u0131 Ya\u015far (Havva) Kaplan vefat etti. Merhume \u00f6nceki g\u00fcn <a href=\"https:\/\/akdenizhaber.com.tr\/index.php\/2024\/04\/03\/kaplanin-aci-gunu\/\" class=\"read-more-link\">[more&#8230;]<\/a><\/p>\n","protected":false},"author":2,"featured_media":22197,"comment_status":"open","ping_status":"open","sticky":false,"template":"","format":"standard","meta":{"footnotes":""},"categories":[2],"tags":[],"class_list":["post-22196","post","type-post","status-publish","format-standard","has-post-thumbnail","hentry","category-gundem"],"_links":{"self":[{"href":"https:\/\/akdenizhaber.com.tr\/index.php\/wp-json\/wp\/v2\/posts\/22196","targetHints":{"allow":["GET"]}}],"collection":[{"href":"https:\/\/akdenizhaber.com.tr\/index.php\/wp-json\/wp\/v2\/posts"}],"about":[{"href":"https:\/\/akdenizhaber.com.tr\/index.php\/wp-json\/wp\/v2\/types\/post"}],"author":[{"embeddable":true,"href":"https:\/\/akdenizhaber.com.tr\/index.php\/wp-json\/wp\/v2\/users\/2"}],"replies":[{"embeddable":true,"href":"https:\/\/akdenizhaber.com.tr\/index.php\/wp-json\/wp\/v2\/comments?post=22196"}],"version-history":[{"count":1,"href":"https:\/\/akdenizhaber.com.tr\/index.php\/wp-json\/wp\/v2\/posts\/22196\/revisions"}],"predecessor-version":[{"id":22198,"href":"https:\/\/akdenizhaber.com.tr\/index.php\/wp-json\/wp\/v2\/posts\/22196\/revisions\/22198"}],"wp:featuredmedia":[{"embeddable":true,"href":"https:\/\/akdenizhaber.com.tr\/index.php\/wp-json\/wp\/v2\/media\/22197"}],"wp:attachment":[{"href":"https:\/\/akdenizhaber.com.tr\/index.php\/wp-json\/wp\/v2\/media?parent=22196"}],"wp:term":[{"taxonomy":"category","embeddable":true,"href":"https:\/\/akdenizhaber.com.tr\/index.php\/wp-json\/wp\/v2\/categories?post=22196"},{"taxonomy":"post_tag","embeddable":true,"href":"https:\/\/akdenizhaber.com.tr\/index.php\/wp-json\/wp\/v2\/tags?post=22196"}],"curies":[{"name":"wp","href":"https:\/\/api.w.org\/{rel}","templated":true}]}}