{"id":22178,"date":"2024-04-03T13:32:54","date_gmt":"2024-04-03T10:32:54","guid":{"rendered":"https:\/\/akdenizhaber.com.tr\/?p=22178"},"modified":"2024-04-03T13:32:55","modified_gmt":"2024-04-03T10:32:55","slug":"her-cocuk-ozeldir-her-yolculuk-degerlidir","status":"publish","type":"post","link":"https:\/\/akdenizhaber.com.tr\/index.php\/2024\/04\/03\/her-cocuk-ozeldir-her-yolculuk-degerlidir\/","title":{"rendered":"Her \u00c7ocuk \u00d6zeldir, Her Yolculuk De\u011ferlidir"},"content":{"rendered":"\n<p><\/p>\n\n\n\n<p>2 Nisan D\u00fcnya Otizm Fark\u0131ndal\u0131k G\u00fcn\u00fc kapsam\u0131nda Konyaalt\u0131 Dr. G\u00fcnseli-Dr. B\u00fclent Ak\u0131nsal \u00d6zel E\u011fitim Ortaokulu ve \u00d6zel E\u011fitim Meslek Okulunda &#8220;2 Nisan Otizm Fark\u0131ndal\u0131k G\u00fcn\u00fc&#8221; program\u0131 d\u00fczenlendi.<\/p>\n\n\n\n<p>Konyaalt\u0131 Dr. G\u00fcnseli-Dr. B\u00fclent Ak\u0131nsal \u00d6zel E\u011fitim Ortaokulu ve \u00d6zel E\u011fitim Meslek Okulunda d\u00fczenlenen programa, Antalya \u0130l Milli E\u011fitim M\u00fcd\u00fcr\u00fc Salih Kaygusuz, Konyaalt\u0131 \u0130l\u00e7e Milli E\u011fitim M\u00fcd\u00fcr\u00fc Say\u0131n Mehmet G\u00fcrcan, \u015fube m\u00fcd\u00fcrleri ile veliler ve \u00f6\u011frenciler kat\u0131ld\u0131.<\/p>\n\n\n\n<p>&#8220;\u00d6zel&#8221; \u00f6\u011frenciler, sergiledikleri \u015fiir dinletileri, step ve dans g\u00f6steri ile bu \u00f6zel g\u00fcne renk katt\u0131lar.<\/p>\n\n\n\n<p>2 Nisan D\u00fcnya Otizm Fark\u0131ndal\u0131k G\u00fcn\u00fc vesilesiyle &#8220;\u00f6zel&#8221; \u00e7ocuklarla bir araya gelen \u0130l Milli E\u011fitim M\u00fcd\u00fcr\u00fc Salih Kaygusuz \u015funlar\u0131 ifade etti: &#8220;\u00d6zel \u00e7ocuklar\u0131m\u0131z\u0131n bizim i\u00e7in ne kadar k\u0131ymetli oldu\u011funu, ne kadar \u00f6nemli oldu\u011funu bir kez daha buradan vurgulamak istiyorum. En iyi \u015fekilde, en hassas \u015fekilde bu \u00e7ocuklar\u0131m\u0131z\u0131n e\u011fitim ortamlar\u0131n\u0131 d\u00fczenleyece\u011fiz ve e\u011fitimlerini almalar\u0131n\u0131 sa\u011flayaca\u011f\u0131z. Bu bizim g\u00f6revimiz. Bu g\u00f6revi de \u00f6\u011fretmenlerimiz en iyi \u015fekilde yerine getiriyorlar. Tabi burada \u00f6\u011frencilerimiz bizim i\u00e7in k\u0131ymetli, sizleri \u00e7ok seviyoruz \u00e7ocuklar, sizler \u00e7ok g\u00fczelsiniz, \u00e7ok \u00f6zelsiniz ama sizlere hizmet eden \u00f6\u011fretmenlerimiz de bizim i\u00e7in k\u0131ymetli ve de\u011ferli. Ben \u00f6\u011fretmenlerimize \u00e7ok \u00e7ok te\u015fekk\u00fcr ediyorum size vermi\u015f olduklar\u0131 emeklerden dolay\u0131. D\u00fcnya Otizm Fark\u0131ndal\u0131k g\u00fcn\u00fc dolay\u0131s\u0131yla t\u00fcm d\u00fcnyada, Antalya&#8217;da bu \u00f6zel \u00e7ocuklar\u0131n \u00f6zel olduklar\u0131 ile alakal\u0131 fark\u0131ndal\u0131\u011f\u0131n artmas\u0131 dile\u011fiyle, sadece bug\u00fcn i\u00e7in de\u011fil t\u00fcm zamanlar artmas\u0131 dile\u011fiyle programda eme\u011fi ge\u00e7en \u00e7ocuklar\u0131m\u0131za ve \u00f6\u011fretmenlerimize tekrar te\u015fekk\u00fcr ediyorum, hepinizi sevgiyle selaml\u0131yorum.&#8221;<\/p>\n\n\n\n<p>Antalya Milli E\u011fitim Bakanl\u0131\u011f\u0131 \/ B\u00fclten<\/p>\n","protected":false},"excerpt":{"rendered":"<p>2 Nisan D\u00fcnya Otizm Fark\u0131ndal\u0131k G\u00fcn\u00fc kapsam\u0131nda Konyaalt\u0131 Dr. G\u00fcnseli-Dr. B\u00fclent Ak\u0131nsal \u00d6zel E\u011fitim Ortaokulu ve \u00d6zel E\u011fitim Meslek Okulunda &#8220;2 Nisan Otizm Fark\u0131ndal\u0131k G\u00fcn\u00fc&#8221; <a href=\"https:\/\/akdenizhaber.com.tr\/index.php\/2024\/04\/03\/her-cocuk-ozeldir-her-yolculuk-degerlidir\/\" class=\"read-more-link\">[more&#8230;]<\/a><\/p>\n","protected":false},"author":2,"featured_media":22179,"comment_status":"open","ping_status":"open","sticky":false,"template":"","format":"standard","meta":{"footnotes":""},"categories":[2],"tags":[],"class_list":["post-22178","post","type-post","status-publish","format-standard","has-post-thumbnail","hentry","category-gundem"],"_links":{"self":[{"href":"https:\/\/akdenizhaber.com.tr\/index.php\/wp-json\/wp\/v2\/posts\/22178","targetHints":{"allow":["GET"]}}],"collection":[{"href":"https:\/\/akdenizhaber.com.tr\/index.php\/wp-json\/wp\/v2\/posts"}],"about":[{"href":"https:\/\/akdenizhaber.com.tr\/index.php\/wp-json\/wp\/v2\/types\/post"}],"author":[{"embeddable":true,"href":"https:\/\/akdenizhaber.com.tr\/index.php\/wp-json\/wp\/v2\/users\/2"}],"replies":[{"embeddable":true,"href":"https:\/\/akdenizhaber.com.tr\/index.php\/wp-json\/wp\/v2\/comments?post=22178"}],"version-history":[{"count":1,"href":"https:\/\/akdenizhaber.com.tr\/index.php\/wp-json\/wp\/v2\/posts\/22178\/revisions"}],"predecessor-version":[{"id":22180,"href":"https:\/\/akdenizhaber.com.tr\/index.php\/wp-json\/wp\/v2\/posts\/22178\/revisions\/22180"}],"wp:featuredmedia":[{"embeddable":true,"href":"https:\/\/akdenizhaber.com.tr\/index.php\/wp-json\/wp\/v2\/media\/22179"}],"wp:attachment":[{"href":"https:\/\/akdenizhaber.com.tr\/index.php\/wp-json\/wp\/v2\/media?parent=22178"}],"wp:term":[{"taxonomy":"category","embeddable":true,"href":"https:\/\/akdenizhaber.com.tr\/index.php\/wp-json\/wp\/v2\/categories?post=22178"},{"taxonomy":"post_tag","embeddable":true,"href":"https:\/\/akdenizhaber.com.tr\/index.php\/wp-json\/wp\/v2\/tags?post=22178"}],"curies":[{"name":"wp","href":"https:\/\/api.w.org\/{rel}","templated":true}]}}