{"id":22175,"date":"2024-04-03T13:32:12","date_gmt":"2024-04-03T10:32:12","guid":{"rendered":"https:\/\/akdenizhaber.com.tr\/?p=22175"},"modified":"2024-04-03T13:32:13","modified_gmt":"2024-04-03T10:32:13","slug":"gemi-atiklari-degil-dogal-polen-tozlari","status":"publish","type":"post","link":"https:\/\/akdenizhaber.com.tr\/index.php\/2024\/04\/03\/gemi-atiklari-degil-dogal-polen-tozlari\/","title":{"rendered":"Gemi At\u0131klar\u0131 De\u011fil, Do\u011fal Polen Tozlar\u0131"},"content":{"rendered":"\n<p><\/p>\n\n\n\n<p>\u00c7evre Koruma ve Kontrol M\u00fcd\u00fcrl\u00fc\u011f\u00fcne deniz y\u00fczeyinde gemi ve deniz ara\u00e7lar\u0131ndan kaynakl\u0131 at\u0131klar\u0131n bo\u015falt\u0131ld\u0131\u011f\u0131na dair gelen \u015fikayetler \u00fczerine Deniz ve K\u0131y\u0131 Y\u00f6netimi \u015eube M\u00fcd\u00fcrl\u00fc\u011f\u00fc ekiplerince al\u0131nan deniz suyu numunelerinde yap\u0131lan analizlerin sonucunda polen tozu oldu\u011fu belirtildi.<\/p>\n\n\n\n<p>Antalya B\u00fcy\u00fck\u015fehir Belediyesi Kamuoyu Duyurusu aynen \u015f\u00f6yle; \u2018Son g\u00fcnlerde, \u00c7evre Koruma ve Kontrol M\u00fcd\u00fcrl\u00fc\u011f\u00fcm\u00fcze deniz y\u00fczeyinde gemi ve deniz ara\u00e7lar\u0131ndan kaynakl\u0131 at\u0131klar\u0131n bo\u015falt\u0131ld\u0131\u011f\u0131na dair gelen bildirimlere istinaden Deniz ve K\u0131y\u0131 Y\u00f6netimi \u015eube M\u00fcd\u00fcrl\u00fc\u011f\u00fcm\u00fcz ekiplerince al\u0131nan deniz suyu numunelerinde yap\u0131lan analiz ve mikroskobik incelemeler neticesinde s\u00f6z konusu maddelerin organik k\u00f6kenli mevsimsel de\u011fi\u015fime dayal\u0131 polen tozu oldu\u011fu tespit edilmi\u015ftir.&nbsp;<\/p>\n\n\n\n<p>Antalya k\u0131y\u0131lar\u0131m\u0131zda, genellikle bu d\u00f6nemlerde deniz y\u00fczeyinde ak\u0131nt\u0131yla \u00e7izgisel bir hat olarak, y\u00fczeysel sularda ise k\u00fcmelenmi\u015f \u015fekilde g\u00f6r\u00fclen sar\u0131 renk tonlar\u0131ndaki tabaka, mevsimsel de\u011fi\u015fimle birlikte do\u011fal olarak r\u00fczgarlarla ta\u015f\u0131nan bitki ve a\u011fa\u00e7 polenlerinden kaynaklanmaktad\u0131r.<\/p>\n\n\n\n<p>Bahar aylar\u0131n\u0131n gelmesi ve havalar\u0131n \u0131s\u0131nmas\u0131 ile birlikte bitki ve a\u011fa\u00e7lar\u0131n \u00fczerindeki polenlerin ve \u00e7i\u00e7ek tozlar\u0131n\u0131n, do\u011fan\u0131n bir gere\u011fi olarak di\u011fer bitkilere ta\u015f\u0131nmas\u0131 ve \u00fcremeleri gerekmektedir. Bu ta\u015f\u0131n\u0131m do\u011fada r\u00fczgarlarla ger\u00e7ekle\u015fmektedir. Polenlerin \u00e7aplar\u0131 ortalama olarak 100 mikron boyutunda olup, yap\u0131lar\u0131 balmumu formunda oldu\u011fundan su y\u00fczeyinde y\u00fczmekte ve suya kar\u0131\u015fmamaktad\u0131rlar.<\/p>\n\n\n\n<p>Ara\u015ft\u0131rmalara g\u00f6re, bir orta boy meyve a\u011fac\u0131 ortalama 600 milyon ve bir \u00e7am kozala\u011f\u0131n\u0131n y\u0131lda 5 milyondan fazla, tek bir a\u011fac\u0131n ise 10 milyardan fazla polen \u00fcretebildi\u011fi g\u00f6z \u00f6n\u00fcne al\u0131nd\u0131\u011f\u0131nda k\u0131y\u0131lar\u0131m\u0131zdaki bu g\u00f6r\u00fcnt\u00fcn\u00fcn do\u011fal olabilece\u011fi d\u00fc\u015f\u00fcn\u00fclmektedir.<\/p>\n\n\n\n<p>Denizlerimizin korunmas\u0131na y\u00f6nelik \u00e7al\u0131\u015fmalar\u0131m\u0131z\u0131 titizlikle devam ettirece\u011fimizi siz de\u011ferli halk\u0131m\u0131z\u0131n ve kamuoyunun bilgisine sunar\u0131z.<\/p>\n\n\n\n<p><strong>Antalya B\u00fcy\u00fck\u015fehir Belediyesi \/ B\u00fclten<\/strong><\/p>\n","protected":false},"excerpt":{"rendered":"<p>\u00c7evre Koruma ve Kontrol M\u00fcd\u00fcrl\u00fc\u011f\u00fcne deniz y\u00fczeyinde gemi ve deniz ara\u00e7lar\u0131ndan kaynakl\u0131 at\u0131klar\u0131n bo\u015falt\u0131ld\u0131\u011f\u0131na dair gelen \u015fikayetler \u00fczerine Deniz ve K\u0131y\u0131 Y\u00f6netimi \u015eube M\u00fcd\u00fcrl\u00fc\u011f\u00fc ekiplerince <a href=\"https:\/\/akdenizhaber.com.tr\/index.php\/2024\/04\/03\/gemi-atiklari-degil-dogal-polen-tozlari\/\" class=\"read-more-link\">[more&#8230;]<\/a><\/p>\n","protected":false},"author":2,"featured_media":22176,"comment_status":"open","ping_status":"open","sticky":false,"template":"","format":"standard","meta":{"footnotes":""},"categories":[2],"tags":[],"class_list":["post-22175","post","type-post","status-publish","format-standard","has-post-thumbnail","hentry","category-gundem"],"_links":{"self":[{"href":"https:\/\/akdenizhaber.com.tr\/index.php\/wp-json\/wp\/v2\/posts\/22175","targetHints":{"allow":["GET"]}}],"collection":[{"href":"https:\/\/akdenizhaber.com.tr\/index.php\/wp-json\/wp\/v2\/posts"}],"about":[{"href":"https:\/\/akdenizhaber.com.tr\/index.php\/wp-json\/wp\/v2\/types\/post"}],"author":[{"embeddable":true,"href":"https:\/\/akdenizhaber.com.tr\/index.php\/wp-json\/wp\/v2\/users\/2"}],"replies":[{"embeddable":true,"href":"https:\/\/akdenizhaber.com.tr\/index.php\/wp-json\/wp\/v2\/comments?post=22175"}],"version-history":[{"count":1,"href":"https:\/\/akdenizhaber.com.tr\/index.php\/wp-json\/wp\/v2\/posts\/22175\/revisions"}],"predecessor-version":[{"id":22177,"href":"https:\/\/akdenizhaber.com.tr\/index.php\/wp-json\/wp\/v2\/posts\/22175\/revisions\/22177"}],"wp:featuredmedia":[{"embeddable":true,"href":"https:\/\/akdenizhaber.com.tr\/index.php\/wp-json\/wp\/v2\/media\/22176"}],"wp:attachment":[{"href":"https:\/\/akdenizhaber.com.tr\/index.php\/wp-json\/wp\/v2\/media?parent=22175"}],"wp:term":[{"taxonomy":"category","embeddable":true,"href":"https:\/\/akdenizhaber.com.tr\/index.php\/wp-json\/wp\/v2\/categories?post=22175"},{"taxonomy":"post_tag","embeddable":true,"href":"https:\/\/akdenizhaber.com.tr\/index.php\/wp-json\/wp\/v2\/tags?post=22175"}],"curies":[{"name":"wp","href":"https:\/\/api.w.org\/{rel}","templated":true}]}}