{"id":22172,"date":"2024-04-03T13:31:11","date_gmt":"2024-04-03T10:31:11","guid":{"rendered":"https:\/\/akdenizhaber.com.tr\/?p=22172"},"modified":"2024-04-03T13:31:12","modified_gmt":"2024-04-03T10:31:12","slug":"celtike-ornek-okur-belgesi","status":"publish","type":"post","link":"https:\/\/akdenizhaber.com.tr\/index.php\/2024\/04\/03\/celtike-ornek-okur-belgesi\/","title":{"rendered":"\u00c7eltik&#8217;e \u00d6rnek Okur Belgesi"},"content":{"rendered":"\n<p><\/p>\n\n\n\n<p>60.K\u00fct\u00fcphane Haftas\u0131 kutlamalar\u0131 ve \u00d6rnek Okur Projesi kapsam\u0131nda Manavgat \u0130l\u00e7e Halk K\u00fct\u00fcphanesi M\u00fcd\u00fcr\u00fc Hidayet Oktay taraf\u0131ndan Ba\u015far\u0131 Koleji 5.s\u0131n\u0131f \u00f6\u011frencisi Can \u00c7eltik&#8217;e &#8216;\u00d6rnek Okur Belgesi&#8217; verildi.<\/p>\n\n\n\n<p>\u0130l\u00e7e genelinde en \u00e7ok kitap okuyan\u0131n belirlendi\u011fi &#8216;\u00d6rnek Okur Projesi&#8217;nde Mart Ay\u0131 \u00d6rnek Okuru Ba\u015far\u0131 Koleji 5.s\u0131n\u0131f \u00f6\u011frencisi Can \u00c7eltik oldu.<\/p>\n\n\n\n<p>\u00d6rnek Okur Can \u00c7eltik&#8217;e &#8216;\u00d6rnek Okur Belgesi&#8217;, Ba\u015far\u0131 Koleji\u2019nde d\u00fczenlenen t\u00f6rende Manavgat \u0130l\u00e7e Halk K\u00fct\u00fcphanesi M\u00fcd\u00fcr\u00fc Hidayet Oktay, Ortaokul M\u00fcd\u00fcr\u00fc Necip \u00d6zbay, M\u00fcd\u00fcr Yard\u0131mc\u0131s\u0131 G\u00fclcan \u00dcnal ve T\u00fcrk\u00e7e \u00d6\u011fretmeni Merve Yi\u011fit taraf\u0131ndan takdim edilerek tebrik edildi.<\/p>\n\n\n\n<p>Haber Merkezi<\/p>\n","protected":false},"excerpt":{"rendered":"<p>60.K\u00fct\u00fcphane Haftas\u0131 kutlamalar\u0131 ve \u00d6rnek Okur Projesi kapsam\u0131nda Manavgat \u0130l\u00e7e Halk K\u00fct\u00fcphanesi M\u00fcd\u00fcr\u00fc Hidayet Oktay taraf\u0131ndan Ba\u015far\u0131 Koleji 5.s\u0131n\u0131f \u00f6\u011frencisi Can \u00c7eltik&#8217;e &#8216;\u00d6rnek Okur Belgesi&#8217; <a href=\"https:\/\/akdenizhaber.com.tr\/index.php\/2024\/04\/03\/celtike-ornek-okur-belgesi\/\" class=\"read-more-link\">[more&#8230;]<\/a><\/p>\n","protected":false},"author":2,"featured_media":22173,"comment_status":"open","ping_status":"open","sticky":false,"template":"","format":"standard","meta":{"footnotes":""},"categories":[2],"tags":[],"class_list":["post-22172","post","type-post","status-publish","format-standard","has-post-thumbnail","hentry","category-gundem"],"_links":{"self":[{"href":"https:\/\/akdenizhaber.com.tr\/index.php\/wp-json\/wp\/v2\/posts\/22172","targetHints":{"allow":["GET"]}}],"collection":[{"href":"https:\/\/akdenizhaber.com.tr\/index.php\/wp-json\/wp\/v2\/posts"}],"about":[{"href":"https:\/\/akdenizhaber.com.tr\/index.php\/wp-json\/wp\/v2\/types\/post"}],"author":[{"embeddable":true,"href":"https:\/\/akdenizhaber.com.tr\/index.php\/wp-json\/wp\/v2\/users\/2"}],"replies":[{"embeddable":true,"href":"https:\/\/akdenizhaber.com.tr\/index.php\/wp-json\/wp\/v2\/comments?post=22172"}],"version-history":[{"count":1,"href":"https:\/\/akdenizhaber.com.tr\/index.php\/wp-json\/wp\/v2\/posts\/22172\/revisions"}],"predecessor-version":[{"id":22174,"href":"https:\/\/akdenizhaber.com.tr\/index.php\/wp-json\/wp\/v2\/posts\/22172\/revisions\/22174"}],"wp:featuredmedia":[{"embeddable":true,"href":"https:\/\/akdenizhaber.com.tr\/index.php\/wp-json\/wp\/v2\/media\/22173"}],"wp:attachment":[{"href":"https:\/\/akdenizhaber.com.tr\/index.php\/wp-json\/wp\/v2\/media?parent=22172"}],"wp:term":[{"taxonomy":"category","embeddable":true,"href":"https:\/\/akdenizhaber.com.tr\/index.php\/wp-json\/wp\/v2\/categories?post=22172"},{"taxonomy":"post_tag","embeddable":true,"href":"https:\/\/akdenizhaber.com.tr\/index.php\/wp-json\/wp\/v2\/tags?post=22172"}],"curies":[{"name":"wp","href":"https:\/\/api.w.org\/{rel}","templated":true}]}}