{"id":22166,"date":"2024-04-03T13:29:33","date_gmt":"2024-04-03T10:29:33","guid":{"rendered":"https:\/\/akdenizhaber.com.tr\/?p=22166"},"modified":"2024-04-03T13:29:34","modified_gmt":"2024-04-03T10:29:34","slug":"aesob-baskani-adlihan-dereden-ramazan-bayraminda-piyasa-beklentisi","status":"publish","type":"post","link":"https:\/\/akdenizhaber.com.tr\/index.php\/2024\/04\/03\/aesob-baskani-adlihan-dereden-ramazan-bayraminda-piyasa-beklentisi\/","title":{"rendered":"AESOB Ba\u015fkan\u0131 Adl\u0131han Dere\u2019den Ramazan Bayram\u0131\u2019nda Piyasa Beklentisi"},"content":{"rendered":"\n<p><\/p>\n\n\n\n<p>Antalya Esnaf ve Sanatk\u00e2rlar Odalar\u0131 Birli\u011fi Ba\u015fkan\u0131 Adl\u0131han Dere Ramazan Bayram\u0131 al\u0131\u015fveri\u015fi hakk\u0131nda de\u011ferlendirmelerde bulundu. Bayram \u00f6ncesinde al\u0131\u015fveri\u015f yapacak olan vatanda\u015flar\u0131 merdiven alt\u0131 ve kalitesiz \u00fcr\u00fcnler konusunda uyar\u0131rken g\u00fcvenilir mahalle esnaf\u0131ndan al\u0131\u015fveri\u015f yap\u0131lmas\u0131 tavsiyesinde bulundu.<\/p>\n\n\n\n<p>AESOB Ba\u015fkan\u0131 Adl\u0131han Dere Ramazan Bayram\u0131 piyasa beklentilerini a\u00e7\u0131klarken;<br>\u201cRamazan Bayram\u0131\u2019nda piyasadan beklenti b\u00fcy\u00fck.&nbsp;Bu sene bayram tatilinin de 9 g\u00fcn olmas\u0131 ve havalar\u0131nda \u0131s\u0131nmaya ba\u015flamas\u0131yla birlikte sekt\u00f6rde bir hareketlilik bekleniyor.<br>Esnaflar\u0131m\u0131z bu bayramdan olduk\u00e7a umutlu\u2026\u201d ifadelerine yer verdi.<\/p>\n\n\n\n<p>Esnaf Ramazan Bayram\u0131\u2019ndan Umutlu\u2026<\/p>\n\n\n\n<p>AESOB Ba\u015fkan\u0131 Adl\u0131han Dere; \u201cBayram al\u0131\u015fveri\u015fleri ile piyasan\u0131n canlanmas\u0131n\u0131 d\u00f6rt g\u00f6zle bekleyen esnaf ve sanatkarlar\u0131m\u0131z haz\u0131rl\u0131klar\u0131n\u0131 tamamlad\u0131.&nbsp;Vatanda\u015flar\u0131m\u0131z da \u015fimdiden bayraml\u0131k, ikraml\u0131k, hediyelik gibi \u00fcr\u00fcnlerin al\u0131\u015fveri\u015fini yapmaya ba\u015flad\u0131. Bakkaldan, b\u00fcfecisine, kuruyemi\u015f\u00e7isinden, pastac\u0131s\u0131na, \u015fekerciden tatl\u0131c\u0131ya, kasaptan manava, ayakkab\u0131c\u0131dan konfeksiyoncuya, berberden kuaf\u00f6re, \u015fof\u00f6rden, otelcisine, pansiyoncusuna t\u00fcm sekt\u00f6rlerdeki esnaf ve sanatkar\u0131m\u0131z m\u00fc\u015fterisini bekliyor.&nbsp;&nbsp;Bayramda ailesini ve sevdiklerini ziyaret edecek olan, tatil veya memlekete gitme planlar\u0131 yapan vatanda\u015flar\u0131m\u0131z al\u0131\u015fveri\u015flerini esnaf ve sanatkarlar\u0131m\u0131zdan yaparak hem ekonomiye katk\u0131 koyacak hem de esnaflar\u0131m\u0131z\u0131n y\u00fcz\u00fcn\u00fcn g\u00fclmesine vesile olacakt\u0131r.&nbsp;Havalar\u0131nda \u0131s\u0131nmas\u0131yla beraber bayram tatilinin de 9 g\u00fcn olmas\u0131 sebebiyle \u015fehirler aras\u0131 yolculuk artacak dolay\u0131s\u0131yla \u2018Turizmin Ba\u015fkenti Antalya\u2019m\u0131zda piyasa canlanacakt\u0131r. \u00d6zellikle yerli turistler i\u00e7in tatil denilince Antalya vazge\u00e7ilmez bir durak noktas\u0131d\u0131r. \u00dclkemizin d\u00f6rt bir yan\u0131ndan gelecek olan k\u0131ymetli misafirlerimizi en iyi \u015fekilde a\u011f\u0131rlamak i\u00e7in g\u00fcn say\u0131yor, herkesi g\u00fczeller g\u00fczeli \u015fehrimiz Antalya\u2019m\u0131za bekliyoruz.\u201d \u015eeklinde a\u00e7\u0131klama yapt\u0131.<\/p>\n\n\n\n<p>Bayram Al\u0131\u015fveri\u015flerinizde Esnaflar\u0131m\u0131z\u0131 Tercih Ediniz.<\/p>\n\n\n\n<p>Bayram al\u0131\u015fveri\u015fleri konusunda uyar\u0131larda bulunan Ba\u015fkan Adl\u0131han Dere; \u201cVatanda\u015flar\u0131m\u0131z bayram al\u0131\u015fveri\u015fi yaparken \u00e7ok dikkatli olmal\u0131. Maalesef sekt\u00f6rde ya\u015fanan fiyat dengesizli\u011fi ve giderek artan fiyatlarla birlikte sa\u011fl\u0131ks\u0131z, kalitesiz ve merdiven alt\u0131 \u00fcretim artm\u0131\u015f durumda\u2026 Bunun d\u0131\u015f\u0131nda bir di\u011fer tehlike de tarihi ge\u00e7mi\u015f \u00fcr\u00fcnleri indirim ad\u0131 alt\u0131nda ucuz fiyatlara sat\u0131\u015fa sunuyorlar.&nbsp; Ucuza al\u0131\u015fveri\u015f yapaca\u011f\u0131m derken sa\u011fl\u0131\u011f\u0131n\u0131z\u0131 riske atmay\u0131n\u0131z. Sa\u011fl\u0131ks\u0131z ve hijyenik olmayan ko\u015fullarda nas\u0131l \u00fcretildi\u011fi belli olmayan yerler yerine mahallemizin oda \u00fcyesi g\u00fcvenilir esnaf ve sanatkarlar\u0131ndan al\u0131\u015fveri\u015f yap\u0131n\u0131z.&nbsp;Fiyatlar\u0131n y\u00fcksek seyretti\u011fi bu d\u00f6nemde bile esnaf ve sanatkarlar\u0131m\u0131zda her kesime her b\u00fct\u00e7eye uygun \u00fcr\u00fcn mevcut.&nbsp;Bayraml\u0131k al\u0131\u015fveri\u015flerinizde, seyahatlerinizde, aile ziyaretlerinizde, tatl\u0131, tekstil, yiyecek \u2013 i\u00e7ecek; pasta, b\u00f6rek, \u00e7\u00f6rek, kuruyemi\u015f, kolonya, kahve, \u015feker, \u00e7ikolata, ikraml\u0131klar, vb. ihtiya\u00e7lar\u0131n\u0131z i\u00e7in bakkal, b\u00fcfeci, kuruyemi\u015f\u00e7i, pastac\u0131, tatl\u0131c\u0131, manav, kasap, konfeksiyoncu, ayakkab\u0131c\u0131, z\u00fccaciyeci ve hediyelik e\u015fya sat\u0131c\u0131s\u0131 vb. yerli esnaflar\u0131m\u0131z\u0131 ki\u015fisel bak\u0131m ihtiya\u00e7lar\u0131n\u0131z i\u00e7in ise kuaf\u00f6r, berber ve g\u00fczellik salonu i\u015fletmecisi esnaflar\u0131m\u0131z\u0131 tercih ediniz.\u201d Dedi.<\/p>\n\n\n\n<p>Antalya Esnaf ve Sanatk\u00e2rlar Odalar\u0131 \/ B\u00fclten<\/p>\n","protected":false},"excerpt":{"rendered":"<p>Antalya Esnaf ve Sanatk\u00e2rlar Odalar\u0131 Birli\u011fi Ba\u015fkan\u0131 Adl\u0131han Dere Ramazan Bayram\u0131 al\u0131\u015fveri\u015fi hakk\u0131nda de\u011ferlendirmelerde bulundu. Bayram \u00f6ncesinde al\u0131\u015fveri\u015f yapacak olan vatanda\u015flar\u0131 merdiven alt\u0131 ve kalitesiz <a href=\"https:\/\/akdenizhaber.com.tr\/index.php\/2024\/04\/03\/aesob-baskani-adlihan-dereden-ramazan-bayraminda-piyasa-beklentisi\/\" class=\"read-more-link\">[more&#8230;]<\/a><\/p>\n","protected":false},"author":2,"featured_media":22167,"comment_status":"open","ping_status":"open","sticky":false,"template":"","format":"standard","meta":{"footnotes":""},"categories":[2],"tags":[],"class_list":["post-22166","post","type-post","status-publish","format-standard","has-post-thumbnail","hentry","category-gundem"],"_links":{"self":[{"href":"https:\/\/akdenizhaber.com.tr\/index.php\/wp-json\/wp\/v2\/posts\/22166","targetHints":{"allow":["GET"]}}],"collection":[{"href":"https:\/\/akdenizhaber.com.tr\/index.php\/wp-json\/wp\/v2\/posts"}],"about":[{"href":"https:\/\/akdenizhaber.com.tr\/index.php\/wp-json\/wp\/v2\/types\/post"}],"author":[{"embeddable":true,"href":"https:\/\/akdenizhaber.com.tr\/index.php\/wp-json\/wp\/v2\/users\/2"}],"replies":[{"embeddable":true,"href":"https:\/\/akdenizhaber.com.tr\/index.php\/wp-json\/wp\/v2\/comments?post=22166"}],"version-history":[{"count":1,"href":"https:\/\/akdenizhaber.com.tr\/index.php\/wp-json\/wp\/v2\/posts\/22166\/revisions"}],"predecessor-version":[{"id":22168,"href":"https:\/\/akdenizhaber.com.tr\/index.php\/wp-json\/wp\/v2\/posts\/22166\/revisions\/22168"}],"wp:featuredmedia":[{"embeddable":true,"href":"https:\/\/akdenizhaber.com.tr\/index.php\/wp-json\/wp\/v2\/media\/22167"}],"wp:attachment":[{"href":"https:\/\/akdenizhaber.com.tr\/index.php\/wp-json\/wp\/v2\/media?parent=22166"}],"wp:term":[{"taxonomy":"category","embeddable":true,"href":"https:\/\/akdenizhaber.com.tr\/index.php\/wp-json\/wp\/v2\/categories?post=22166"},{"taxonomy":"post_tag","embeddable":true,"href":"https:\/\/akdenizhaber.com.tr\/index.php\/wp-json\/wp\/v2\/tags?post=22166"}],"curies":[{"name":"wp","href":"https:\/\/api.w.org\/{rel}","templated":true}]}}