{"id":22151,"date":"2024-04-02T14:06:35","date_gmt":"2024-04-02T11:06:35","guid":{"rendered":"https:\/\/akdenizhaber.com.tr\/?p=22151"},"modified":"2024-04-02T14:06:35","modified_gmt":"2024-04-02T11:06:35","slug":"baskan-uysal-turkiyemizin-yeni-aydinlik-sureci-kutlu-olsun","status":"publish","type":"post","link":"https:\/\/akdenizhaber.com.tr\/index.php\/2024\/04\/02\/baskan-uysal-turkiyemizin-yeni-aydinlik-sureci-kutlu-olsun\/","title":{"rendered":"Ba\u015fkan Uysal, \u201cT\u00fcrkiye\u2019mizin yeni ayd\u0131nl\u0131k s\u00fcreci kutlu olsun\u201d"},"content":{"rendered":"\n<p><\/p>\n\n\n\n<p>Antalya\u2019da yeniden Muratpa\u015fa Belediye Ba\u015fkan\u0131 se\u00e7ilen \u00dcmit Uysal, belediyede me\u015faleler, k\u0131rm\u0131z\u0131 karanfiller ve konfetilerle kar\u015f\u0131land\u0131. Ba\u015fkan Uysal, \u201c1 Nisan 2024\u2019te ba\u015flayan \u015fehrimizin ve T\u00fcrkiye\u2019mizin yeni ayd\u0131nl\u0131k s\u00fcreci kutlu olsun\u201d dedi.<\/p>\n\n\n\n<p>Antalya\u2019da kesin olmayan sonu\u00e7lara g\u00f6re y\u00fczde 62.4\u2019l\u00fck oy oran\u0131yla yeniden Muratpa\u015fa belediye ba\u015fkan\u0131 se\u00e7ilen Uysal, yeni d\u00f6nemin ilk i\u015f g\u00fcn\u00fcnde belediye fuayesinde b\u00fcy\u00fck co\u015fkuyla kar\u015f\u0131land\u0131. E\u015fi \u00dcmran Uysal\u2019\u0131n e\u015flik etti\u011fi Ba\u015fkan Uysal, konu\u015fmas\u0131na \u201c1 Nisan 2024\u2019te ba\u015flayan \u015fehrimizin ve T\u00fcrkiye\u2019mizin yeni ayd\u0131nl\u0131k s\u00fcreci kutlu olsun\u201d diyerek ba\u015flad\u0131.<br><br>Ba\u015fkan Uysal, \u201cCumhuriyetimiz \u00e7ok \u00f6nemli ve \u00e7ok \u00f6zel. Se\u00e7im d\u00f6neminde s\u0131k s\u0131k konu\u015ftuk. Herkesin bir tane \u00fclkesi oluyor ve o \u00fclkenin s\u0131n\u0131rlar\u0131, herkesin kendi refah s\u0131n\u0131rlar\u0131, kendi demokratik ya\u015fam s\u0131n\u0131rlar\u0131, kendi ya\u015fam kalitesi s\u0131n\u0131rlar\u0131 oluyor. Dolay\u0131s\u0131yla herkesin kendi \u00fclkesini y\u00fckseltmek hem kendi yarar\u0131 i\u00e7in \u00e7ok gerekli hem de bir manevi \u00f6dev. Gelecek nesillerimizin selameti i\u00e7in \u00e7ok gerekli\u201d diye konu\u015ftu.<br><br>Ama T\u00fcrkiye iktisadi kriz ya\u015farken sand\u0131ktan \u00e7\u0131kan tercihlerin kendilerine \u00e7ok \u00f6nemli bir sorumluluk y\u00fckledi\u011fini s\u00f6yleyen Uysal, \u015f\u00f6yle konu\u015ftu:<br><br>\u201cBu kritik d\u00f6nemi hem \u00fclkemiz i\u00e7in hem kendimiz i\u00e7in sa\u011f salim, dip diri, dimdik atlataca\u011f\u0131z. 31 Mart&#8217;ta vatanda\u015f\u0131m\u0131z\u0131n tercihi bize bu konuda \u00e7ok g\u00fc\u00e7l\u00fc bir g\u00f6rev, \u00e7ok g\u00fc\u00e7l\u00fc bir misyon y\u00fcklemi\u015ftir. Bu y\u0131llar ola\u011fan\u00fcst\u00fc m\u00fccadele y\u0131llar\u0131d\u0131r. Bu y\u0131llar\u0131 d\u00fczg\u00fcn, demokratik, ayd\u0131nl\u0131k, payla\u015fan, \u00fcreten, kazanan bir T\u00fcrkiye&#8217;ye \u00e7evirmek hepimizin elindedir. Bu m\u00fccadele devam edecektir. M\u00fccadelemizde yolumuz a\u00e7\u0131k olsun. Emek veren b\u00fct\u00fcn arkada\u015flar\u0131m\u0131n al\u0131n terlerine, g\u00f6n\u00fcllerine, emeklerine sa\u011fl\u0131k. Varl\u0131klar\u0131na sa\u011fl\u0131k. Yol arkada\u015fl\u0131klar\u0131 i\u00e7in, dostluklar\u0131 i\u00e7in, dayan\u0131\u015fmalar\u0131 i\u00e7in hem siyasi arkada\u015flar\u0131ma hem mesai arkada\u015flar\u0131ma hem yol arkada\u015flar\u0131ma, hepinize ayr\u0131 ayr\u0131 \u00e7ok te\u015fekk\u00fcr ediyorum. M\u00fccadelemiz g\u00fc\u00e7lenerek devam edecek. Ya\u015fas\u0131n T\u00fcrkiye.\u201d<\/p>\n\n\n\n<p>Muratpa\u015fa Belediyesi \/ B\u00fclten<\/p>\n","protected":false},"excerpt":{"rendered":"<p>Antalya\u2019da yeniden Muratpa\u015fa Belediye Ba\u015fkan\u0131 se\u00e7ilen \u00dcmit Uysal, belediyede me\u015faleler, k\u0131rm\u0131z\u0131 karanfiller ve konfetilerle kar\u015f\u0131land\u0131. Ba\u015fkan Uysal, \u201c1 Nisan 2024\u2019te ba\u015flayan \u015fehrimizin ve T\u00fcrkiye\u2019mizin yeni <a href=\"https:\/\/akdenizhaber.com.tr\/index.php\/2024\/04\/02\/baskan-uysal-turkiyemizin-yeni-aydinlik-sureci-kutlu-olsun\/\" class=\"read-more-link\">[more&#8230;]<\/a><\/p>\n","protected":false},"author":2,"featured_media":22152,"comment_status":"open","ping_status":"open","sticky":false,"template":"","format":"standard","meta":{"footnotes":""},"categories":[2],"tags":[],"class_list":["post-22151","post","type-post","status-publish","format-standard","has-post-thumbnail","hentry","category-gundem"],"_links":{"self":[{"href":"https:\/\/akdenizhaber.com.tr\/index.php\/wp-json\/wp\/v2\/posts\/22151","targetHints":{"allow":["GET"]}}],"collection":[{"href":"https:\/\/akdenizhaber.com.tr\/index.php\/wp-json\/wp\/v2\/posts"}],"about":[{"href":"https:\/\/akdenizhaber.com.tr\/index.php\/wp-json\/wp\/v2\/types\/post"}],"author":[{"embeddable":true,"href":"https:\/\/akdenizhaber.com.tr\/index.php\/wp-json\/wp\/v2\/users\/2"}],"replies":[{"embeddable":true,"href":"https:\/\/akdenizhaber.com.tr\/index.php\/wp-json\/wp\/v2\/comments?post=22151"}],"version-history":[{"count":0,"href":"https:\/\/akdenizhaber.com.tr\/index.php\/wp-json\/wp\/v2\/posts\/22151\/revisions"}],"wp:featuredmedia":[{"embeddable":true,"href":"https:\/\/akdenizhaber.com.tr\/index.php\/wp-json\/wp\/v2\/media\/22152"}],"wp:attachment":[{"href":"https:\/\/akdenizhaber.com.tr\/index.php\/wp-json\/wp\/v2\/media?parent=22151"}],"wp:term":[{"taxonomy":"category","embeddable":true,"href":"https:\/\/akdenizhaber.com.tr\/index.php\/wp-json\/wp\/v2\/categories?post=22151"},{"taxonomy":"post_tag","embeddable":true,"href":"https:\/\/akdenizhaber.com.tr\/index.php\/wp-json\/wp\/v2\/tags?post=22151"}],"curies":[{"name":"wp","href":"https:\/\/api.w.org\/{rel}","templated":true}]}}