{"id":22148,"date":"2024-04-02T14:05:58","date_gmt":"2024-04-02T11:05:58","guid":{"rendered":"https:\/\/akdenizhaber.com.tr\/?p=22148"},"modified":"2024-04-02T14:05:59","modified_gmt":"2024-04-02T11:05:59","slug":"kumluca-da-ogrencilerle-birlikte-fidan-dikildi","status":"publish","type":"post","link":"https:\/\/akdenizhaber.com.tr\/index.php\/2024\/04\/02\/kumluca-da-ogrencilerle-birlikte-fidan-dikildi\/","title":{"rendered":"Kumluca da \u00d6\u011frencilerle Birlikte Fidan Dikildi"},"content":{"rendered":"\n<p><\/p>\n\n\n\n<p>Antalya Emniyet M\u00fcd\u00fcrl\u00fc\u011f\u00fc Kumluca da \u00f6\u011frenciler ve \u00f6\u011fretmenlerle birlikte fidan dikme etkinli\u011fi d\u00fczenledi.<\/p>\n\n\n\n<p>Antalya Emniyet M\u00fcd\u00fcrl\u00fc\u011f\u00fc koordinesinde 500 ki\u015finin kat\u0131l\u0131m\u0131 ile fidan dikme etkinli\u011fi yap\u0131ld\u0131. Tar\u0131m\u0131n merkezi Kumluca da \u00f6\u011frenciler diktikleri fidanlar\u0131n ilk can suyunu polis a\u011fabeyleriyle birlikte verdi.<\/p>\n\n\n\n<p>Antalya Emniyet M\u00fcd\u00fcrl\u00fc\u011f\u00fc fidan dikiminin \u00f6nemini \u015f\u00f6yle ifade etti; \u2018G\u00fcn\u00fcm\u00fczde yang\u0131n, sel, deprem gibi do\u011fal afetlerin s\u0131k\u00e7a ya\u015fand\u0131\u011f\u0131, k\u00fcresel iklim de\u011fi\u015fikli\u011fi ve bilin\u00e7siz t\u00fcketim ile birlikte; havan\u0131n, suyun ve topra\u011f\u0131n olu\u015fturdu\u011fu g\u00fczelliklerin korunmas\u0131 olduk\u00e7a \u00f6nem kazanm\u0131\u015ft\u0131r. Bu nokta da a\u011fa\u00e7lar ve ormanlar; oksijen kayna\u011f\u0131 olmas\u0131 sel, deprem ve erezyonda k\u00f6kleriyle topra\u011f\u0131 tutmas\u0131 ile; bir\u00e7ok do\u011fal afeti \u00f6nlemekte ya da verdi\u011fi zarar\u0131 azaltabilmektedir. Bizler de ya\u015fanabilir bir d\u00fcnya i\u00e7in atalar\u0131m\u0131z\u0131n emaneti ormanlar\u0131 ve ye\u015fili \u00e7o\u011faltarak gelecek nesillere b\u0131rakmal\u0131y\u0131z.<\/p>\n\n\n\n<p>Antalya Emniyet M\u00fcd\u00fcrl\u00fc\u011f\u00fc \/ B\u00fclten<\/p>\n","protected":false},"excerpt":{"rendered":"<p>Antalya Emniyet M\u00fcd\u00fcrl\u00fc\u011f\u00fc Kumluca da \u00f6\u011frenciler ve \u00f6\u011fretmenlerle birlikte fidan dikme etkinli\u011fi d\u00fczenledi. Antalya Emniyet M\u00fcd\u00fcrl\u00fc\u011f\u00fc koordinesinde 500 ki\u015finin kat\u0131l\u0131m\u0131 ile fidan dikme etkinli\u011fi yap\u0131ld\u0131. <a href=\"https:\/\/akdenizhaber.com.tr\/index.php\/2024\/04\/02\/kumluca-da-ogrencilerle-birlikte-fidan-dikildi\/\" class=\"read-more-link\">[more&#8230;]<\/a><\/p>\n","protected":false},"author":2,"featured_media":22149,"comment_status":"open","ping_status":"open","sticky":false,"template":"","format":"standard","meta":{"footnotes":""},"categories":[2],"tags":[],"class_list":["post-22148","post","type-post","status-publish","format-standard","has-post-thumbnail","hentry","category-gundem"],"_links":{"self":[{"href":"https:\/\/akdenizhaber.com.tr\/index.php\/wp-json\/wp\/v2\/posts\/22148","targetHints":{"allow":["GET"]}}],"collection":[{"href":"https:\/\/akdenizhaber.com.tr\/index.php\/wp-json\/wp\/v2\/posts"}],"about":[{"href":"https:\/\/akdenizhaber.com.tr\/index.php\/wp-json\/wp\/v2\/types\/post"}],"author":[{"embeddable":true,"href":"https:\/\/akdenizhaber.com.tr\/index.php\/wp-json\/wp\/v2\/users\/2"}],"replies":[{"embeddable":true,"href":"https:\/\/akdenizhaber.com.tr\/index.php\/wp-json\/wp\/v2\/comments?post=22148"}],"version-history":[{"count":0,"href":"https:\/\/akdenizhaber.com.tr\/index.php\/wp-json\/wp\/v2\/posts\/22148\/revisions"}],"wp:featuredmedia":[{"embeddable":true,"href":"https:\/\/akdenizhaber.com.tr\/index.php\/wp-json\/wp\/v2\/media\/22149"}],"wp:attachment":[{"href":"https:\/\/akdenizhaber.com.tr\/index.php\/wp-json\/wp\/v2\/media?parent=22148"}],"wp:term":[{"taxonomy":"category","embeddable":true,"href":"https:\/\/akdenizhaber.com.tr\/index.php\/wp-json\/wp\/v2\/categories?post=22148"},{"taxonomy":"post_tag","embeddable":true,"href":"https:\/\/akdenizhaber.com.tr\/index.php\/wp-json\/wp\/v2\/tags?post=22148"}],"curies":[{"name":"wp","href":"https:\/\/api.w.org\/{rel}","templated":true}]}}