{"id":22141,"date":"2024-04-02T14:04:28","date_gmt":"2024-04-02T11:04:28","guid":{"rendered":"https:\/\/akdenizhaber.com.tr\/?p=22141"},"modified":"2024-04-02T14:04:28","modified_gmt":"2024-04-02T11:04:28","slug":"ogrencilerle-okuma-etkinligi","status":"publish","type":"post","link":"https:\/\/akdenizhaber.com.tr\/index.php\/2024\/04\/02\/ogrencilerle-okuma-etkinligi\/","title":{"rendered":"\u00d6\u011frencilerle Okuma Etkinli\u011fi"},"content":{"rendered":"\n<p><\/p>\n\n\n\n<p>K\u00fct\u00fcphaneler Haftas\u0131 dolay\u0131s\u0131yla Toplum Destekli Polislik \u015eube M\u00fcd\u00fcrl\u00fc\u011f\u00fc g\u00f6revlileri, Konyaalt\u0131 \u0130l\u00e7esinde bulunan Gazi Mustafa Kemal \u0130lkokulu\u2019nda \u00f6\u011frencilerle bir araya gelerek kitap okuma etkinli\u011fi d\u00fczenledi ve \u00f6\u011frencilere kitap hediye etti.<\/p>\n\n\n\n<p>Antalya Emniyet M\u00fcd\u00fcrl\u00fc\u011f\u00fc toplumun her t\u00fcrl\u00fc tehlikeden korunmas\u0131n\u0131 sa\u011flamak, su\u00e7 ve su\u00e7lu ile daha etkin bir \u015fekilde m\u00fccadele edebilmek ve \u00f6nleyici tedbirlerin al\u0131nmas\u0131na toplumu dahil ederek insanlarda g\u00fcvenlik bilinci ve anlay\u0131\u015f\u0131n\u0131n olu\u015fmas\u0131n\u0131 sa\u011flamak amac\u0131yla, \u201cToplum Destekli Polislik Hizmetleri \u201d \u00e7er\u00e7evesinde \u00e7al\u0131\u015fmalar y\u00fcr\u00fctt\u00fc.<\/p>\n\n\n\n<p>Toplum Destekli Polislik \u015eube M\u00fcd\u00fcrl\u00fc\u011f\u00fc g\u00f6revlileri, Konyaalt\u0131 Gazi Mustafa Kemal \u0130lkokulu\u2019nda \u00f6\u011frencilerle K\u00fct\u00fcphaneler Haftas\u0131nda kitap okudu.<\/p>\n\n\n\n<p>Antalya Emniyet M\u00fcd\u00fcrl\u00fc\u011f\u00fc \/ B\u00fclten<\/p>\n","protected":false},"excerpt":{"rendered":"<p>K\u00fct\u00fcphaneler Haftas\u0131 dolay\u0131s\u0131yla Toplum Destekli Polislik \u015eube M\u00fcd\u00fcrl\u00fc\u011f\u00fc g\u00f6revlileri, Konyaalt\u0131 \u0130l\u00e7esinde bulunan Gazi Mustafa Kemal \u0130lkokulu\u2019nda \u00f6\u011frencilerle bir araya gelerek kitap okuma etkinli\u011fi d\u00fczenledi ve <a href=\"https:\/\/akdenizhaber.com.tr\/index.php\/2024\/04\/02\/ogrencilerle-okuma-etkinligi\/\" class=\"read-more-link\">[more&#8230;]<\/a><\/p>\n","protected":false},"author":2,"featured_media":22142,"comment_status":"open","ping_status":"open","sticky":false,"template":"","format":"standard","meta":{"footnotes":""},"categories":[2],"tags":[],"class_list":["post-22141","post","type-post","status-publish","format-standard","has-post-thumbnail","hentry","category-gundem"],"_links":{"self":[{"href":"https:\/\/akdenizhaber.com.tr\/index.php\/wp-json\/wp\/v2\/posts\/22141","targetHints":{"allow":["GET"]}}],"collection":[{"href":"https:\/\/akdenizhaber.com.tr\/index.php\/wp-json\/wp\/v2\/posts"}],"about":[{"href":"https:\/\/akdenizhaber.com.tr\/index.php\/wp-json\/wp\/v2\/types\/post"}],"author":[{"embeddable":true,"href":"https:\/\/akdenizhaber.com.tr\/index.php\/wp-json\/wp\/v2\/users\/2"}],"replies":[{"embeddable":true,"href":"https:\/\/akdenizhaber.com.tr\/index.php\/wp-json\/wp\/v2\/comments?post=22141"}],"version-history":[{"count":0,"href":"https:\/\/akdenizhaber.com.tr\/index.php\/wp-json\/wp\/v2\/posts\/22141\/revisions"}],"wp:featuredmedia":[{"embeddable":true,"href":"https:\/\/akdenizhaber.com.tr\/index.php\/wp-json\/wp\/v2\/media\/22142"}],"wp:attachment":[{"href":"https:\/\/akdenizhaber.com.tr\/index.php\/wp-json\/wp\/v2\/media?parent=22141"}],"wp:term":[{"taxonomy":"category","embeddable":true,"href":"https:\/\/akdenizhaber.com.tr\/index.php\/wp-json\/wp\/v2\/categories?post=22141"},{"taxonomy":"post_tag","embeddable":true,"href":"https:\/\/akdenizhaber.com.tr\/index.php\/wp-json\/wp\/v2\/tags?post=22141"}],"curies":[{"name":"wp","href":"https:\/\/api.w.org\/{rel}","templated":true}]}}