{"id":22135,"date":"2024-04-02T14:02:42","date_gmt":"2024-04-02T11:02:42","guid":{"rendered":"https:\/\/akdenizhaber.com.tr\/?p=22135"},"modified":"2024-04-02T14:02:42","modified_gmt":"2024-04-02T11:02:42","slug":"otizmli-cocuklar-sanatlarini-konusturdu","status":"publish","type":"post","link":"https:\/\/akdenizhaber.com.tr\/index.php\/2024\/04\/02\/otizmli-cocuklar-sanatlarini-konusturdu\/","title":{"rendered":"Otizmli \u00c7ocuklar Sanatlar\u0131n\u0131 Konu\u015fturdu"},"content":{"rendered":"\n<p><\/p>\n\n\n\n<p>Vali Hulusi \u015eahin, D\u00fcnya Otizm Fark\u0131ndal\u0131k G\u00fcn\u00fc kapsam\u0131nda d\u00fczenlenen serginin a\u00e7\u0131l\u0131\u015f\u0131na kat\u0131ld\u0131. Vali \u015eahin, &#8221; Otizmli evlatlar\u0131m\u0131z\u0131 topluma kazand\u0131rmak g\u00f6revimizdir.&#8221; dedi.<\/p>\n\n\n\n<p>Bizim Otizm Vakf\u0131&#8217;nca d\u00fczenlenen Otizm Fark\u0131ndal\u0131k Sergisi A\u00e7\u0131l\u0131\u015f\u0131&#8217;na Vali Hulusi \u015eahin ile birlikte: \u0130l K\u00fclt\u00fcr ve Turizm M\u00fcd\u00fcr\u00fc Dr. Candemir Zoro\u011flu, Antalya M\u00fczesi M\u00fcd\u00fcr\u00fc Mustafa Demirel, Bizim Otizm Vakf\u0131 Ba\u015fkan\u0131 Perihan Bal, vak\u0131f \u00fcyeleri ile otizmli \u00e7ocuklar ve aileleri kat\u0131ld\u0131.<\/p>\n\n\n\n<p>Sergi a\u00e7\u0131l\u0131\u015f\u0131nda k\u0131sa bir konu\u015fma yapan Vali Hulusi \u015eahin, &#8220;\u0130lgiye ihtiya\u00e7 duyan bireylerimize toplum olarak \u00f6zel ilgi g\u00f6stermeliyiz. Otizmli bireyleri topluma kazand\u0131rmak ve toplumun otizmi bir eksiklik olarak g\u00f6rmemesi i\u00e7in \u00e7al\u0131\u015fmak hem kurumlar\u0131m\u0131z\u0131n hem de birer birey olarak hepimizin g\u00f6revidir.&#8221; dedi.&nbsp;<\/p>\n\n\n\n<p>Sergideki pamuk iplikten yap\u0131lan motiflerin, otizmin sendromlar\u0131ndan biri olan tekrarlama davran\u0131\u015f\u0131 neticesinde \u00e7ocuklar\u0131n ipliklere d\u00fc\u011f\u00fcm atmas\u0131yla olu\u015fmas\u0131 kat\u0131l\u0131mc\u0131lar\u0131 etkiledi. Otizmli \u00e7ocuklar, yazd\u0131klar\u0131 \u015fiirleri ve \u015fark\u0131lar\u0131 i\u00e7tenlikle okuyarak kat\u0131l\u0131mc\u0131lara tebess\u00fcm dolu anlar ya\u015fatt\u0131.<\/p>\n\n\n\n<p>Sergiyi gezdikten sonra otizmli \u00e7ocuklar ve aileleriyle foto\u011fraf \u00e7ektiren Vali \u015eahin, sergi an\u0131 defterine g\u00fcn\u00fcn anlam ve \u00f6nemine dair an\u0131 yaz\u0131s\u0131n\u0131 yazd\u0131.<\/p>\n\n\n\n<p>Antalya Valili\u011fi \/ B\u00fclten<\/p>\n","protected":false},"excerpt":{"rendered":"<p>Vali Hulusi \u015eahin, D\u00fcnya Otizm Fark\u0131ndal\u0131k G\u00fcn\u00fc kapsam\u0131nda d\u00fczenlenen serginin a\u00e7\u0131l\u0131\u015f\u0131na kat\u0131ld\u0131. Vali \u015eahin, &#8221; Otizmli evlatlar\u0131m\u0131z\u0131 topluma kazand\u0131rmak g\u00f6revimizdir.&#8221; dedi. Bizim Otizm Vakf\u0131&#8217;nca d\u00fczenlenen <a href=\"https:\/\/akdenizhaber.com.tr\/index.php\/2024\/04\/02\/otizmli-cocuklar-sanatlarini-konusturdu\/\" class=\"read-more-link\">[more&#8230;]<\/a><\/p>\n","protected":false},"author":2,"featured_media":22136,"comment_status":"open","ping_status":"open","sticky":false,"template":"","format":"standard","meta":{"footnotes":""},"categories":[2],"tags":[],"class_list":["post-22135","post","type-post","status-publish","format-standard","has-post-thumbnail","hentry","category-gundem"],"_links":{"self":[{"href":"https:\/\/akdenizhaber.com.tr\/index.php\/wp-json\/wp\/v2\/posts\/22135","targetHints":{"allow":["GET"]}}],"collection":[{"href":"https:\/\/akdenizhaber.com.tr\/index.php\/wp-json\/wp\/v2\/posts"}],"about":[{"href":"https:\/\/akdenizhaber.com.tr\/index.php\/wp-json\/wp\/v2\/types\/post"}],"author":[{"embeddable":true,"href":"https:\/\/akdenizhaber.com.tr\/index.php\/wp-json\/wp\/v2\/users\/2"}],"replies":[{"embeddable":true,"href":"https:\/\/akdenizhaber.com.tr\/index.php\/wp-json\/wp\/v2\/comments?post=22135"}],"version-history":[{"count":0,"href":"https:\/\/akdenizhaber.com.tr\/index.php\/wp-json\/wp\/v2\/posts\/22135\/revisions"}],"wp:featuredmedia":[{"embeddable":true,"href":"https:\/\/akdenizhaber.com.tr\/index.php\/wp-json\/wp\/v2\/media\/22136"}],"wp:attachment":[{"href":"https:\/\/akdenizhaber.com.tr\/index.php\/wp-json\/wp\/v2\/media?parent=22135"}],"wp:term":[{"taxonomy":"category","embeddable":true,"href":"https:\/\/akdenizhaber.com.tr\/index.php\/wp-json\/wp\/v2\/categories?post=22135"},{"taxonomy":"post_tag","embeddable":true,"href":"https:\/\/akdenizhaber.com.tr\/index.php\/wp-json\/wp\/v2\/tags?post=22135"}],"curies":[{"name":"wp","href":"https:\/\/api.w.org\/{rel}","templated":true}]}}