{"id":22113,"date":"2024-04-01T14:52:53","date_gmt":"2024-04-01T11:52:53","guid":{"rendered":"https:\/\/akdenizhaber.com.tr\/?p=22113"},"modified":"2024-04-01T14:52:53","modified_gmt":"2024-04-01T11:52:53","slug":"kadem-uyeleri-iftarda-bulustu","status":"publish","type":"post","link":"https:\/\/akdenizhaber.com.tr\/index.php\/2024\/04\/01\/kadem-uyeleri-iftarda-bulustu\/","title":{"rendered":"KADEM \u00fcyeleri iftarda bulu\u015ftu"},"content":{"rendered":"\n<p><\/p>\n\n\n\n<p>Kad\u0131n ve Dayan\u0131\u015fma Vakf\u0131 (KADEM) Antalya Temsilcili\u011fi, Mimar Sinan ve Kongre Merkezi&#8217;nde iftar d\u00fczenledi. \u0130ftarda konu\u015fan KADEM Antalya Temsilcisi Zeynep Jane Kandur, Filistin&#8217;de, Gazze&#8217;de, Do\u011fu T\u00fcrkistan&#8217;da, Arakan&#8217;da, K\u0131r\u0131m&#8217;da ve d\u00fcnyan\u0131n pek \u00e7ok \u015fehrinde zul\u00fcm g\u00f6ren M\u00fcsl\u00fcmanlar i\u00e7in dua etmeye davet ederek, bir an \u00f6nce bu zul\u00fcmlerin son bulmas\u0131n\u0131 temenni etti.<\/p>\n\n\n\n<p>Kad\u0131n ve Demokrasi Vakf\u0131 (KADEM) Antalya Temsilcili\u011fi, \u00fcyelerinin de geni\u015f kat\u0131l\u0131m\u0131yla iftar d\u00fczenledi. Mimar Sinan Kongre Merkezi&#8217;nde d\u00fczenlenen iftara, Aile ve Sosyal hizmetler M\u00fcd\u00fcr\u00fc Galip S\u00f6kmen ve e\u015fi Canan S\u00f6kmen, \u0130l M\u00fcd\u00fcr Yard\u0131mc\u0131s\u0131 Filiz Terkanl\u0131o\u011flu, \u0130l M\u00fcft\u00fc Yard\u0131mc\u0131s\u0131 \u015eeyda Emine Y\u0131lmaz&#8217; da kat\u0131ld\u0131.<\/p>\n\n\n\n<p>Kur&#8217;an-\u0131 Kerim tilaveti okunan iftarda, defne a\u011fac\u0131 fidan\u0131 ile Vakf\u0131n haz\u0131rlad\u0131\u011f\u0131 &#8220;Sosyal Destekler ve Kamuya Eri\u015fim&#8221; ba\u015fl\u0131\u011f\u0131yla haz\u0131rlad\u0131\u011f\u0131 kitap\u00e7\u0131klardan olu\u015fan hediyeler takdim edildi. \u0130ftar sonunda toplu hat\u0131ra foto\u011fraf\u0131 \u00e7ekildi.<\/p>\n\n\n\n<p>Programda konu\u015fma yapan KADEM Antalya Temsilcisi Zeynep Jane Kandur, &#8220;Herkese hay\u0131rl\u0131 bir Ramazan dileklerimle ba\u015flamak istiyorum s\u00f6zlerime. \u0130lk olarak sponsorlar\u0131m\u0131za, Kepez Belediye Ba\u015fkan\u0131 ve Antalya B\u00fcy\u00fck\u015fehir Belediye Ba\u015fkan Aday\u0131 Say\u0131n Hakan T\u00fct\u00fcnc\u00fc&#8217;ye ve Orman B\u00f6lge M\u00fcd\u00fcr\u00fc Vedat Dikici&#8217;ye te\u015fekk\u00fcr etmek istiyorum. Ayr\u0131ca, KADEM y\u00fcr\u00fctme kurulu \u00fcyelerine de te\u015fekk\u00fcr ediyorum. Onlar\u0131n eme\u011fi ve gayreti ile bu iftar\u0131 ger\u00e7ekle\u015ftirdik&#8221; dedi.<\/p>\n\n\n\n<p>Ramazan ay\u0131n\u0131n sonuna yakla\u015ft\u0131\u011f\u0131m\u0131z bu g\u00fcnlerin \u0130slam alemi i\u00e7in son derece buruk ve \u00fcz\u00fcnt\u00fc i\u00e7inde ge\u00e7ti\u011fine dikkat \u00e7eken Kandur, \u015f\u00f6yle konu\u015ftu: &#8220;Filistin&#8217;deki korkun\u00e7 durumun hepimiz fark\u0131nday\u0131z. Filistin&#8217;de, Gazze&#8217;de, Do\u011fu T\u00fcrkistan&#8217;da, Arakan&#8217;da, K\u0131r\u0131m&#8217;da ve d\u00fcnyan\u0131n pek \u00e7ok \u015fehrinde zul\u00fcm g\u00f6ren karde\u015flerimiz i\u00e7in dua etmedi\u011fimiz bir g\u00fcn bile ge\u00e7miyor. \u00d6zellikle bu geceki gibi etkinliklerde onlar\u0131 d\u00fc\u015f\u00fcn\u00fcyor ve dualar\u0131m\u0131z\u0131 onlara g\u00f6nderiyoruz. D\u00fcnyan\u0131n de\u011fi\u015fik co\u011frafyalar\u0131nda zulme ve sald\u0131r\u0131lara maruz kalan, g\u00fcvenlik aray\u0131\u015f\u0131 i\u00e7inde olanlar\u0131 da d\u00fc\u015f\u00fcn\u00fcyoruz. Bu zul\u00fcmlerin bir an \u00f6nce sona ermesi i\u00e7in dua ediyoruz. Bu gece d\u00fcnyan\u0131n her yerinde a\u00e7 ve korku i\u00e7inde uyuyacak olanlar\u0131n bar\u0131\u015f ve g\u00fcvenli\u011fi bulmalar\u0131 i\u00e7in dua edelim. Bu ak\u015fam bizimle beraber iftar program\u0131 yapt\u0131\u011f\u0131n\u0131z i\u00e7in te\u015fekk\u00fcr ederim. Orman B\u00f6lge M\u00fcd\u00fcrl\u00fc\u011f\u00fc&#8217;n\u00fcn sponsorlu\u011funda temin etti\u011fimiz defne fidanlar\u0131m\u0131z\u0131, Osmanl\u0131 d\u00f6neminde iftarlara kat\u0131lanlara hediye edilen &#8216;Di\u015f Kiras\u0131&#8217; gelene\u011findeki gibi sizlere hediye ediyoruz.<\/p>\n\n\n\n<p>Kad\u0131n ve Dayan\u0131\u015fma Vakf\u0131 \/ B\u00fclten<\/p>\n","protected":false},"excerpt":{"rendered":"<p>Kad\u0131n ve Dayan\u0131\u015fma Vakf\u0131 (KADEM) Antalya Temsilcili\u011fi, Mimar Sinan ve Kongre Merkezi&#8217;nde iftar d\u00fczenledi. \u0130ftarda konu\u015fan KADEM Antalya Temsilcisi Zeynep Jane Kandur, Filistin&#8217;de, Gazze&#8217;de, Do\u011fu <a href=\"https:\/\/akdenizhaber.com.tr\/index.php\/2024\/04\/01\/kadem-uyeleri-iftarda-bulustu\/\" class=\"read-more-link\">[more&#8230;]<\/a><\/p>\n","protected":false},"author":2,"featured_media":22114,"comment_status":"open","ping_status":"open","sticky":false,"template":"","format":"standard","meta":{"footnotes":""},"categories":[2],"tags":[],"class_list":["post-22113","post","type-post","status-publish","format-standard","has-post-thumbnail","hentry","category-gundem"],"_links":{"self":[{"href":"https:\/\/akdenizhaber.com.tr\/index.php\/wp-json\/wp\/v2\/posts\/22113","targetHints":{"allow":["GET"]}}],"collection":[{"href":"https:\/\/akdenizhaber.com.tr\/index.php\/wp-json\/wp\/v2\/posts"}],"about":[{"href":"https:\/\/akdenizhaber.com.tr\/index.php\/wp-json\/wp\/v2\/types\/post"}],"author":[{"embeddable":true,"href":"https:\/\/akdenizhaber.com.tr\/index.php\/wp-json\/wp\/v2\/users\/2"}],"replies":[{"embeddable":true,"href":"https:\/\/akdenizhaber.com.tr\/index.php\/wp-json\/wp\/v2\/comments?post=22113"}],"version-history":[{"count":0,"href":"https:\/\/akdenizhaber.com.tr\/index.php\/wp-json\/wp\/v2\/posts\/22113\/revisions"}],"wp:featuredmedia":[{"embeddable":true,"href":"https:\/\/akdenizhaber.com.tr\/index.php\/wp-json\/wp\/v2\/media\/22114"}],"wp:attachment":[{"href":"https:\/\/akdenizhaber.com.tr\/index.php\/wp-json\/wp\/v2\/media?parent=22113"}],"wp:term":[{"taxonomy":"category","embeddable":true,"href":"https:\/\/akdenizhaber.com.tr\/index.php\/wp-json\/wp\/v2\/categories?post=22113"},{"taxonomy":"post_tag","embeddable":true,"href":"https:\/\/akdenizhaber.com.tr\/index.php\/wp-json\/wp\/v2\/tags?post=22113"}],"curies":[{"name":"wp","href":"https:\/\/api.w.org\/{rel}","templated":true}]}}