{"id":22093,"date":"2024-03-30T14:02:21","date_gmt":"2024-03-30T11:02:21","guid":{"rendered":"https:\/\/akdenizhaber.com.tr\/?p=22093"},"modified":"2024-03-30T14:02:21","modified_gmt":"2024-03-30T11:02:21","slug":"cevre-muhendisleri-odasindan-destek-cagrisi","status":"publish","type":"post","link":"https:\/\/akdenizhaber.com.tr\/index.php\/2024\/03\/30\/cevre-muhendisleri-odasindan-destek-cagrisi\/","title":{"rendered":"\u00c7evre M\u00fchendisleri Odas\u0131ndan Destek \u00c7a\u011fr\u0131s\u0131"},"content":{"rendered":"\n<p><\/p>\n\n\n\n<p>\u00c7evre M\u00fchendisleri Odas\u0131 Antalya \u015eubesi At\u0131k Y\u00f6netimi ve Geri D\u00f6n\u00fc\u015f\u00fcm Politikalar\u0131na Destek \u00c7a\u011fr\u0131s\u0131nda Bulundu.<\/p>\n\n\n\n<p>\u00c7evre M\u00fchendisleri Odas\u0131 Antalya \u015eubesi Destek \u00c7a\u011fr\u0131s\u0131 aynen \u015f\u00f6yle; \u2018Antalya, muhte\u015fem do\u011fas\u0131 ve Akdeniz&#8217;in e\u015fsiz g\u00fczellikleriyle \u00fcnl\u00fc bir \u015fehir olarak, \u00e7evre koruma ve s\u00fcrd\u00fcr\u00fclebilirlik konular\u0131nda \u00f6nc\u00fc bir rol \u00fcstlenmektedir. Bu ba\u011flamda, \u00c7evre M\u00fchendisleri Odas\u0131 Antalya \u015eubesi olarak, at\u0131k azalt\u0131m\u0131, at\u0131k y\u00f6netimi ve geri d\u00f6n\u00fc\u015f\u00fcm faaliyetlerinin yan\u0131 s\u0131ra bu faaliyetlerin geli\u015fmesini sa\u011flamak i\u00e7in yenilik\u00e7i ve teknolojik geli\u015fmelerin olu\u015fturulmas\u0131n\u0131n te\u015fvik edilmesinin \u00f6nemini vurgulamay\u0131 ama\u00e7l\u0131yoruz. Antalya ve Akdeniz&#8217;in zengin biyo\u00e7e\u015fitlili\u011fi ve do\u011fal kaynaklar\u0131, at\u0131k y\u00f6netimi ve geri d\u00f6n\u00fc\u015f\u00fcm politikalar\u0131n\u0131n etkili bir \u015fekilde uygulanmas\u0131n\u0131 daha da \u00f6nemli hale getirmektedir. Bu g\u00fczellikleri korumak ve gelecek nesillere aktarmak i\u00e7in at\u0131klar\u0131n do\u011fru bir \u015fekilde y\u00f6netilmesi ve geri d\u00f6n\u00fc\u015f\u00fcm\u00fcn te\u015fvik edilmesi gerekmektedir. T\u00fcrkiye genelinde oldu\u011fu gibi, Antalya&#8217;da da at\u0131k y\u00f6netimi ve geri d\u00f6n\u00fc\u015f\u00fcm politikalar\u0131n\u0131n koordinasyonu \u00f6nemlidir. \u0130lgili bakanl\u0131klar ve yerel y\u00f6netimlerle i\u015fbirli\u011fi i\u00e7inde, fark\u0131ndal\u0131\u011f\u0131n artt\u0131r\u0131lmas\u0131, s\u00fcrd\u00fcr\u00fclebilir bir at\u0131k y\u00f6netimi sisteminin olu\u015fturulmas\u0131ve uygulanmas\u0131 i\u00e7in \u00e7aba sarf etmekteyiz. \u00c7evre M\u00fchendisleri Odas\u0131 Antalya \u015eubesi \u00fcyeleri olarak, S\u0131f\u0131r At\u0131k Projesi&#8217;nin etkin bir \u015fekilde uygulanmas\u0131 ve yayg\u0131nla\u015ft\u0131r\u0131lmas\u0131 i\u00e7in kamu kurumlar\u0131, \u00f6zel sekt\u00f6r ve vatanda\u015flar\u0131n daha fazla bilin\u00e7lenmesi, benimsemesi ve uygulamas\u0131 i\u00e7in \u00fczerimize d\u00fc\u015fen sorumluluklar\u0131 yerine getirmeye haz\u0131r\u0131z. T\u00fcm payda\u015flar\u0131, s\u00fcrd\u00fcr\u00fclebilir bir gelecek i\u00e7in at\u0131k y\u00f6netimi ve geri d\u00f6n\u00fc\u015f\u00fcm politikalar\u0131na destek vermek, bununla birlikte yenilik\u00e7i ve teknolojik geli\u015ftirmelerin te\u015fvik edilmesi ileAntalya ve Akdeniz b\u00f6lgesinin do\u011fal g\u00fczelliklerini korumak \u00fczere i\u015fbirli\u011fi yapmaya ve \u00e7aba g\u00f6stermeye davet ediyoruz.dedi\u2019<\/p>\n\n\n\n<p>\u00c7evre M\u00fchendisleri Odas\u0131 Antalya \u015eubesi \/ B\u00fclten<\/p>\n","protected":false},"excerpt":{"rendered":"<p>\u00c7evre M\u00fchendisleri Odas\u0131 Antalya \u015eubesi At\u0131k Y\u00f6netimi ve Geri D\u00f6n\u00fc\u015f\u00fcm Politikalar\u0131na Destek \u00c7a\u011fr\u0131s\u0131nda Bulundu. \u00c7evre M\u00fchendisleri Odas\u0131 Antalya \u015eubesi Destek \u00c7a\u011fr\u0131s\u0131 aynen \u015f\u00f6yle; \u2018Antalya, muhte\u015fem <a href=\"https:\/\/akdenizhaber.com.tr\/index.php\/2024\/03\/30\/cevre-muhendisleri-odasindan-destek-cagrisi\/\" class=\"read-more-link\">[more&#8230;]<\/a><\/p>\n","protected":false},"author":2,"featured_media":22094,"comment_status":"open","ping_status":"open","sticky":false,"template":"","format":"standard","meta":{"footnotes":""},"categories":[2],"tags":[],"class_list":["post-22093","post","type-post","status-publish","format-standard","has-post-thumbnail","hentry","category-gundem"],"_links":{"self":[{"href":"https:\/\/akdenizhaber.com.tr\/index.php\/wp-json\/wp\/v2\/posts\/22093","targetHints":{"allow":["GET"]}}],"collection":[{"href":"https:\/\/akdenizhaber.com.tr\/index.php\/wp-json\/wp\/v2\/posts"}],"about":[{"href":"https:\/\/akdenizhaber.com.tr\/index.php\/wp-json\/wp\/v2\/types\/post"}],"author":[{"embeddable":true,"href":"https:\/\/akdenizhaber.com.tr\/index.php\/wp-json\/wp\/v2\/users\/2"}],"replies":[{"embeddable":true,"href":"https:\/\/akdenizhaber.com.tr\/index.php\/wp-json\/wp\/v2\/comments?post=22093"}],"version-history":[{"count":0,"href":"https:\/\/akdenizhaber.com.tr\/index.php\/wp-json\/wp\/v2\/posts\/22093\/revisions"}],"wp:featuredmedia":[{"embeddable":true,"href":"https:\/\/akdenizhaber.com.tr\/index.php\/wp-json\/wp\/v2\/media\/22094"}],"wp:attachment":[{"href":"https:\/\/akdenizhaber.com.tr\/index.php\/wp-json\/wp\/v2\/media?parent=22093"}],"wp:term":[{"taxonomy":"category","embeddable":true,"href":"https:\/\/akdenizhaber.com.tr\/index.php\/wp-json\/wp\/v2\/categories?post=22093"},{"taxonomy":"post_tag","embeddable":true,"href":"https:\/\/akdenizhaber.com.tr\/index.php\/wp-json\/wp\/v2\/tags?post=22093"}],"curies":[{"name":"wp","href":"https:\/\/api.w.org\/{rel}","templated":true}]}}