{"id":22090,"date":"2024-03-30T14:01:45","date_gmt":"2024-03-30T11:01:45","guid":{"rendered":"https:\/\/akdenizhaber.com.tr\/?p=22090"},"modified":"2024-03-30T14:01:46","modified_gmt":"2024-03-30T11:01:46","slug":"raftingci-muhsin-yazicioglu-ile-16-yil-once-che-guevara-resimli-sapkali-fotografini-gozu-gibi-koruyor","status":"publish","type":"post","link":"https:\/\/akdenizhaber.com.tr\/index.php\/2024\/03\/30\/raftingci-muhsin-yazicioglu-ile-16-yil-once-che-guevara-resimli-sapkali-fotografini-gozu-gibi-koruyor\/","title":{"rendered":"Raftingci, Muhsin Yaz\u0131c\u0131o\u011flu ile 16 y\u0131l \u00f6nce Che Guevara resimli \u015fapkal\u0131 foto\u011fraf\u0131n\u0131 g\u00f6z\u00fc gibi koruyor"},"content":{"rendered":"\n<p> <p class=\"MsoNoSpacing\"><\/p><p class=\"MsoNoSpacing\"><span style=\"font-size: revert; background-color: rgb(255, 255, 255); color: initial;\"> <\/span><o:p>\u00a0<\/o:p><\/p> <p class=\"MsoNoSpacing\">Merhum B\u00fcy\u00fck Birlik Partisi Lideri Muhsin Yaz\u0131c\u0131o\u011flu ile 16 y\u0131l \u00f6nce birlikte \u00e7ektirdi\u011fi Che Guevara resimli \u015fapkal\u0131 foto\u011fraf\u0131n\u0131 ve \u015fapkas\u0131n\u0131 g\u00f6z\u00fc gibi koruyor.<\/p><p class=\"MsoNoSpacing\">\u00a0Antalya&#8217;n\u0131n Manavgat il\u00e7esine ba\u011fl\u0131 Be\u015fkonak K\u00f6pr\u00fcl\u00fc Kanyonda\u00a0\u00a0 Su sporlar\u0131 e\u011fitmenli\u011fi yapan ve Dallas Rafting \u0130n sahibi 16 y\u0131l \u00f6nce merhum BBP lideri Muhsin Yaz\u0131c\u0131o\u011flu ile Antalya&#8217;n\u0131n Manavgat il\u00e7esine ba\u011fl\u0131 Be\u015fkonak K\u00f6pr\u00fcl\u00fc Kanyon\u2019da rafting sonras\u0131 \u00e7ektirdi\u011fi Che Guevara \u015fapkal\u0131 foto\u011fraf\u0131n\u0131 g\u00f6z\u00fc gibi koruyor.<\/p> <p class=\"MsoNoSpacing\">Manavgat K\u00f6pr\u00fcl\u00fc Kanyonda rafting su sporlar\u0131 e\u011fitmenli\u011fi yapan Dallas raftingin sahibi\u00a0\u00a0 H\u00fcseyin T\u0131rnaks\u0131z, vefat\u0131ndan bir y\u0131l \u00f6nce 2008 y\u0131l\u0131nda K\u00f6pr\u00fcl\u00fc Kanyon&#8217;da Muhsin Yaz\u0131c\u0131o\u011flu ile birlikte &#8216;Che Guevara&#8217; resimli \u015fapkas\u0131yla \u00e7ektirdi\u011fi foto\u011fraf\u0131n kendisi i\u00e7in \u00e7ok b\u00fcy\u00fck anlam\u0131 oldu\u011funu s\u00f6yledi.<\/p> <p class=\"MsoNoSpacing\">5 y\u0131l \u00f6nce Antalya&#8217;n\u0131n Alanya il\u00e7esine bir toplant\u0131 i\u00e7in gelen merhum Yaz\u0131c\u0131o\u011flu&#8217;nun K\u00f6pr\u00fcl\u00fc Kanyon&#8217;da o\u011flu Furkan&#8217;la birlikte rafting yapt\u0131\u011f\u0131n\u0131 belirten T\u0131rnaks\u0131z, su sporunu yapt\u0131ktan sonra birlikte hat\u0131ra foto\u011fraf\u0131 \u00e7ektirdiklerini anlatt\u0131. Che Guevara resimli \u015fapkas\u0131n\u0131 \u00e7\u0131karmak isterken Yaz\u0131c\u0131o\u011flu&#8217;nun &#8216;Ba\u015fkas\u0131 olma kendin ol. Bu \u00fclke ne ne \u00e7ektiyse kendisi olmay\u0131p ba\u015fkas\u0131 olanlardan \u00e7ekti. Solcu isen solcusundur. Kendini nas\u0131l mutlu hissediyorsan \u00f6yle ol ve \u00f6yle kal.&#8221; diyerek Che Guevara foto\u011frafl\u0131 \u00e7\u0131kartt\u0131rmad\u0131\u011f\u0131n\u0131 aktard\u0131.\u00a0\u00a0\u00a0\u00a0\u00a0 <\/p> <p class=\"MsoNoSpacing\">Kendisinin sol g\u00f6r\u00fc\u015fl\u00fc olmas\u0131na kar\u015f\u0131 Yaz\u0131c\u0131o\u011flu&#8217;nun do\u011fal ve i\u00e7ten olmas\u0131ndan etkilendi\u011fini belirten T\u0131rnaks\u0131z, 29 Mart yerel se\u00e7imleri \u00f6ncesi Kahramanmara\u015f Ke\u015f Da\u011f\u0131&#8217;nda ge\u00e7irdi\u011fi helikopter kazas\u0131 sonras\u0131 hayat\u0131n\u0131 kaybetti\u011fi 25 Mart 2009 y\u0131l\u0131nda onun i\u00e7in saatlerce\u00a0 g\u00f6zya\u015f\u0131 d\u00f6kt\u00fc\u011f\u00fcn\u00fc kaydetti.<\/p> <p class=\"MsoNoSpacing\">Su sporu e\u011fitmeni T\u0131rnaks\u0131z, Muhsin Yaz\u0131c\u0131o\u011flu&#8217;nun vefat\u0131n\u0131n 15&#8217;nci y\u0131l d\u00f6n\u00fcm\u00fcnde K\u00f6pr\u00fcl\u00fc Kanyon&#8217;da ya\u015fad\u0131\u011f\u0131 an\u0131s\u0131n\u0131 \u015f\u00f6yle anlatt\u0131: &#8220;Merhum Yaz\u0131c\u0131o\u011flu ile birlikte \u00e7ektirdi\u011fim foto\u011fraf benim i\u00e7in \u00e7ok de\u011ferli. Hat\u0131ra foto\u011fraf\u0131nda sevgi ve ho\u015fg\u00f6r\u00fc var. Hat\u0131ra foto\u011fraf\u0131 \u00e7ektirirken bir solcu olarak belki yanl\u0131\u015f anlar diye Che Guevara resimli \u015fapkam\u0131 \u00e7\u0131karmak istedim. \u015eapkay\u0131 ba\u015f\u0131mdan \u00e7\u0131karmam\u0131 istemeyerek &#8216; ba\u015fkas\u0131 olma kendin ol, do\u011fal ol hi\u00e7 \u00e7ekinme. Farkl\u0131 d\u00fcnya g\u00f6r\u00fc\u015f\u00fcne sahip olsak da Yaz\u0131c\u0131o\u011flu&#8217;nun engin ho\u015fg\u00f6r\u00fcs\u00fc beni \u00e7ok etkiledi. G\u00fcn\u00fcm\u00fczde Muhsin Yaz\u0131c\u0131o\u011flu gibi engin ho\u015fg\u00f6r\u00fc sahibi liderlere \u00e7ok ihtiya\u00e7 var. Maalesef ger\u00e7ek ki sa\u011fl\u0131\u011f\u0131nda k\u0131ymeti pek bilinmedi.\u00a0\u00a0 &#8221; ifadesinde bulundu.<\/p> <p class=\"MsoNoSpacing\">Muhsin Yaz\u0131c\u0131o\u011flu, 25 Mart 2009 y\u0131l\u0131nda Kahramanmara\u015f&#8217;a se\u00e7im \u00e7al\u0131\u015fmas\u0131 i\u00e7in gitti\u011finde Kahramanmara\u015f&#8217;tan \u00c7orum&#8217;a hava yolu ile giderken helikopterinin Ke\u015f Da\u011f\u0131&#8217;nda d\u00fc\u015fmesi sonucu helikopterde bulunan pilot dahil 6 ki\u015fi hayat\u0131n\u0131 kaybetmi\u015fti.<\/p> <p class=\"MsoNoSpacing\">Abdurrahman B\u00fcy\u00fckkeskin \/ B\u00fclten<\/p> <\/p>\n","protected":false},"excerpt":{"rendered":"<p>\u00a0 Merhum B\u00fcy\u00fck Birlik Partisi Lideri Muhsin Yaz\u0131c\u0131o\u011flu ile 16 y\u0131l \u00f6nce birlikte \u00e7ektirdi\u011fi Che Guevara resimli \u015fapkal\u0131 foto\u011fraf\u0131n\u0131 ve \u015fapkas\u0131n\u0131 g\u00f6z\u00fc gibi koruyor. \u00a0Antalya&#8217;n\u0131n <a href=\"https:\/\/akdenizhaber.com.tr\/index.php\/2024\/03\/30\/raftingci-muhsin-yazicioglu-ile-16-yil-once-che-guevara-resimli-sapkali-fotografini-gozu-gibi-koruyor\/\" class=\"read-more-link\">[more&#8230;]<\/a><\/p>\n","protected":false},"author":2,"featured_media":22091,"comment_status":"open","ping_status":"open","sticky":false,"template":"","format":"standard","meta":{"footnotes":""},"categories":[2],"tags":[],"class_list":["post-22090","post","type-post","status-publish","format-standard","has-post-thumbnail","hentry","category-gundem"],"_links":{"self":[{"href":"https:\/\/akdenizhaber.com.tr\/index.php\/wp-json\/wp\/v2\/posts\/22090","targetHints":{"allow":["GET"]}}],"collection":[{"href":"https:\/\/akdenizhaber.com.tr\/index.php\/wp-json\/wp\/v2\/posts"}],"about":[{"href":"https:\/\/akdenizhaber.com.tr\/index.php\/wp-json\/wp\/v2\/types\/post"}],"author":[{"embeddable":true,"href":"https:\/\/akdenizhaber.com.tr\/index.php\/wp-json\/wp\/v2\/users\/2"}],"replies":[{"embeddable":true,"href":"https:\/\/akdenizhaber.com.tr\/index.php\/wp-json\/wp\/v2\/comments?post=22090"}],"version-history":[{"count":0,"href":"https:\/\/akdenizhaber.com.tr\/index.php\/wp-json\/wp\/v2\/posts\/22090\/revisions"}],"wp:featuredmedia":[{"embeddable":true,"href":"https:\/\/akdenizhaber.com.tr\/index.php\/wp-json\/wp\/v2\/media\/22091"}],"wp:attachment":[{"href":"https:\/\/akdenizhaber.com.tr\/index.php\/wp-json\/wp\/v2\/media?parent=22090"}],"wp:term":[{"taxonomy":"category","embeddable":true,"href":"https:\/\/akdenizhaber.com.tr\/index.php\/wp-json\/wp\/v2\/categories?post=22090"},{"taxonomy":"post_tag","embeddable":true,"href":"https:\/\/akdenizhaber.com.tr\/index.php\/wp-json\/wp\/v2\/tags?post=22090"}],"curies":[{"name":"wp","href":"https:\/\/api.w.org\/{rel}","templated":true}]}}