{"id":22077,"date":"2024-03-29T13:06:13","date_gmt":"2024-03-29T10:06:13","guid":{"rendered":"https:\/\/akdenizhaber.com.tr\/?p=22077"},"modified":"2024-03-29T13:06:14","modified_gmt":"2024-03-29T10:06:14","slug":"bocek-is-insanlariyla-bulustu","status":"publish","type":"post","link":"https:\/\/akdenizhaber.com.tr\/index.php\/2024\/03\/29\/bocek-is-insanlariyla-bulustu\/","title":{"rendered":"B\u00f6cek i\u015f insanlar\u0131yla bulu\u015ftu"},"content":{"rendered":"\n<p><\/p>\n\n\n\n<p>ANS\u0130AD\u2019\u0131n konu\u011fu olan Antalya B\u00fcy\u00fck\u015fehir Belediye Ba\u015fkan\u0131 ve Ba\u015fkan Aday\u0131 Muhittin B\u00f6cek, Antalya\u2019y\u0131 metro ile tan\u0131\u015ft\u0131racaklar\u0131n\u0131, yer alt\u0131 yollar\u0131 ile do\u011fu bat\u0131 aks\u0131nda trafi\u011fi rahatlatacaklar\u0131n\u0131 s\u00f6yledi. Ba\u015fkan B\u00f6cek, Kepez\u2019e uluslararas\u0131 standartlarda kule atlama, su topu, senkronize y\u00fczme sporlar\u0131n\u0131n yer ald\u0131\u011f\u0131 Olimpik Y\u00fczme Havuzuin\u015fa edeceklerini de m\u00fcjdeledi.<\/p>\n\n\n\n<p>Antalya B\u00fcy\u00fck\u015fehir Belediye Ba\u015fkan\u0131 ve Ba\u015fkan Aday\u0131 Muhittin B\u00f6cek, Antalya Sanayici ve \u0130\u015f \u0130nsanlar\u0131 Derne\u011fi Ba\u015fkan\u0131 Ercan \u00d6zbek ev sahipli\u011finde d\u00fczenlenen ANS\u0130AD 5. Ola\u011fan Toplant\u0131s\u0131&#8217;na kat\u0131ld\u0131. Antalya\u2019n\u0131n gelece\u011finin konu\u015fuldu\u011fu toplant\u0131da i\u015f insanlar\u0131n\u0131n sorular\u0131n\u0131 yan\u0131tlayan Ba\u015fkan B\u00f6cek, hizmetlerini ve yeni d\u00f6nem projelerini anlatt\u0131.&nbsp;<\/p>\n\n\n\n<p>133 M\u0130LYON EURO RAYLI S\u0130STEM BORCU \u00d6DED\u0130K<\/p>\n\n\n\n<p>Antalya\u2019da 5 y\u0131l \u00f6nce ne s\u00f6ylediyse fazlas\u0131yla yapt\u0131\u011f\u0131n\u0131 ifade eden Ba\u015fkan B\u00f6cek, \u201c5 y\u0131lda 133 milyon 700 bin Euro rayl\u0131 sistem borcu \u00f6dedik. \u015eov yapmadan b\u00fcy\u00fck alt yap\u0131 yat\u0131r\u0131mlar\u0131 ger\u00e7ekle\u015ftirdik. Yerelden kalk\u0131nma vizyonuyla \u00fcreticimize \u00f6nemli destekler sa\u011flad\u0131k. Sosyal projelerimizle halk\u0131m\u0131z\u0131n her kesimine dokunduk, ekonomik kriz kar\u015f\u0131s\u0131nda ezdirmemeye \u00e7al\u0131\u015ft\u0131k. T\u00fcrkiye\u2019nin en ucuz suyunu, halk ekme\u011fini vatanda\u015flar\u0131m\u0131za sunduk. Yapt\u0131klar\u0131m\u0131z\u0131 azimle gururla devam ettirece\u011fiz. Yeni projelerimizle Antalya\u2019y\u0131 gelece\u011fe ta\u015f\u0131yaca\u011f\u0131z. Kendisini T\u00fcrkiye Cumhuriyeti vatanda\u015f\u0131 kabul eden, ezana, al bayra\u011f\u0131m\u0131za sahip \u00e7\u0131kan, Cumhuriyetimizin de\u011ferlerine inanan, mavi g\u00f6zl\u00fc dev adam\u0131n yolunda y\u00fcr\u00fcyen b\u00fct\u00fcn vatanda\u015flar\u0131m\u0131z\u0131n oylar\u0131na talibim\u201d diye konu\u015ftu.<\/p>\n\n\n\n<p>ANTALYA METRO \u0130LE TANI\u015eACAK<\/p>\n\n\n\n<p>Ki\u015fi ba\u015f\u0131na d\u00fc\u015fen ara\u00e7 say\u0131s\u0131nda T\u00fcrkiye\u2019de ilk s\u0131rada yer alan Antalya\u2019y\u0131 metro ile tan\u0131\u015ft\u0131racaklar\u0131n\u0131 ifade eden Ba\u015fkan B\u00f6cek, toplam 40 kilometrelik Sar\u0131su-Konyaalt\u0131-Varsak ve Konyaalt\u0131-Lara-Kundu hatlar\u0131n\u0131 Antalya\u2019ya kazand\u0131racaklar\u0131n\u0131 s\u00f6yledi. B\u00f6cek, projenin \u00f6nemli bir k\u0131sm\u0131n\u0131n trafi\u011fi aksatmadan yerin 30 metre alt\u0131ndan y\u00fcr\u00fct\u00fclerek tamamlanaca\u011f\u0131n\u0131 anlatt\u0131.<\/p>\n\n\n\n<p>YER ALTI YOLLARIYLA TRAF\u0130K RAHATLAYACAK<\/p>\n\n\n\n<p>Ba\u015fkan B\u00f6cek, 100. Y\u0131l Bulvar\u0131 devam\u0131nda Antalyaspor ile Falez kav\u015fa\u011f\u0131 aras\u0131ndaki ta\u015f\u0131t yolunu yerin alt\u0131na alarak k\u00fclt\u00fcr, sanat ve sporla b\u00fct\u00fcnle\u015fen yeni bir ya\u015fam alan\u0131 in\u015fa edeceklerini kaydederek, Meltem Bulvar\u0131\u2019ndan 2.5 kilometre, yer alt\u0131 yoluyla trafi\u011fi bat\u0131ya do\u011fru ak\u0131tarak yeni bir arter a\u00e7arak, Do\u011fu Bat\u0131 ula\u015f\u0131m aks\u0131nda trafi\u011fi rahatlatacaklar\u0131n\u0131 s\u00f6yledi.<\/p>\n\n\n\n<p>OL\u0130MP\u0130K Y\u00dcZME HAVUZU<\/p>\n\n\n\n<p>Antalya\u2019ya Uluslararas\u0131 Olimpik Y\u00fczme Havuzu kazand\u0131racaklar\u0131n\u0131 s\u00f6yleyen Ba\u015fkan Muhittin B\u00f6cek, \u201cUluslararas\u0131 standartlarda kule atlama, su topu, senkronize y\u00fczme sporlar\u0131 ve ayr\u0131ca terapi, engelli, \u00e7\u0131rp\u0131nma ve \u0131s\u0131nma havuzlar\u0131n\u0131n da yer ald\u0131\u011f\u0131 Olimpik Y\u00fczme Havuzu\u2019nu in\u015fa edece\u011fiz. Antalya\u2019m\u0131z\u0131 ve \u00fclkemizi temsil edecek sporcular\u0131 yeti\u015ftirecek, ulusal ve uluslararas\u0131 m\u00fcsabakalara ev sahipli\u011fi yapaca\u011f\u0131z\u201d dedi.<\/p>\n\n\n\n<p>ATIK \u00c7AMURU ENERJ\u0130YE D\u00d6N\u00dc\u015eECEK<\/p>\n\n\n\n<p>Kentin ve turizmin gelece\u011fi i\u00e7in b\u00fcy\u00fck \u00f6nem ta\u015f\u0131yan ar\u0131tma tesislerinin kapasitelerini art\u0131rmaya ve yenilerini yapmaya devam edeceklerini belirten Ba\u015fkan Muhittin B\u00f6cek, y\u0131lda 500 milyon lira harcanan at\u0131k \u00e7amuru bertaraf\u0131 sorununu Ar\u0131tma \u00c7amuru Yakma ve Enerji Geri Kazan\u0131m Tesisi ile \u00e7\u00f6zeceklerini, bu projenin kredisinin haz\u0131r oldu\u011funu aktard\u0131. B\u00f6cek, i\u00e7me suyu isale hatlar\u0131ndaki y\u00fcksek bas\u0131n\u00e7 noktalar\u0131nda bas\u0131n\u00e7 k\u0131r\u0131c\u0131l\u0131 vanalar yerine t\u00fcrbinler yerle\u015ftirerek yenilenebilir enerji elde edeceklerini de anlatt\u0131.<\/p>\n\n\n\n<p>Antalya B\u00fcy\u00fck\u015fehir Belediyesi \/ B\u00fclten<\/p>\n","protected":false},"excerpt":{"rendered":"<p>ANS\u0130AD\u2019\u0131n konu\u011fu olan Antalya B\u00fcy\u00fck\u015fehir Belediye Ba\u015fkan\u0131 ve Ba\u015fkan Aday\u0131 Muhittin B\u00f6cek, Antalya\u2019y\u0131 metro ile tan\u0131\u015ft\u0131racaklar\u0131n\u0131, yer alt\u0131 yollar\u0131 ile do\u011fu bat\u0131 aks\u0131nda trafi\u011fi rahatlatacaklar\u0131n\u0131 <a href=\"https:\/\/akdenizhaber.com.tr\/index.php\/2024\/03\/29\/bocek-is-insanlariyla-bulustu\/\" class=\"read-more-link\">[more&#8230;]<\/a><\/p>\n","protected":false},"author":2,"featured_media":22078,"comment_status":"open","ping_status":"open","sticky":false,"template":"","format":"standard","meta":{"footnotes":""},"categories":[2],"tags":[],"class_list":["post-22077","post","type-post","status-publish","format-standard","has-post-thumbnail","hentry","category-gundem"],"_links":{"self":[{"href":"https:\/\/akdenizhaber.com.tr\/index.php\/wp-json\/wp\/v2\/posts\/22077","targetHints":{"allow":["GET"]}}],"collection":[{"href":"https:\/\/akdenizhaber.com.tr\/index.php\/wp-json\/wp\/v2\/posts"}],"about":[{"href":"https:\/\/akdenizhaber.com.tr\/index.php\/wp-json\/wp\/v2\/types\/post"}],"author":[{"embeddable":true,"href":"https:\/\/akdenizhaber.com.tr\/index.php\/wp-json\/wp\/v2\/users\/2"}],"replies":[{"embeddable":true,"href":"https:\/\/akdenizhaber.com.tr\/index.php\/wp-json\/wp\/v2\/comments?post=22077"}],"version-history":[{"count":0,"href":"https:\/\/akdenizhaber.com.tr\/index.php\/wp-json\/wp\/v2\/posts\/22077\/revisions"}],"wp:featuredmedia":[{"embeddable":true,"href":"https:\/\/akdenizhaber.com.tr\/index.php\/wp-json\/wp\/v2\/media\/22078"}],"wp:attachment":[{"href":"https:\/\/akdenizhaber.com.tr\/index.php\/wp-json\/wp\/v2\/media?parent=22077"}],"wp:term":[{"taxonomy":"category","embeddable":true,"href":"https:\/\/akdenizhaber.com.tr\/index.php\/wp-json\/wp\/v2\/categories?post=22077"},{"taxonomy":"post_tag","embeddable":true,"href":"https:\/\/akdenizhaber.com.tr\/index.php\/wp-json\/wp\/v2\/tags?post=22077"}],"curies":[{"name":"wp","href":"https:\/\/api.w.org\/{rel}","templated":true}]}}