{"id":22062,"date":"2024-03-29T13:01:27","date_gmt":"2024-03-29T10:01:27","guid":{"rendered":"https:\/\/akdenizhaber.com.tr\/?p=22062"},"modified":"2024-03-29T13:01:27","modified_gmt":"2024-03-29T10:01:27","slug":"bocek-sehrimizi-ortak-akilla-daha-ileri-tasiyacagiz","status":"publish","type":"post","link":"https:\/\/akdenizhaber.com.tr\/index.php\/2024\/03\/29\/bocek-sehrimizi-ortak-akilla-daha-ileri-tasiyacagiz\/","title":{"rendered":"B\u00f6cek, \u201c\u015eehrimizi ortak ak\u0131lla daha ileri ta\u015f\u0131yaca\u011f\u0131z\u201d"},"content":{"rendered":"\n<p><\/p>\n\n\n\n<p>Antalya B\u00fcy\u00fck\u015fehir Belediyesi ile Antalya Meslek Odalar\u0131 E\u015fg\u00fcd\u00fcm Kurulu ve Akdeniz Gastronomi ve Mutfak Y\u0131ld\u0131zlar\u0131 Derne\u011fi aras\u0131nda i\u015fbirli\u011fi protokol\u00fc imzaland\u0131. \u201cBen, sen yok biz var\u0131z. Biz birlikte yapar\u0131z\u201d anlay\u0131\u015f\u0131yla 5 y\u0131l boyunca Antalya\u2019y\u0131 ortak ak\u0131lla y\u00f6nettiklerini s\u00f6yleyen B\u00fcy\u00fck\u015fehir Belediye Ba\u015fkan\u0131 Muhittin B\u00f6cek, \u201cAntalya\u2019y\u0131 birlikte y\u00f6netmeye devam edece\u011fiz\u201d dedi.<\/p>\n\n\n\n<p>Antalya B\u00fcy\u00fck\u015fehir Belediyesi ile Antalya Meslek Odalar\u0131 E\u015fg\u00fcd\u00fcm Kurulu aras\u0131nda ortak hizmet projesi ve i\u015fbirli\u011fi protokol\u00fc imzaland\u0131. Protokole, Antalya B\u00fcy\u00fck\u015fehir Belediyesi ad\u0131na Ba\u015fkan Muhittin B\u00f6cek imzalarken, Antalya Meslek Odalar\u0131 E\u015fg\u00fcd\u00fcm Kurulu ad\u0131na Sacittin Hanc\u0131o\u011flu imza att\u0131.<\/p>\n\n\n\n<p>\u00c7EVRE KONUSUNDA E\u011e\u0130T\u0130MLER YAPILACAK<\/p>\n\n\n\n<p>Protokolle, Antalya B\u00fcy\u00fck\u015fehir Belediyesi ve \u00c7evre M\u00fchendisleri Odas\u0131, G\u0131da M\u00fchendisleri Odas\u0131, Kimya M\u00fchendisleri Odas\u0131, Fizik M\u00fchendisleri Odas\u0131, Jeofizik M\u00fchendisleri Odas\u0131, Maden M\u00fchendisleri Odas\u0131, Peyzaj Mimarlar\u0131 Odas\u0131 ile Antalya\u2019da yap\u0131lan ve yap\u0131lmas\u0131 planlanan projelere ili\u015fkin ortak ak\u0131lla hareket edilmesi, iklim de\u011fi\u015fikli\u011fi ve de\u011fi\u015fkenli\u011fi ile ekoloji konusunda kamuoyunun e\u011fitimi ve bilgilendirilmesi, do\u011fal varl\u0131klar\u0131n, insan sa\u011fl\u0131\u011f\u0131n\u0131n, ye\u015fil alanlar\u0131n korunmas\u0131, geli\u015ftirilmesi, m\u00fcmk\u00fcn olanlar\u0131n\u0131n yenilerinin tesis edilmesini sa\u011flamak i\u00e7in faaliyette bulunulmas\u0131, s\u00fcrd\u00fcr\u00fclebilir ya\u015fam ve d\u00f6ng\u00fcsel ekonominin ger\u00e7ekle\u015ftirilmesi yolu ile ekosistemlerin ve ya\u015fam\u0131n korunmas\u0131n\u0131 sa\u011flamak ve do\u011faya de\u011fer verilmesi, do\u011fan\u0131n \u00f6neminin art\u0131r\u0131lmas\u0131 ve benzeri ama\u00e7larla Antalya Meslek Odalar\u0131 E\u015fg\u00fcd\u00fcm Kurulu ama\u00e7lar\u0131yla \u00f6rt\u00fc\u015fen konularda i\u015fbirli\u011fi i\u00e7erisinde \u00e7al\u0131\u015fmalar yap\u0131lmas\u0131 imza alt\u0131na al\u0131nd\u0131.<\/p>\n\n\n\n<p>MESLEK ODALARINA YER TAHS\u0130S\u0130<\/p>\n\n\n\n<p>Protokol kapsam\u0131nda meslek odalar\u0131 ile projeler \u00fcretmek, \u00fcretileni desteklemek ve uygulamalar\u0131n ger\u00e7ekle\u015ftirilmesini temin etmek amac\u0131yla Kepez Fabrikalar Mahallesi\u2019nde bulunan Antalya B\u00fcy\u00fck\u015fehir Belediyesi\u2019ne ait ta\u015f\u0131nmaz, 3 y\u0131l s\u00fcreyle bedelsiz olarak ilgili meslek odalar\u0131n\u0131n kullan\u0131m\u0131na verildi. \u201cBu bir ba\u015flang\u0131\u00e7\u201d diyen Ba\u015fkan B\u00f6cek, \u201c5 y\u0131ll\u0131k g\u00f6rev s\u00fcremiz boyunca Antalya\u2019m\u0131z\u0131 meslek odalar\u0131m\u0131z, sivil toplum kurulu\u015flar\u0131m\u0131z ile ortak ak\u0131lla y\u00f6nettik.&nbsp; Bundan sonraki yeni d\u00f6nemimizde de in\u015fallah sizlerle \u00e7ok daha yo\u011fun \u00e7al\u0131\u015fmalar yapaca\u011f\u0131z. Gazipa\u015fa\u2019dan Ka\u015f\u2019a kadar 19 il\u00e7emizde de birlikte alaca\u011f\u0131m\u0131z kararlar ile Antalya\u2019m\u0131za daha g\u00fczel hizmetler sunaca\u011f\u0131z\u201d dedi.<\/p>\n\n\n\n<p>GASTRONOM\u0130 DERNE\u011e\u0130 \u0130LE \u0130\u015eB\u0130RL\u0130\u011e\u0130<\/p>\n\n\n\n<p>Antalya B\u00fcy\u00fck\u015fehir Belediyesi ile Akdeniz Gastronomi ve Mutfak Y\u0131ld\u0131zlar\u0131 Derne\u011fi aras\u0131nda ise i\u015fbirli\u011fi beyannamesi imzaland\u0131. Ba\u015fkan Muhittin B\u00f6cek ve Dernek Ba\u015fkan\u0131 Bilal Y\u00fcre\u011fir\u2019in imzas\u0131 ile d\u00fczenlenen olan i\u015fbirli\u011fi beyannamesi kapsam\u0131nda her y\u0131l 27 \u00fclkeden 2 binden fazla yar\u0131\u015fmac\u0131, 30 binden fazla ziyaret\u00e7i ile d\u00fczenlenen ve bu y\u0131l 5. kez kap\u0131lar\u0131n\u0131 a\u00e7acak olan T\u00fcrkiye\u2019nin en b\u00fcy\u00fck ve prestijli yemek yar\u0131\u015fma organizasyonu \u201cUluslararas\u0131 Gastronomi ve Miksoloji Y\u0131ld\u0131zlar\u0131 Bulu\u015fmas\u0131\u201d Cam Piramit\u2019te Antalya B\u00fcy\u00fck\u015fehir Belediyesi\u2019nin destekleriyle Kas\u0131m ay\u0131 i\u00e7erisinde yap\u0131lacak. Ba\u015fkan Muhittin B\u00f6cek, Antalya\u2019n\u0131n \u00f6nemli bir gastronomi \u015fehri oldu\u011funu belirterek, Antalya\u2019n\u0131n yemek k\u00fclt\u00fcr\u00fcn\u00fc d\u00fcnyaya tan\u0131tma konusunda kararl\u0131 olduklar\u0131n\u0131 ve yap\u0131lan bu i\u015fbirli\u011finin de bu konuda \u00f6nemli katk\u0131lar sa\u011flayaca\u011f\u0131na inand\u0131\u011f\u0131n\u0131 belirtti.<\/p>\n\n\n\n<p>Antalya B\u00fcy\u00fck\u015fehir Belediyesi \/ B\u00fclten<\/p>\n","protected":false},"excerpt":{"rendered":"<p>Antalya B\u00fcy\u00fck\u015fehir Belediyesi ile Antalya Meslek Odalar\u0131 E\u015fg\u00fcd\u00fcm Kurulu ve Akdeniz Gastronomi ve Mutfak Y\u0131ld\u0131zlar\u0131 Derne\u011fi aras\u0131nda i\u015fbirli\u011fi protokol\u00fc imzaland\u0131. \u201cBen, sen yok biz var\u0131z. <a href=\"https:\/\/akdenizhaber.com.tr\/index.php\/2024\/03\/29\/bocek-sehrimizi-ortak-akilla-daha-ileri-tasiyacagiz\/\" class=\"read-more-link\">[more&#8230;]<\/a><\/p>\n","protected":false},"author":2,"featured_media":22063,"comment_status":"open","ping_status":"open","sticky":false,"template":"","format":"standard","meta":{"footnotes":""},"categories":[2],"tags":[],"class_list":["post-22062","post","type-post","status-publish","format-standard","has-post-thumbnail","hentry","category-gundem"],"_links":{"self":[{"href":"https:\/\/akdenizhaber.com.tr\/index.php\/wp-json\/wp\/v2\/posts\/22062","targetHints":{"allow":["GET"]}}],"collection":[{"href":"https:\/\/akdenizhaber.com.tr\/index.php\/wp-json\/wp\/v2\/posts"}],"about":[{"href":"https:\/\/akdenizhaber.com.tr\/index.php\/wp-json\/wp\/v2\/types\/post"}],"author":[{"embeddable":true,"href":"https:\/\/akdenizhaber.com.tr\/index.php\/wp-json\/wp\/v2\/users\/2"}],"replies":[{"embeddable":true,"href":"https:\/\/akdenizhaber.com.tr\/index.php\/wp-json\/wp\/v2\/comments?post=22062"}],"version-history":[{"count":0,"href":"https:\/\/akdenizhaber.com.tr\/index.php\/wp-json\/wp\/v2\/posts\/22062\/revisions"}],"wp:featuredmedia":[{"embeddable":true,"href":"https:\/\/akdenizhaber.com.tr\/index.php\/wp-json\/wp\/v2\/media\/22063"}],"wp:attachment":[{"href":"https:\/\/akdenizhaber.com.tr\/index.php\/wp-json\/wp\/v2\/media?parent=22062"}],"wp:term":[{"taxonomy":"category","embeddable":true,"href":"https:\/\/akdenizhaber.com.tr\/index.php\/wp-json\/wp\/v2\/categories?post=22062"},{"taxonomy":"post_tag","embeddable":true,"href":"https:\/\/akdenizhaber.com.tr\/index.php\/wp-json\/wp\/v2\/tags?post=22062"}],"curies":[{"name":"wp","href":"https:\/\/api.w.org\/{rel}","templated":true}]}}