{"id":22053,"date":"2024-03-29T12:59:11","date_gmt":"2024-03-29T09:59:11","guid":{"rendered":"https:\/\/akdenizhaber.com.tr\/?p=22053"},"modified":"2024-03-29T12:59:11","modified_gmt":"2024-03-29T09:59:11","slug":"nesrin-unal-genclerimize-sahip-cikacagiz","status":"publish","type":"post","link":"https:\/\/akdenizhaber.com.tr\/index.php\/2024\/03\/29\/nesrin-unal-genclerimize-sahip-cikacagiz\/","title":{"rendered":"Nesrin \u00dcnal: Gen\u00e7lerimize sahip \u00e7\u0131kaca\u011f\u0131z"},"content":{"rendered":"\n<p><\/p>\n\n\n\n<p>\u0130yi Parti taraf\u0131ndan Kepez Kent Meydan\u0131\u2019nda d\u00fczenlenen iftar program\u0131na yo\u011fun kat\u0131l\u0131m oldu. Kalabal\u0131\u011fa seslenen \u0130yi Parti Antalya B\u00fcy\u00fck\u015fehir Belediye Ba\u015fkan Aday\u0131 Nesrin \u00dcnal, gen\u00e7lere y\u00f6nelik projelerini anlatt\u0131. \u00dcnal, staj ve \u00e7\u0131rakl\u0131k ma\u011fdurlar\u0131n\u0131n da sesi olaca\u011f\u0131n\u0131 s\u00f6yledi<\/p>\n\n\n\n<p>\u0130yi Parti iftar program\u0131 Kepez Kent Meydan\u0131\u2019nda d\u00fczenlendi. Programa \u0130yi Parti Antalya B\u00fcy\u00fck\u015fehir Belediye Ba\u015fkan Aday\u0131 Nesrin \u00dcnal da kat\u0131ld\u0131. Kat\u0131l\u0131m\u0131n yo\u011fun oldu\u011fu iftar program\u0131nda davetlilere seslenen \u00dcnal, \u201c\u0130ftar\u0131m\u0131z\u0131 Allah kabul etsin. \u0130ftara kat\u0131l\u0131m d\u00fc\u015f\u00fcnd\u00fc\u011f\u00fcm\u00fcz\u00fcn \u00e7ok \u00fcst\u00fcnde oldu. Bu nedenle ma\u011fdur olan insanlar\u0131m\u0131zdan kendi ad\u0131ma \u00f6z\u00fcr diler, helallik isterim\u201d dedi.<\/p>\n\n\n\n<p>GEN\u00c7LERE Y\u00d6NEL\u0130K PROJELER<\/p>\n\n\n\n<p>Konu\u015fmas\u0131nda gen\u00e7lere seslenen \u00dcnal, \u201cBizim Yar\u0131n\u0131m\u0131z Projesi ile \u015fehrimizi, Antalyal\u0131 \u00e7ocuklar\u0131m\u0131z\u0131n ve gen\u00e7lerimizin hep ya\u015famak isteyecekleri cazibe merkezi haline getirece\u011fiz. Gen\u00e7lerin orta ve uzun vadede sosyal ve ekonomik ihtiya\u00e7lar\u0131n\u0131 kar\u015f\u0131layabilece\u011fi, f\u0131rsat e\u015fitli\u011finin h\u00fck\u00fcm s\u00fcrd\u00fc\u011f\u00fc bir Antalya hayalimizle ger\u00e7ekle\u015ftirece\u011fimiz projemiz \u00e7er\u00e7evesinde, gen\u00e7lerimizin \u00fccretsiz yemek yiyebilece\u011fi, kahve i\u00e7ebilece\u011fi, spor yapabilece\u011fi, dan\u0131\u015fmanl\u0131k hizmetleri alabilece\u011fi, uzmanlar\u0131n y\u00f6netip denetleyece\u011fi gen\u00e7lik merkezleri a\u00e7aca\u011f\u0131z. Belediyemizin gen\u00e7lerimize sa\u011flad\u0131\u011f\u0131 burs desteklerimizin say\u0131s\u0131n\u0131 ve miktar\u0131n\u0131 art\u0131raca\u011f\u0131z. Bar\u0131nma deste\u011fi i\u00e7in \u00f6\u011frenci evleri a\u00e7aca\u011f\u0131z.Toplu ta\u015f\u0131may\u0131 \u00f6\u011frencilerimize \u00fccretsiz hale getirece\u011fiz. Yard\u0131ma ihtiya\u00e7 duyan gen\u00e7lerimiz i\u00e7in rehabilitasyon merkezleri a\u00e7aca\u011f\u0131z. E-spor, futbol, y\u00fczme, tenis, satran\u00e7 gibi gen\u00e7lerimizin geli\u015fimine katk\u0131 sa\u011flayacak etkinlikleri art\u0131raca\u011f\u0131z\u201d dedi.<\/p>\n\n\n\n<p>GEN\u00c7LER\u0130 \u0130ST\u0130HDAM EDECE\u011e\u0130Z<\/p>\n\n\n\n<p>\u00dcnal gen\u00e7lere y\u00f6nelik konu\u015fmas\u0131n\u0131n devam\u0131nda, \u201cMeslek edinme kurslar\u0131n\u0131n say\u0131s\u0131n\u0131n art\u0131r\u0131lmas\u0131 i\u00e7in destekler sunacak, sivil toplum kurulu\u015flar\u0131 ile i\u015f birli\u011fi yap\u0131p gen\u00e7lerimizin mesleki yeterlili\u011fini art\u0131rarak i\u015f bulmalar\u0131n\u0131 sa\u011flayaca\u011f\u0131z. Okul \u00e7a\u011f\u0131ndaki \u00e7ocuklar\u0131m\u0131za sa\u011fl\u0131kl\u0131 ve \u00fccretsiz bir \u00f6\u011f\u00fcn yemek verece\u011fiz. Gen\u00e7lerimizin yo\u011fun olarak vakit ge\u00e7irdikleri ve sosyalle\u015ftikleri b\u00f6lgelerde \u00fccretsiz Wi-Fi noktalar\u0131 kuraca\u011f\u0131z. Gen\u00e7lerimiz i\u00e7in \u00fccretsiz yapay zek\u00e2, kodlama, tasar\u0131m ve oyun at\u00f6lyeleri kuracak, gen\u00e7lerimizin kendilerini ger\u00e7ekle\u015ftirmeleri i\u00e7in onlar\u0131n her ad\u0131mda yan\u0131nda olaca\u011f\u0131z. \u0130mk\u00e2n\u0131 olmayan gen\u00e7lerimizin kaliteli otellerde tatil yapmalar\u0131n\u0131 sa\u011flayaca\u011f\u0131z. Mesleki E\u011fitim Merkezlerinin say\u0131s\u0131n\u0131n ve kapasitelerinin art\u0131r\u0131lmas\u0131 i\u00e7in giri\u015fimlerde bulunacak, buradan mezun gen\u00e7lerimizin derhal istihdama kat\u0131labilmeleri i\u00e7in sivil toplum kurulu\u015flar\u0131 ve i\u015f insanlar\u0131na te\u015fvikler sunarak \u00f6nc\u00fcl\u00fck yapaca\u011f\u0131z\u201d diye konu\u015ftu. \u0130yi Parti Antalya B\u00fcy\u00fck\u015fehir Belediye Ba\u015fkan Aday\u0131 Nesrin \u00dcnal, \u00e7\u0131rakl\u0131k ve staj ma\u011fdurlar\u0131n\u0131n da sesi olaca\u011f\u0131n\u0131 s\u00f6yledi. \u00dcnal\u2019\u0131n bu s\u00f6zleri b\u00fcy\u00fck alk\u0131\u015f ald\u0131.<\/p>\n\n\n\n<p>Haber Merkezi<\/p>\n","protected":false},"excerpt":{"rendered":"<p>\u0130yi Parti taraf\u0131ndan Kepez Kent Meydan\u0131\u2019nda d\u00fczenlenen iftar program\u0131na yo\u011fun kat\u0131l\u0131m oldu. Kalabal\u0131\u011fa seslenen \u0130yi Parti Antalya B\u00fcy\u00fck\u015fehir Belediye Ba\u015fkan Aday\u0131 Nesrin \u00dcnal, gen\u00e7lere y\u00f6nelik <a href=\"https:\/\/akdenizhaber.com.tr\/index.php\/2024\/03\/29\/nesrin-unal-genclerimize-sahip-cikacagiz\/\" class=\"read-more-link\">[more&#8230;]<\/a><\/p>\n","protected":false},"author":2,"featured_media":22054,"comment_status":"open","ping_status":"open","sticky":false,"template":"","format":"standard","meta":{"footnotes":""},"categories":[2],"tags":[],"class_list":["post-22053","post","type-post","status-publish","format-standard","has-post-thumbnail","hentry","category-gundem"],"_links":{"self":[{"href":"https:\/\/akdenizhaber.com.tr\/index.php\/wp-json\/wp\/v2\/posts\/22053","targetHints":{"allow":["GET"]}}],"collection":[{"href":"https:\/\/akdenizhaber.com.tr\/index.php\/wp-json\/wp\/v2\/posts"}],"about":[{"href":"https:\/\/akdenizhaber.com.tr\/index.php\/wp-json\/wp\/v2\/types\/post"}],"author":[{"embeddable":true,"href":"https:\/\/akdenizhaber.com.tr\/index.php\/wp-json\/wp\/v2\/users\/2"}],"replies":[{"embeddable":true,"href":"https:\/\/akdenizhaber.com.tr\/index.php\/wp-json\/wp\/v2\/comments?post=22053"}],"version-history":[{"count":0,"href":"https:\/\/akdenizhaber.com.tr\/index.php\/wp-json\/wp\/v2\/posts\/22053\/revisions"}],"wp:featuredmedia":[{"embeddable":true,"href":"https:\/\/akdenizhaber.com.tr\/index.php\/wp-json\/wp\/v2\/media\/22054"}],"wp:attachment":[{"href":"https:\/\/akdenizhaber.com.tr\/index.php\/wp-json\/wp\/v2\/media?parent=22053"}],"wp:term":[{"taxonomy":"category","embeddable":true,"href":"https:\/\/akdenizhaber.com.tr\/index.php\/wp-json\/wp\/v2\/categories?post=22053"},{"taxonomy":"post_tag","embeddable":true,"href":"https:\/\/akdenizhaber.com.tr\/index.php\/wp-json\/wp\/v2\/tags?post=22053"}],"curies":[{"name":"wp","href":"https:\/\/api.w.org\/{rel}","templated":true}]}}