{"id":22050,"date":"2024-03-28T13:46:58","date_gmt":"2024-03-28T10:46:58","guid":{"rendered":"https:\/\/akdenizhaber.com.tr\/?p=22050"},"modified":"2024-03-28T13:46:58","modified_gmt":"2024-03-28T10:46:58","slug":"ulku-ocaklarindan-muhtesem-konser","status":"publish","type":"post","link":"https:\/\/akdenizhaber.com.tr\/index.php\/2024\/03\/28\/ulku-ocaklarindan-muhtesem-konser\/","title":{"rendered":"\u00dclk\u00fc Ocaklar\u0131n\u2019dan Muhte\u015fem Konser"},"content":{"rendered":"\n<p><\/p>\n\n\n\n<p>Manavgat \u00fclk\u00fc Ocaklar\u0131 taraf\u0131ndan Manavgat K\u00fclliye Camisi \u00f6n\u00fcndeki alanda d\u00fczenlenen \u201cManavgat ba\u015fl\u0131yoruz \u201cisimli konser siyaset g\u00fcndemine damgas\u0131n\u0131 vurdu. Muhafazak\u00e2r kesimin yak\u0131ndan tan\u0131d\u0131\u011f\u0131 sanat\u00e7\u0131lar Mustafa Y\u0131ld\u0131zdo\u011fan ve Ali K\u0131n\u0131k taraf\u0131ndan ger\u00e7ekle\u015ftirilen konser kat\u0131l\u0131m\u0131n \u00e7ok y\u00fcksek olmas\u0131 nedeniyle izdihama d\u00f6n\u00fc\u015ft\u00fc. Siyasi kamuoyunda \u00dclk\u00fc Ocaklar\u0131 Manavgat\u2019\u0131 sallad\u0131 yorumlar\u0131na neden oldu.<\/p>\n\n\n\n<p>Manavgat \u00dclk\u00fc Ocaklar\u0131 taraf\u0131ndan K\u00fcllice Camisi \u00f6n\u00fcndeki b\u00fcy\u00fck alanda ger\u00e7ekle\u015ftirilen \u201cManavgat Ba\u015fl\u0131yoruz\u201d isimli konser teravih namaz\u0131nda sonra ba\u015flad\u0131. Manavgat \u00dclk\u00fc Ocaklar\u0131 taraf\u0131ndan d\u00fczenlenen konsere MHP Antalya Milletvekili Hilmi Durgun, Ak Parti Antalya Milletvekili Tuba Vural \u00c7okal, MHP Antalya il ba\u015fkan\u0131 Onur Temel, MHP Manavgat \u0130l\u00e7e Ba\u015fkan\u0131 Nooman Enho\u015f, Ak Parti \u0130l\u00e7e Ba\u015fkan\u0131 Ahmet Ali Erol, Cumhur \u0130ttifak\u0131 B\u00fcy\u00fck\u015fehir Belediye Ba\u015fkan Aday\u0131 Hakan T\u00fct\u00fcnc\u00fc, Cumhur \u0130ttifak\u0131 Manavgat Belediye Ba\u015fkan Aday\u0131 Prof. Dr. S\u00fcleyman Okudan, Cumhur \u0130ttifak\u0131\u2019n\u0131n Belediye Meclis \u00fcyesi Adaylar\u0131, Manavgat\u2019ta faaliyet g\u00f6steren Sivil Toplum \u00d6rg\u00fctlerinin ba\u015fkanlar\u0131 ve \u00e7ok say\u0131da vatanda\u015f kat\u0131ld\u0131.<\/p>\n\n\n\n<p>&nbsp; Manavgat Ba\u015fl\u0131yoruz konseri Manavgat \u00dclk\u00fc Ocaklar\u0131 Ba\u015fkan\u0131 Yusuf \u00d6z\u00e7elik Ba\u015fkan\u0131n konu\u015fmas\u0131 ile ba\u015flad\u0131. Ba\u015fkan \u00d6z\u00e7elik konu\u015fmas\u0131nda \u00dclk\u00fc Ocaklar\u0131n\u0131n tarihsel misyonu ve Cumhur \u0130ttifak\u0131\u2019n\u0131n \u00fcstlendi\u011fi tarihsel sorumlulu\u011fun \u00fclke i\u00e7in \u00f6nemine vurgu yapt\u0131. Manavgat \u00fclk\u00fc ocaklar\u0131 ba\u015fkan\u0131 Yusuf \u00d6z\u00e7elik birlik beraberlik mesajlar\u0131 verdi. MHP \u0130l Ba\u015fkan\u0131 Onur Temel ve Cumhur \u0130ttifak\u0131 Antalya B\u00fcy\u00fck\u015fehir Belediye Ba\u015fkan Aday\u0131 Hakan T\u00fct\u00fcnc\u00fc\u2019 n\u00fcn birer konu\u015fma yapt\u0131. Manavgat Belediye Ba\u015fkan\u0131 Prof. Dr. S\u00fcleyman Okudan gecede etkileyici bir konu\u015fma yapt\u0131. Projelerini anlatt\u0131.&nbsp; Ba\u015fkan Okudan konu\u015fmas\u0131n\u0131n sonunda Bozkurt i\u015fareti yaparak konu\u015fmas\u0131n\u0131 bitirdi. Konsere kat\u0131lan vatanda\u015flardan \u201c Manavgat\u2019\u0131n Ba\u015fkan\u0131 S\u00fcleyman hoca\u201d Bozkurt S\u00fcleyman\u201d tezah\u00fcratlar\u0131 ile sahneden u\u011furland\u0131. Yakla\u015f\u0131k d\u00f6rt saat s\u00fcren konserde Ali K\u0131n\u0131k ve Mustafa Y\u0131ld\u0131zdo\u011fan taraf\u0131ndan s\u00f6ylenen \u015fark\u0131lara seyirciler e\u015flik ettiler. Emniyet Kay\u0131tlar\u0131na 35 bin ile 40 bin aral\u0131\u011f\u0131nda bir ki\u015finin kat\u0131ld\u0131\u011f\u0131 \u015feklinde ge\u00e7en konserde Manavgatl\u0131lar g\u00f6n\u00fcllerince e\u011flendiler. Konsere kat\u0131lan mah\u015fer-i&nbsp; kalabal\u0131k Manavgat kamuoyunda \u00dclk\u00fc Ocaklar\u0131&nbsp; d\u00fczenledi\u011fi konser ile Manavgat\u2019\u0131 sallad\u0131 yorumlar\u0131n\u0131n yap\u0131lamas\u0131na neden oldu.<\/p>\n\n\n\n<p>Haber Merkezi<\/p>\n","protected":false},"excerpt":{"rendered":"<p>Manavgat \u00fclk\u00fc Ocaklar\u0131 taraf\u0131ndan Manavgat K\u00fclliye Camisi \u00f6n\u00fcndeki alanda d\u00fczenlenen \u201cManavgat ba\u015fl\u0131yoruz \u201cisimli konser siyaset g\u00fcndemine damgas\u0131n\u0131 vurdu. Muhafazak\u00e2r kesimin yak\u0131ndan tan\u0131d\u0131\u011f\u0131 sanat\u00e7\u0131lar Mustafa Y\u0131ld\u0131zdo\u011fan <a href=\"https:\/\/akdenizhaber.com.tr\/index.php\/2024\/03\/28\/ulku-ocaklarindan-muhtesem-konser\/\" class=\"read-more-link\">[more&#8230;]<\/a><\/p>\n","protected":false},"author":2,"featured_media":22051,"comment_status":"open","ping_status":"open","sticky":false,"template":"","format":"standard","meta":{"footnotes":""},"categories":[2],"tags":[],"class_list":["post-22050","post","type-post","status-publish","format-standard","has-post-thumbnail","hentry","category-gundem"],"_links":{"self":[{"href":"https:\/\/akdenizhaber.com.tr\/index.php\/wp-json\/wp\/v2\/posts\/22050","targetHints":{"allow":["GET"]}}],"collection":[{"href":"https:\/\/akdenizhaber.com.tr\/index.php\/wp-json\/wp\/v2\/posts"}],"about":[{"href":"https:\/\/akdenizhaber.com.tr\/index.php\/wp-json\/wp\/v2\/types\/post"}],"author":[{"embeddable":true,"href":"https:\/\/akdenizhaber.com.tr\/index.php\/wp-json\/wp\/v2\/users\/2"}],"replies":[{"embeddable":true,"href":"https:\/\/akdenizhaber.com.tr\/index.php\/wp-json\/wp\/v2\/comments?post=22050"}],"version-history":[{"count":0,"href":"https:\/\/akdenizhaber.com.tr\/index.php\/wp-json\/wp\/v2\/posts\/22050\/revisions"}],"wp:featuredmedia":[{"embeddable":true,"href":"https:\/\/akdenizhaber.com.tr\/index.php\/wp-json\/wp\/v2\/media\/22051"}],"wp:attachment":[{"href":"https:\/\/akdenizhaber.com.tr\/index.php\/wp-json\/wp\/v2\/media?parent=22050"}],"wp:term":[{"taxonomy":"category","embeddable":true,"href":"https:\/\/akdenizhaber.com.tr\/index.php\/wp-json\/wp\/v2\/categories?post=22050"},{"taxonomy":"post_tag","embeddable":true,"href":"https:\/\/akdenizhaber.com.tr\/index.php\/wp-json\/wp\/v2\/tags?post=22050"}],"curies":[{"name":"wp","href":"https:\/\/api.w.org\/{rel}","templated":true}]}}