{"id":22042,"date":"2024-03-28T13:40:30","date_gmt":"2024-03-28T10:40:30","guid":{"rendered":"https:\/\/akdenizhaber.com.tr\/?p=22042"},"modified":"2024-03-28T13:40:30","modified_gmt":"2024-03-28T10:40:30","slug":"tutuncuden-ulasim-esnafina-mujde","status":"publish","type":"post","link":"https:\/\/akdenizhaber.com.tr\/index.php\/2024\/03\/28\/tutuncuden-ulasim-esnafina-mujde\/","title":{"rendered":"T\u00fct\u00fcnc\u00fc\u2019den ula\u015f\u0131m esnaf\u0131na m\u00fcjde!"},"content":{"rendered":"\n<p><\/p>\n\n\n\n<p>Cumhur \u0130ttifak\u0131\u2019n\u0131n Antalya B\u00fcy\u00fck\u015fehir Belediye Ba\u015fkan aday\u0131 Hakan T\u00fct\u00fcnc\u00fc, 4 y\u0131l 9 ay\u0131n ard\u0131ndan son meclise b\u0131rak\u0131lan ula\u015f\u0131m esnaf\u0131n\u0131n kilometre \u00fccretine son noktay\u0131 koydu. T\u00fct\u00fcnc\u00fc, \u201cUla\u015f\u0131m esnaf\u0131m\u0131z\u0131n 40 TL. olan kilometre \u00fccretini, Antalya\u2019n\u0131n alt\u0131n \u00e7a\u011f\u0131nda biz, 60 TL\u2019ye \u00e7\u0131kar\u0131yoruz. Hay\u0131rl\u0131 u\u011furlu olsun. \u201ddedi.<\/p>\n\n\n\n<p>Cumhur \u0130ttifak\u0131\u2019n\u0131n Antalya B\u00fcy\u00fck\u015fehir Belediye Ba\u015fkan aday\u0131 Hakan T\u00fct\u00fcnc\u00fc, ula\u015f\u0131m esnaf\u0131 ile bir araya geldi. Mimar Sinan Kongre Merkezi\u2019ndeki bulu\u015fmaya bir \u00f6nceki d\u00f6nem D\u0131\u015fi\u015fleri Bakan\u0131 ve AK Parti Antalya Milletvekili Mevl\u00fct \u00c7avu\u015fo\u011flu, AK Parti Antalya Milletvekili Mustafa K\u00f6se, AK Parti Antalya \u0130l Ba\u015fkan\u0131 Ali \u00c7etin, AESOB Ba\u015fkan\u0131 Adl\u0131han Dere, Antalya Otob\u00fcs\u00e7\u00fcler Esnaf ve Sanatkarlar Odas\u0131 Ba\u015fkan\u0131 Yasin Arslan ve ula\u015f\u0131m esnaf\u0131 kat\u0131ld\u0131. Bulu\u015fmada konu\u015fan Cumhur \u0130ttifak\u0131\u2019n\u0131n Antalya B\u00fcy\u00fck\u015fehir Belediye Ba\u015fkan aday\u0131 Hakan T\u00fct\u00fcnc\u00fc, \u201cBiz ta\u015f\u0131yan\u0131 ve ta\u015f\u0131nan\u0131 mutlu bir Antalya hayal ediyoruz. Antalya\u2019n\u0131n alt\u0131n \u00e7a\u011f\u0131nda taksici esnaf\u0131m\u0131zda, otob\u00fcs\u00e7\u00fc esnaf\u0131m\u0131zda mutlu olacak. Takside ta\u015f\u0131nanda, otob\u00fcste ta\u015f\u0131nanda mutlu olacak.\u201d dedi. Ula\u015f\u0131m esnaf\u0131n\u0131n sorunlar\u0131n\u0131 bildiklerini ve Antalya\u2019n\u0131n alt\u0131n \u00e7a\u011f\u0131nda bu sorunlar\u0131 \u00e7\u00f6z\u00fcme kavu\u015fturacaklar\u0131n\u0131 da s\u00f6yledi.<\/p>\n\n\n\n<p>ULA\u015eIM ESNAFIMIZA HAYIRLI OLSUN<\/p>\n\n\n\n<p>Ula\u015f\u0131m esnaf\u0131n\u0131n en \u00f6nemli sorunlar\u0131ndan birinin kilometre \u00fccreti oldu\u011funu dile getiren T\u00fct\u00fcnc\u00fc, \u201cAntalya B\u00fcy\u00fck\u015fehir Belediyesi 4 y\u0131l 9 ay g\u00fcndeme getirmedi\u011fi ula\u015f\u0131m esnaf\u0131 kilometre ba\u015f\u0131 deste\u011fini son meclise b\u0131rakt\u0131. Antalya B\u00fcy\u00fck\u015fehir Belediyesi ile Otob\u00fcs\u00e7\u00fcler Esnaf ve Sanatkarlar Odas\u0131, kilometre \u00fccretinin 40 TL.\u2019den, 45 TL.\u2019ye \u00e7\u0131kar\u0131lmas\u0131 konusunda anla\u015ft\u0131. Ancak son meclis toplanamad\u0131\u011f\u0131 i\u00e7in karar maalesef ge\u00e7irilemedi. \u201c dedi. &nbsp;\u201cMadem bu yap\u0131labiliyordu da, niye 60. meclise kadar beklendi.\u201d diyerek, s\u00f6zlerini s\u00fcrd\u00fcren T\u00fct\u00fcnc\u00fc, \u201cBiz, 40 TL. olan kilometre \u00fccretini 60 TL\u2019ye \u00e7\u0131karma karar\u0131 ald\u0131k. Hay\u0131rl\u0131 u\u011furlu olsun. \u201d diyerek, ula\u015f\u0131m esnaf\u0131na m\u00fcjde verdi.<\/p>\n\n\n\n<p>ESNAFIMIZLA UZLA\u015eMAKTAN YANAYIZ<\/p>\n\n\n\n<p>\u201cBizim taraf\u0131m\u0131z belli.\u201d diyerek s\u00f6zlerini s\u00fcrd\u00fcren T\u00fct\u00fcnc\u00fc, \u201c Biz esnafla anla\u015fmaktan uzla\u015fmaktan yanay\u0131z. Esnafla kavga etmeyi, esnafa kar\u015f\u0131 i\u015f tutmay\u0131 asla bir y\u00f6netim ilkesi olarak kabul etmedik. Antalya B\u00fcy\u00fck\u015fehir de siz bizim toplu ula\u015f\u0131mda \u00e7\u00f6z\u00fcm ortaklar\u0131m\u0131zs\u0131n\u0131z. Ta\u015f\u0131yanda mutlu olacak, ta\u015f\u0131nanda mutlu olacak. Biz Antalya\u2019da \u00f6yle bir toplu ta\u015f\u0131ma sistemi kuraca\u011f\u0131z ki, T\u00fcrkiye\u2019nin di\u011fer b\u00fcy\u00fck\u015fehirlerine \u00f6rnek bir toplu ula\u015f\u0131m sistemi olacak. Sizin mutlulu\u011funuz \u00f6n\u00fcm\u00fczdeki 5 y\u0131l bizim mutlu\u011fumuz.\u201d dedi. &nbsp;&nbsp;<\/p>\n\n\n\n<p>Ula\u015f\u0131m esnaf\u0131n\u0131n \u00e7i\u00e7ek gibi depolanma alanlar\u0131n\u0131n Kepez\u2019de oldu\u011funu hat\u0131rlatan T\u00fct\u00fcnc\u00fc, \u201cNeden? \u00c7\u00fcnk\u00fc, Yasin Arslan ba\u015fkan\u0131m istedi, bizde yapt\u0131k.\u201d diye konu\u015ftu. &nbsp;<\/p>\n\n\n\n<p>ULA\u015eIM ESNAFIMIZIN \u0130\u00c7\u0130 RAHAT OLSUN<\/p>\n\n\n\n<p>T\u00fct\u00fcnc\u00fc, Antalya\u2019n\u0131n alt\u0131n \u00e7a\u011f\u0131nda belediyenin envanterine kay\u0131tl\u0131 otob\u00fcslerin elektrikli\u011fe d\u00f6n\u00fc\u015ft\u00fcr\u00fclece\u011fini de belirterek, \u201cBuradan elde edilen tasarrufu esnaf\u0131m\u0131zla payla\u015faca\u011f\u0131z. &nbsp;Bu arada ula\u015f\u0131m esnaf\u0131m\u0131z\u0131n i\u00e7i de rahat olsun. Bu sistem belediyenin envanterine kay\u0131tl\u0131 otob\u00fcsler i\u00e7in ge\u00e7erli olacak. Bizim sizlere ne yeni bir otob\u00fcs, nede elektrikli bir otob\u00fcs ald\u0131rma gibi bir derdimiz asla yok. Biz sizin yan\u0131n\u0131zday\u0131z. Size k\u00fclfet olu\u015fturacak hi\u00e7bir davran\u0131\u015f\u0131n i\u00e7ine girmeyiz.\u201d dedi. &nbsp;<\/p>\n\n\n\n<p>Haber Merkezi<\/p>\n","protected":false},"excerpt":{"rendered":"<p>Cumhur \u0130ttifak\u0131\u2019n\u0131n Antalya B\u00fcy\u00fck\u015fehir Belediye Ba\u015fkan aday\u0131 Hakan T\u00fct\u00fcnc\u00fc, 4 y\u0131l 9 ay\u0131n ard\u0131ndan son meclise b\u0131rak\u0131lan ula\u015f\u0131m esnaf\u0131n\u0131n kilometre \u00fccretine son noktay\u0131 koydu. T\u00fct\u00fcnc\u00fc, <a href=\"https:\/\/akdenizhaber.com.tr\/index.php\/2024\/03\/28\/tutuncuden-ulasim-esnafina-mujde\/\" class=\"read-more-link\">[more&#8230;]<\/a><\/p>\n","protected":false},"author":2,"featured_media":22043,"comment_status":"open","ping_status":"open","sticky":false,"template":"","format":"standard","meta":{"footnotes":""},"categories":[2],"tags":[],"class_list":["post-22042","post","type-post","status-publish","format-standard","has-post-thumbnail","hentry","category-gundem"],"_links":{"self":[{"href":"https:\/\/akdenizhaber.com.tr\/index.php\/wp-json\/wp\/v2\/posts\/22042","targetHints":{"allow":["GET"]}}],"collection":[{"href":"https:\/\/akdenizhaber.com.tr\/index.php\/wp-json\/wp\/v2\/posts"}],"about":[{"href":"https:\/\/akdenizhaber.com.tr\/index.php\/wp-json\/wp\/v2\/types\/post"}],"author":[{"embeddable":true,"href":"https:\/\/akdenizhaber.com.tr\/index.php\/wp-json\/wp\/v2\/users\/2"}],"replies":[{"embeddable":true,"href":"https:\/\/akdenizhaber.com.tr\/index.php\/wp-json\/wp\/v2\/comments?post=22042"}],"version-history":[{"count":0,"href":"https:\/\/akdenizhaber.com.tr\/index.php\/wp-json\/wp\/v2\/posts\/22042\/revisions"}],"wp:featuredmedia":[{"embeddable":true,"href":"https:\/\/akdenizhaber.com.tr\/index.php\/wp-json\/wp\/v2\/media\/22043"}],"wp:attachment":[{"href":"https:\/\/akdenizhaber.com.tr\/index.php\/wp-json\/wp\/v2\/media?parent=22042"}],"wp:term":[{"taxonomy":"category","embeddable":true,"href":"https:\/\/akdenizhaber.com.tr\/index.php\/wp-json\/wp\/v2\/categories?post=22042"},{"taxonomy":"post_tag","embeddable":true,"href":"https:\/\/akdenizhaber.com.tr\/index.php\/wp-json\/wp\/v2\/tags?post=22042"}],"curies":[{"name":"wp","href":"https:\/\/api.w.org\/{rel}","templated":true}]}}