{"id":22039,"date":"2024-03-28T13:39:43","date_gmt":"2024-03-28T10:39:43","guid":{"rendered":"https:\/\/akdenizhaber.com.tr\/?p=22039"},"modified":"2024-03-28T13:39:43","modified_gmt":"2024-03-28T10:39:43","slug":"nesrin-unala-24-saat-yetmiyor","status":"publish","type":"post","link":"https:\/\/akdenizhaber.com.tr\/index.php\/2024\/03\/28\/nesrin-unala-24-saat-yetmiyor\/","title":{"rendered":"Nesrin \u00dcnal\u2019a 24 saat yetmiyor"},"content":{"rendered":"\n<p><\/p>\n\n\n\n<p>\u0130yi Parti Antalya B\u00fcy\u00fck\u015fehir Belediye Ba\u015fkan Aday\u0131 Nesrin \u00dcnal bir g\u00fcnde 3 bazen daha fazla il\u00e7eyi ziyaret ediyor. Gitti\u011fi her yerde sevgiyle kar\u015f\u0131lanan \u00dcnal, projelerini ve \u0130Y\u0130 belediyecili\u011fi anlat\u0131yor<\/p>\n\n\n\n<p>\u0130yi Parti Antalya B\u00fcy\u00fck\u015fehir Belediye Ba\u015fkan\u0131 Nesrin \u00dcnal, g\u00fcnd\u00fcz Muratpa\u015fa\u2019ya ba\u011fl\u0131<\/p>\n\n\n\n<p>G\u00fczeloba\u2019da esnaf ziyaret etti. Vatanda\u015fa \u2018Bizim \u0130nsan\u0131m\u0131z Projesi\u2019nden bahseden \u00dcnal, \u201c<\/p>\n\n\n\n<p>Antalya&#8217;da ya\u015fayan dezavantajl\u0131 insanlar\u0131m\u0131z\u0131 belediyemizin katk\u0131lar\u0131yla sosyal ve ekonomik anlamda g\u00fc\u00e7lendirmek i\u00e7in harekete ge\u00e7ece\u011fiz. Dar gelirli karde\u015flerimizin ya\u015fam ko\u015fullar\u0131n\u0131 iyile\u015ftirecek, onlar\u0131n da sosyal ve ekonomik olarak topluma daha iyi bir bi\u00e7imde en- tegre olmas\u0131n\u0131 sa\u011flayaca\u011f\u0131z. Toplumumuzun sosyal ve k\u00fclt\u00fcrel etkinliklerine belediye olarak destek olacak, k\u00fclt\u00fcr\u00fcm\u00fcz\u00fc zenginle\u015ftirerek gelece\u011fe ta\u015f\u0131mak i\u00e7in \u00e7al\u0131\u015faca\u011f\u0131z. Bizim \u0130nsan\u0131m\u0131z Projesi \u00e7er\u00e7evesinde, \u0130htiya\u00e7 sahibi emeklilere kira ve elektrik yard\u0131m\u0131 yapaca\u011f\u0131z. \u015eehrimizde \u00e7ok y\u00fckselen ev kiralar\u0131n\u0131 kar\u015f\u0131layamayan insan\u0131m\u0131z i\u00e7in sosyal konut alanlar\u0131 a\u00e7aca\u011f\u0131z ve h\u0131zla sosyal konut in\u015faatlar\u0131na ba\u015flayaca\u011f\u0131z. Yeni evlenen \u00e7iftlere nakdi destek vererek, kira ve elektrik yard\u0131m\u0131 yapaca\u011f\u0131z\u201d dedi.<\/p>\n\n\n\n<p>B\u0130Z\u0130M YARINIMIZ PROJES\u0130<\/p>\n\n\n\n<p>\u00dcnal, iftar\u0131 ise Kemer\u2019de yapt\u0131. B\u00f6lge halk\u0131 taraf\u0131ndan \u2018Nesrin Ana\u2019 sloganlar\u0131yla kar\u015f\u0131lanan \u0130yi Parti Antalya B\u00fcy\u00fck\u015fehir Belediye Ba\u015fkan Aday\u0131 Nesrin \u00dcnal, burada ise gen\u00e7ler ve \u00e7ocuklar i\u00e7in yapacaklar\u0131n\u0131 anlatt\u0131. \u00dcnal, \u201c\u015eehrimizin ve \u00fclkemizin yar\u0131nlar\u0131n\u0131n teminat\u0131 olan gen\u00e7lerimiz ve \u00e7ocuklar\u0131m\u0131z, ulu \u00f6nderimiz Mustafa Kemal Atat\u00fcrk&#8217;\u00fcn de bahsetti\u011fi \u00fczere, istikbalimizin evlatlar\u0131 olduklar\u0131ndan, onlar\u0131n her zaman daha iyi ko\u015fullara sahip olabilmeleri i\u00e7in \u00e7al\u0131\u015faca\u011f\u0131z. Gen\u00e7lerimizi ve \u00e7ocuklar\u0131m\u0131z\u0131 \u00fcmitsizli\u011fin pen\u00e7elerinden kurtaracak, onlara Antalya&#8217;m\u0131zda huzurlu, mutlu ve refah dolu bir gelece\u011fin m\u00fcmk\u00fcn oldu\u011funu g\u00f6sterece\u011fiz.<\/p>\n\n\n\n<p>Gen\u00e7lerimizin ve \u00e7ocuklar\u0131m\u0131z\u0131n, geli\u015fmi\u015f \u00fclkelerde ya\u015fayan akranlar\u0131 ile ayn\u0131 imkanlara sahip olabilmeleri i\u00e7in belediye imkanlar\u0131n\u0131 seferber edece\u011fiz. Bizim Yar\u0131n\u0131m\u0131z Projesi yard\u0131m\u0131yla Antalya&#8217;m\u0131z\u0131 gen\u00e7lerimiz ve \u00e7ocuklar\u0131m\u0131z i\u00e7in bir mutluluk kayna\u011f\u0131 haline getirece\u011fiz\u201d diye konu\u015ftu.<\/p>\n\n\n\n<p>TEKNOLOJ\u0130 PROJELER\u0130N\u0130 ANLATTI<\/p>\n\n\n\n<p>\u00dcnal, iftardan sonra ise Konyaalt\u0131\u2019na ba\u011fl\u0131 A\u015fa\u011f\u0131 Karaman Mahallesi\u2019ni ziyaret etti. Gen\u00e7lerle sohbet eden \u00dcnal, vatanda\u015f\u0131n sorunlar\u0131na kulak verdi.&nbsp; \u0130yi Parti Antalya B\u00fcy\u00fck\u015fehir Belediye Ba\u015fkan Aday\u0131 Nesrin \u00dcnal, \u201cModern d\u00fcnyan\u0131n vazge\u00e7ilmez bir par\u00e7as\u0131 olan teknolojiyi \u015fehrimizin faydas\u0131na kullanabilmek vizyonuyla, Antalya&#8217;m\u0131z\u0131 bilimin \u0131\u015f\u0131\u011f\u0131nda \u00f6rnek \u015fehir haline getirece\u011fiz. Yapay zek\u00e2, art\u0131r\u0131lm\u0131\u015f ger\u00e7eklik, blok zincir gibi teknolojilerle; Antalya&#8217;m\u0131z\u0131 ak\u0131ll\u0131 bir kent haline getirmek i\u00e7in, uzmanlar\u0131n deste\u011fi ile kapsaml\u0131 projeler haz\u0131rlayacak ve bu projeleri t\u00fcm payda\u015flarla ula\u015faca\u011f\u0131m\u0131z konsens\u00fcs sonucunda hayata ge\u00e7irece\u011fiz. Belediye olarak, inovasyonu ve geli\u015fimi s\u00fcrekli destekleyen bir yakla\u015f\u0131m\u0131 benimseyece\u011fiz. B\u00f6ylece teknolojiyi takip eden de\u011fil, teknolojiyi \u00fcreten bir yerel y\u00f6netim olma anlay\u0131\u015f\u0131yla hareket edece\u011fiz. Yenili\u011fe a\u00e7\u0131k ve ilerici teknoloji ve sanayi yakla\u015f\u0131m\u0131m\u0131z\u0131, Bizim Ger\u00e7e\u011fimiz Projesi ile hayata ge\u00e7irerek, teknolojinin ve sanayinin Antalya&#8217;n\u0131n kal\u0131c\u0131 ger\u00e7e\u011fi haline gelmesi i\u00e7in \u00e7al\u0131\u015faca\u011f\u0131z\u201d \u015fekline konu\u015ftu.&nbsp;<\/p>\n\n\n\n<p>Haber Merkezi<\/p>\n","protected":false},"excerpt":{"rendered":"<p>\u0130yi Parti Antalya B\u00fcy\u00fck\u015fehir Belediye Ba\u015fkan Aday\u0131 Nesrin \u00dcnal bir g\u00fcnde 3 bazen daha fazla il\u00e7eyi ziyaret ediyor. Gitti\u011fi her yerde sevgiyle kar\u015f\u0131lanan \u00dcnal, projelerini <a href=\"https:\/\/akdenizhaber.com.tr\/index.php\/2024\/03\/28\/nesrin-unala-24-saat-yetmiyor\/\" class=\"read-more-link\">[more&#8230;]<\/a><\/p>\n","protected":false},"author":2,"featured_media":22040,"comment_status":"open","ping_status":"open","sticky":false,"template":"","format":"standard","meta":{"footnotes":""},"categories":[2],"tags":[],"class_list":["post-22039","post","type-post","status-publish","format-standard","has-post-thumbnail","hentry","category-gundem"],"_links":{"self":[{"href":"https:\/\/akdenizhaber.com.tr\/index.php\/wp-json\/wp\/v2\/posts\/22039","targetHints":{"allow":["GET"]}}],"collection":[{"href":"https:\/\/akdenizhaber.com.tr\/index.php\/wp-json\/wp\/v2\/posts"}],"about":[{"href":"https:\/\/akdenizhaber.com.tr\/index.php\/wp-json\/wp\/v2\/types\/post"}],"author":[{"embeddable":true,"href":"https:\/\/akdenizhaber.com.tr\/index.php\/wp-json\/wp\/v2\/users\/2"}],"replies":[{"embeddable":true,"href":"https:\/\/akdenizhaber.com.tr\/index.php\/wp-json\/wp\/v2\/comments?post=22039"}],"version-history":[{"count":0,"href":"https:\/\/akdenizhaber.com.tr\/index.php\/wp-json\/wp\/v2\/posts\/22039\/revisions"}],"wp:featuredmedia":[{"embeddable":true,"href":"https:\/\/akdenizhaber.com.tr\/index.php\/wp-json\/wp\/v2\/media\/22040"}],"wp:attachment":[{"href":"https:\/\/akdenizhaber.com.tr\/index.php\/wp-json\/wp\/v2\/media?parent=22039"}],"wp:term":[{"taxonomy":"category","embeddable":true,"href":"https:\/\/akdenizhaber.com.tr\/index.php\/wp-json\/wp\/v2\/categories?post=22039"},{"taxonomy":"post_tag","embeddable":true,"href":"https:\/\/akdenizhaber.com.tr\/index.php\/wp-json\/wp\/v2\/tags?post=22039"}],"curies":[{"name":"wp","href":"https:\/\/api.w.org\/{rel}","templated":true}]}}