{"id":22036,"date":"2024-03-28T13:37:36","date_gmt":"2024-03-28T10:37:36","guid":{"rendered":"https:\/\/akdenizhaber.com.tr\/?p=22036"},"modified":"2024-03-28T13:37:36","modified_gmt":"2024-03-28T10:37:36","slug":"siyahkoctan-sumer-ve-tutuncuye-destek","status":"publish","type":"post","link":"https:\/\/akdenizhaber.com.tr\/index.php\/2024\/03\/28\/siyahkoctan-sumer-ve-tutuncuye-destek\/","title":{"rendered":"Siyahko\u00e7\u2019tan S\u00fcmer ve T\u00fct\u00fcnc\u00fc\u2019ye destek"},"content":{"rendered":"\n<p><\/p>\n\n\n\n<p>Deva Partisi\u2019nden istifa eden Mehmet Siyahko\u00e7, Pazar g\u00fcn\u00fc yap\u0131lacak yerel se\u00e7imde Kepez\u2019de Cumhur \u0130ttifak\u0131 Aday\u0131 R\u0131za S\u00fcmer\u2019i, B\u00fcy\u00fck\u015fehir\u2019de ise yine Cumhur \u0130ttifak\u0131 Aday\u0131 Hakan T\u00fct\u00fcnc\u00fc\u2019y\u00fc destekledi\u011fini a\u00e7\u0131k lad\u0131.<\/p>\n\n\n\n<p>Deva Partisi Kepez eski il\u00e7e ba\u015fkan\u0131 Mehmet Siyahko\u00e7, bir s\u00fcre \u00f6nce Ak Parti\u2019ye kat\u0131lm\u0131\u015ft\u0131. Yerel se\u00e7im \u00fczerine a\u00e7\u0131klama yapan Siyahko\u00e7, Kepez\u2019de Cumhur \u0130ttifak\u0131 Aday\u0131 R\u0131za S\u00fcmer\u2019i, B\u00fcy\u00fck\u015fehir\u2019de ise yine Cumhur \u0130ttifak\u0131 Aday\u0131 Hakan T\u00fct\u00fcnc\u00fc\u2019y\u00fc destekleyece\u011fini a\u00e7\u0131klad\u0131. Siyahko\u00e7, \u201cDe\u011ferli hem\u015fehrilerim, sevgili dostlar\u0131m ve k\u0131ymetli kamuoyu; 31 Mart Pazar g\u00fcn\u00fc ger\u00e7ekle\u015fecek olan yerel se\u00e7imler \u00f6ncesi dostlar\u0131m\u0131z ile ger\u00e7ekle\u015ftirdi\u011fimiz isti\u015fareler, Kepez \u0130l\u00e7emizde birlikte mesai harcad\u0131\u011f\u0131m\u0131z arkada\u015flar\u0131m\u0131z ile yapt\u0131\u011f\u0131m\u0131z yo\u011fun de\u011ferlendirmeler ve \u00fcyesi bulundu\u011fum sivil toplum kurulu\u015flar\u0131m\u0131zla ald\u0131\u011f\u0131m\u0131z ortak kanaat sonras\u0131nda Kepez&#8217;imiz ve Antalya&#8217;m\u0131z\u0131n T\u00fcrkiye Y\u00fczy\u0131l\u0131&#8217;na yak\u0131\u015fan yat\u0131r\u0131mlar\u0131 almas\u0131, vatanda\u015flar\u0131m\u0131z\u0131n hak etti\u011fi hizmet ile bulu\u015fmas\u0131 ad\u0131na t\u00fcm kalbimizle, hi\u00e7bir menfi hesap ve imtiyaz g\u00f6zetmeksizin Kepez&#8217;de Cumhur \u0130ttifak\u0131 Aday\u0131m\u0131z Sn.R\u0131za S\u00fcmer&#8217;i, Antalya B\u00fcy\u00fck\u015fehir&#8217;de ise yine Cumhur \u0130ttifak\u0131 Aday\u0131m\u0131z Sn.Hakan T\u00fct\u00fcnc\u00fc&#8217;y\u00fc destekleme karar\u0131 ald\u0131\u011f\u0131m\u0131z\u0131 payla\u015fman\u0131n mutlulu\u011funu ya\u015f\u0131yoruz\u201d dedi.<\/p>\n\n\n\n<p>NEZAKET \u00c7A\u011eRISI YAPTI<\/p>\n\n\n\n<p>Siyahko\u00e7 a\u00e7\u0131klamas\u0131na \u015f\u00f6yle devam etti: \u201cT\u00fcm bu d\u00fc\u015f\u00fcncelerle yakla\u015f\u0131k 1 sene \u00f6nceye kadar \u0130l\u00e7e Ba\u015fkanl\u0131\u011f\u0131 g\u00f6revini y\u00fcr\u00fctt\u00fc\u011f\u00fcm Deva Partisi&#8217;ndeki t\u00fcm g\u00f6revlerimden bu s\u00fcre \u00f6ncesinde istifa etti\u011fimi ve ge\u00e7ti\u011fimiz g\u00fcnler itibariyle co\u015fku, inan\u00e7 ve samimiyetle b\u00fcy\u00fck AK Parti Antalya ailesine kat\u0131ld\u0131\u011f\u0131m\u0131z\u0131 sizlerin ilgisine sunuyor ve desteklerinizi rica ediyorum. Antalya&#8217;m\u0131zda ve Kepez&#8217;de hem\u015fehrilerimize uzanan hizmetlerde k\u00f6pr\u00fc misyonunu \u00fcstlenmenin beraberinde \u015fehrimize yak\u0131\u015fan nezaket ve ho\u015fg\u00f6r\u00fc zemininde se\u00e7imlerin tamamlanmas\u0131n\u0131 diliyor, sayg\u0131 ve sevgilerimi payla\u015f\u0131yorum.\u201d<\/p>\n\n\n\n<p>Haber Merkezi<\/p>\n","protected":false},"excerpt":{"rendered":"<p>Deva Partisi\u2019nden istifa eden Mehmet Siyahko\u00e7, Pazar g\u00fcn\u00fc yap\u0131lacak yerel se\u00e7imde Kepez\u2019de Cumhur \u0130ttifak\u0131 Aday\u0131 R\u0131za S\u00fcmer\u2019i, B\u00fcy\u00fck\u015fehir\u2019de ise yine Cumhur \u0130ttifak\u0131 Aday\u0131 Hakan T\u00fct\u00fcnc\u00fc\u2019y\u00fc <a href=\"https:\/\/akdenizhaber.com.tr\/index.php\/2024\/03\/28\/siyahkoctan-sumer-ve-tutuncuye-destek\/\" class=\"read-more-link\">[more&#8230;]<\/a><\/p>\n","protected":false},"author":2,"featured_media":22037,"comment_status":"open","ping_status":"open","sticky":false,"template":"","format":"standard","meta":{"footnotes":""},"categories":[2],"tags":[],"class_list":["post-22036","post","type-post","status-publish","format-standard","has-post-thumbnail","hentry","category-gundem"],"_links":{"self":[{"href":"https:\/\/akdenizhaber.com.tr\/index.php\/wp-json\/wp\/v2\/posts\/22036","targetHints":{"allow":["GET"]}}],"collection":[{"href":"https:\/\/akdenizhaber.com.tr\/index.php\/wp-json\/wp\/v2\/posts"}],"about":[{"href":"https:\/\/akdenizhaber.com.tr\/index.php\/wp-json\/wp\/v2\/types\/post"}],"author":[{"embeddable":true,"href":"https:\/\/akdenizhaber.com.tr\/index.php\/wp-json\/wp\/v2\/users\/2"}],"replies":[{"embeddable":true,"href":"https:\/\/akdenizhaber.com.tr\/index.php\/wp-json\/wp\/v2\/comments?post=22036"}],"version-history":[{"count":0,"href":"https:\/\/akdenizhaber.com.tr\/index.php\/wp-json\/wp\/v2\/posts\/22036\/revisions"}],"wp:featuredmedia":[{"embeddable":true,"href":"https:\/\/akdenizhaber.com.tr\/index.php\/wp-json\/wp\/v2\/media\/22037"}],"wp:attachment":[{"href":"https:\/\/akdenizhaber.com.tr\/index.php\/wp-json\/wp\/v2\/media?parent=22036"}],"wp:term":[{"taxonomy":"category","embeddable":true,"href":"https:\/\/akdenizhaber.com.tr\/index.php\/wp-json\/wp\/v2\/categories?post=22036"},{"taxonomy":"post_tag","embeddable":true,"href":"https:\/\/akdenizhaber.com.tr\/index.php\/wp-json\/wp\/v2\/tags?post=22036"}],"curies":[{"name":"wp","href":"https:\/\/api.w.org\/{rel}","templated":true}]}}