{"id":22030,"date":"2024-03-28T13:29:19","date_gmt":"2024-03-28T10:29:19","guid":{"rendered":"https:\/\/akdenizhaber.com.tr\/?p=22030"},"modified":"2024-03-28T13:29:19","modified_gmt":"2024-03-28T10:29:19","slug":"baskan-bocek-antalyayi-sanatin-merkezi-yapacagiz","status":"publish","type":"post","link":"https:\/\/akdenizhaber.com.tr\/index.php\/2024\/03\/28\/baskan-bocek-antalyayi-sanatin-merkezi-yapacagiz\/","title":{"rendered":"Ba\u015fkan B\u00f6cek: \u201cAntalya\u2019y\u0131 sanat\u0131n merkezi yapaca\u011f\u0131z\u201d"},"content":{"rendered":"\n<p><\/p>\n\n\n\n<p>Antalya B\u00fcy\u00fck\u015fehir Belediye Ba\u015fkan\u0131 ve CHP Ba\u015fkan Aday\u0131 Muhittin B\u00f6cek, Antalya\u2019y\u0131 k\u00fclt\u00fcr sanat\u0131n da merkezi yapacaklar\u0131n\u0131 belirterek, \u201c\u0130n\u015fa edece\u011fimiz Performans Sanatlar\u0131 Merkezimizle Antalya\u2019y\u0131 ilk b\u00fcy\u00fck opera binas\u0131na kavu\u015fturaca\u011f\u0131z. 100. Y\u0131l Ya\u015fam Alan\u0131 Projemizle de k\u00fclt\u00fcr, sanat ve sporla b\u00fct\u00fcnle\u015fen yeni bir ya\u015fam alan\u0131 in\u015fa edece\u011fiz\u201d dedi.<\/p>\n\n\n\n<p>Antalya B\u00fcy\u00fck\u015fehir Belediye Ba\u015fkan\u0131 ve CHP Ba\u015fkan Aday\u0131 Muhittin B\u00f6cek, D\u00fcnya Tiyatrolar G\u00fcn\u00fc\u2019n\u00fc kutlad\u0131. Sanat\u0131n \u00f6zg\u00fcrl\u00fck oldu\u011funu, birle\u015ftirici ve iyile\u015ftirici g\u00fcc\u00fc bulundu\u011funu dile getiren Ba\u015fkan B\u00f6cek, \u201cUlu \u00d6nderimiz Gazi Mustafa Kemal Atat\u00fcrk\u2019\u00fcn dedi\u011fi gibi; \u201cSanats\u0131z kalan bir milletin hayat damarlar\u0131ndan biri kopmu\u015f demektir. Bu bilin\u00e7le kentimize Y\u0131ld\u0131z Kenter Sahnesi, Do\u011fu Garaj\u0131 K\u00fclt\u00fcr Merkezi, Gazipa\u015fa K\u00fclt\u00fcr Merkezi\u2019ni kazand\u0131rd\u0131k. \u00d6\u011frencilerimiz i\u00e7in tiyatro festivali d\u00fczenledik. T\u00fcrkiye\u2019de konserler yasaklan\u0131rken, kentimizde \u00f6zg\u00fcrce konserler, festivaller d\u00fczenledik. \u0130smail Baha S\u00fcrelsan Konservatuvar\u0131m\u0131z\u0131 modern binas\u0131na ta\u015f\u0131d\u0131k. \u015eehir Tiyatrolar\u0131m\u0131z\u0131 imkan ve olanaklar\u0131n\u0131 geli\u015ftirdik. Teknolojik alt yap\u0131s\u0131 ile T\u00fcrkiye\u2019nin en modern tiyatro sahnesine kavu\u015fturduk. Yeni d\u00f6nemimizde k\u00fclt\u00fcr ve sanatta ilgili ilk s\u0131rada olmak istiyoruz\u201d diye konu\u015ftu.<\/p>\n\n\n\n<p>PERFORMANS SANATLARI MERKEZ\u0130<\/p>\n\n\n\n<p>Antalya\u2019y\u0131 K\u00fclt\u00fcr Sanat etkinliklerinin merkezi yapmak konusunda da kararl\u0131 olduklar\u0131n\u0131 belirten Ba\u015fkan B\u00f6cek, \u201cGelecek d\u00f6nem projelerimiz i\u00e7inde yer alan Performans Sanatlar\u0131 Merkezimiz ile Antalya\u2019y\u0131 ilk b\u00fcy\u00fck opera binas\u0131na kavu\u015fturaca\u011f\u0131z. D\u00fcnya standartlar\u0131nda g\u00f6sterilere ev sahipli\u011fi yapabilecek bir sanat merkezi in\u015fa edece\u011fiz. Antalya\u2019m\u0131z\u0131 ihtiya\u00e7 duydu\u011fu modern bir simge ile bulu\u015fturaca\u011f\u0131z\u201d diye konu\u015ftu.<\/p>\n\n\n\n<p>\u00c7OK AMA\u00c7LI M\u00dcZELER KOMPLEKS\u0130<\/p>\n\n\n\n<p>M\u00fcze Kenti Antalya slogan\u0131yla Antalya\u2019ya \u00e7ok ama\u00e7l\u0131 m\u00fczeler kompleksi kazand\u0131racaklar\u0131n\u0131 belirten Ba\u015fkan B\u00f6cek, \u201cHalk\u0131n, yerli ve yabanc\u0131 t\u00fcm ziyaret\u00e7ilerin hizmetine a\u00e7\u0131lacak olan bu binam\u0131zda Antalyal\u0131 sanat\u00e7\u0131lar i\u00e7in ge\u00e7ici ve kal\u0131c\u0131 sergi alanlar\u0131, ayr\u0131ca k\u00fclt\u00fcr sanat derneklerine \u00e7al\u0131\u015fma alanlar\u0131, m\u00fczeler, konferans salonlar\u0131 ve k\u00fct\u00fcphaneler olu\u015fturaca\u011f\u0131z. Zanaatkarlar ve sanat\u00e7\u0131lar \u00fcr\u00fcnlerini ziyaret\u00e7ilere sunarken, sanatseverlerin de de\u011ferli eserlerle bulu\u015fmas\u0131na imkan sa\u011flayaca\u011f\u0131z\u201d dedi.<\/p>\n\n\n\n<p>100. YIL YA\u015eAM ALANI PROJES\u0130<\/p>\n\n\n\n<p>100. Y\u0131l Ya\u015fam Alan\u0131 Projesi hakk\u0131nda bilgi veren Ba\u015fkan B\u00f6cek, \u201cAntalyaspor ile Falez Kav\u015fa\u011f\u0131 aras\u0131ndaki ta\u015f\u0131t yolunu yerin alt\u0131na alarak k\u00fclt\u00fcr, sanat ve sporla b\u00fct\u00fcnle\u015fen yeni bir ya\u015fam alan\u0131 in\u015fa edece\u011fiz. \u015eehir merkezi ile k\u0131y\u0131 \u015feridini birle\u015ftiren yol aks\u0131 projemizin k\u00fclt\u00fcr sanat etkinliklerinin merkezi olaca\u011f\u0131na inan\u0131yoruz. Antalya halk\u0131na trafikten ar\u0131nm\u0131\u015f bir ya\u015fam alan\u0131 kazand\u0131raca\u011f\u0131z\u201d ifadelerini kulland\u0131.<\/p>\n\n\n\n<p>KEMER K\u00dcLT\u00dcR VE SANAT MERKEZ\u0130<\/p>\n\n\n\n<p>Kemer\u2019de B\u00f6lge halk\u0131n\u0131n sosyal ihtiya\u00e7lar\u0131n\u0131 giderecek K\u00fclt\u00fcr ve Sanat Merkezi a\u00e7acaklar\u0131n\u0131 anlatan Ba\u015fkan Muhittin B\u00f6cek, \u015funlar\u0131 aktard\u0131: \u201c28 bin 998 m2\u2019lik alanda planlanan proje i\u00e7erisinde \u00e7ok ama\u00e7l\u0131 salonlar, sergi alanlar\u0131, k\u00fct\u00fcphaneler, kurs merkezleri, kre\u015fler, al\u0131\u015fveri\u015f alanlar\u0131, restoranlar, sinema ve a\u00e7\u0131k sosyal donat\u0131lar gibi birimler yer alacak. B\u00f6lge halk\u0131na ve turistlere sunaca\u011f\u0131m\u0131z donat\u0131 alanlar\u0131 ile herkesin sosyal, k\u00fclt\u00fcrel ve sanatsal ihtiya\u00e7lar\u0131n\u0131 kar\u015f\u0131layaca\u011f\u0131z.\u201d<\/p>\n\n\n\n<p>Antalya B\u00fcy\u00fck\u015fehir Belediyesi \/ B\u00fclten<\/p>\n","protected":false},"excerpt":{"rendered":"<p>Antalya B\u00fcy\u00fck\u015fehir Belediye Ba\u015fkan\u0131 ve CHP Ba\u015fkan Aday\u0131 Muhittin B\u00f6cek, Antalya\u2019y\u0131 k\u00fclt\u00fcr sanat\u0131n da merkezi yapacaklar\u0131n\u0131 belirterek, \u201c\u0130n\u015fa edece\u011fimiz Performans Sanatlar\u0131 Merkezimizle Antalya\u2019y\u0131 ilk b\u00fcy\u00fck <a href=\"https:\/\/akdenizhaber.com.tr\/index.php\/2024\/03\/28\/baskan-bocek-antalyayi-sanatin-merkezi-yapacagiz\/\" class=\"read-more-link\">[more&#8230;]<\/a><\/p>\n","protected":false},"author":2,"featured_media":22031,"comment_status":"open","ping_status":"open","sticky":false,"template":"","format":"standard","meta":{"footnotes":""},"categories":[2],"tags":[],"class_list":["post-22030","post","type-post","status-publish","format-standard","has-post-thumbnail","hentry","category-gundem"],"_links":{"self":[{"href":"https:\/\/akdenizhaber.com.tr\/index.php\/wp-json\/wp\/v2\/posts\/22030","targetHints":{"allow":["GET"]}}],"collection":[{"href":"https:\/\/akdenizhaber.com.tr\/index.php\/wp-json\/wp\/v2\/posts"}],"about":[{"href":"https:\/\/akdenizhaber.com.tr\/index.php\/wp-json\/wp\/v2\/types\/post"}],"author":[{"embeddable":true,"href":"https:\/\/akdenizhaber.com.tr\/index.php\/wp-json\/wp\/v2\/users\/2"}],"replies":[{"embeddable":true,"href":"https:\/\/akdenizhaber.com.tr\/index.php\/wp-json\/wp\/v2\/comments?post=22030"}],"version-history":[{"count":0,"href":"https:\/\/akdenizhaber.com.tr\/index.php\/wp-json\/wp\/v2\/posts\/22030\/revisions"}],"wp:featuredmedia":[{"embeddable":true,"href":"https:\/\/akdenizhaber.com.tr\/index.php\/wp-json\/wp\/v2\/media\/22031"}],"wp:attachment":[{"href":"https:\/\/akdenizhaber.com.tr\/index.php\/wp-json\/wp\/v2\/media?parent=22030"}],"wp:term":[{"taxonomy":"category","embeddable":true,"href":"https:\/\/akdenizhaber.com.tr\/index.php\/wp-json\/wp\/v2\/categories?post=22030"},{"taxonomy":"post_tag","embeddable":true,"href":"https:\/\/akdenizhaber.com.tr\/index.php\/wp-json\/wp\/v2\/tags?post=22030"}],"curies":[{"name":"wp","href":"https:\/\/api.w.org\/{rel}","templated":true}]}}