{"id":22027,"date":"2024-03-28T13:28:41","date_gmt":"2024-03-28T10:28:41","guid":{"rendered":"https:\/\/akdenizhaber.com.tr\/?p=22027"},"modified":"2024-03-28T13:28:42","modified_gmt":"2024-03-28T10:28:42","slug":"baskan-boceke-kasta-sevgi-seli","status":"publish","type":"post","link":"https:\/\/akdenizhaber.com.tr\/index.php\/2024\/03\/28\/baskan-boceke-kasta-sevgi-seli\/","title":{"rendered":"Ba\u015fkan B\u00f6cek\u2019e Ka\u015f\u2019ta sevgi seli"},"content":{"rendered":"\n<p><\/p>\n\n\n\n<p>Antalya B\u00fcy\u00fck\u015fehir Belediye Ba\u015fkan\u0131 ve Ba\u015fkan Muhittin B\u00f6cek Ka\u015f il\u00e7esini kar\u0131\u015f kar\u0131\u015f gezerek hem\u015ferileri ile kucakla\u015ft\u0131.Ka\u015f merkez, G\u00f6mbe, S\u00fctlegen, Do\u011fanta\u015f, Ova, Kasaba ve K\u0131n\u0131k mahallelerinde b\u00fcy\u00fck co\u015fku ve sevgiyle kar\u015f\u0131lanan Ba\u015fkan B\u00f6cek, \u201cK\u00f6yl\u00fcm\u00fcz\u00fcn dertleriyle dertlenmeye, b\u00fct\u00fcn vatanda\u015flar\u0131m\u0131z\u0131n emrinde olmaya, sosyal yard\u0131mlar\u0131m\u0131z\u0131 art\u0131rmaya, oy versin vermesin kimseyi ayr\u0131m yapmadan yolumuza devam edece\u011fiz\u201d dedi.<\/p>\n\n\n\n<p>Antalya B\u00fcy\u00fck\u015fehir Belediye Ba\u015fkan\u0131 ve CHP Ba\u015fkan Aday\u0131 Muhittin B\u00f6cek, se\u00e7im \u00e7al\u0131\u015fmalar\u0131 kapsam\u0131nda Ka\u015f\u2019a \u00e7\u0131kartma yapt\u0131.CHP \u0130l Ba\u015fkan\u0131 Nail Kamac\u0131, Milletvekili Cavit Ar\u0131, Ka\u015f Belediye Ba\u015fkan Aday\u0131 Erol Demirhan, \u0130l\u00e7e Ba\u015fkan\u0131 Mehmet Vural Ar\u0131kan\u2019\u0131n da haz\u0131r bulundu\u011fu ziyaretlerde b\u00fcy\u00fck co\u015fku ya\u015fand\u0131. &nbsp;Ka\u015f\u2019\u0131n t\u00fcm mahallelerini kar\u0131\u015f kar\u0131\u015f gezen Ba\u015fkan B\u00f6cek\u2019in ilk dura\u011f\u0131 G\u00f6mbe oldu.<\/p>\n\n\n\n<p>KAZANAN ANTALYA OLACAK<\/p>\n\n\n\n<p>Ba\u015fkan B\u00f6cek, G\u00f6mbe Se\u00e7im Koordinasyon Merkezi&#8217;nde vatanda\u015flarla bir araya gelerek yapt\u0131klar\u0131 ve yapacaklar\u0131n\u0131 anlatt\u0131. B\u00f6cek, ard\u0131ndan S\u00fctle\u011fen, Do\u011fanta\u015f, Kasaba, Ova Mahallelerini ziyaret etti.Vatanda\u015flar\u0131n s\u0131cak ilgisi ve sevgiyle kar\u015f\u0131lanan Ba\u015fkan B\u00f6cek, \u201cHalk\u0131m\u0131z\u0131n tevecc\u00fch\u00fc, ilgisi, sevgisi gitti\u011fimiz her yerde bizi onurland\u0131r\u0131yor, mutlu ediyor. Herkesin Ba\u015fkan\u0131 olarak t\u00fcm vatanda\u015flar\u0131m\u0131za hizmet ula\u015ft\u0131rmak i\u00e7in bir kez daha yollarday\u0131z. Zafer bizim i\u00e7in bir ama\u00e7 de\u011fil, sadece kul hakk\u0131n\u0131 korumak, ranta de\u011fil halka hizmet etmek i\u00e7in bir ara\u00e7. 31 Mart&#8217;ta bir kez daha kazanan t\u00fcm Antalya olacak\u201d dedi.<\/p>\n\n\n\n<p>I\u015eILTINIZ AYDINLATIYOR<\/p>\n\n\n\n<p>Ba\u015fkan B\u00f6cek, daha sonra Ka\u015f\u2019ta hem\u015ferileri ile iftar yaparak, Ramazan Ay\u0131\u2019n\u0131n birlik, beraberlik ve bereketli ge\u00e7mesini diledi. \u0130ftar\u0131n ard\u0131ndan K\u0131n\u0131k\u2019a ge\u00e7en Ba\u015fkan B\u00f6cek, miting havas\u0131nda ge\u00e7en halk bulu\u015fmas\u0131nda \u2018Toroslar\u0131n evlad\u0131 Muhittin B\u00f6cek\u2019 sloganlar\u0131 ile kar\u015f\u0131land\u0131. Vatanda\u015flar\u0131n telefon \u0131\u015f\u0131\u011f\u0131yla efekt yapt\u0131\u011f\u0131 gecede vatanda\u015flara seslenen Ba\u015fkan B\u00f6cek, \u201cBu gece K\u0131n\u0131k&#8217;\u0131 kalbi vatan sevdas\u0131yla atan, Ata&#8217;s\u0131n\u0131n g\u00f6sterdi\u011fi hedefe durmadan y\u00fcr\u00fcyece\u011fine ant i\u00e7en koca y\u00fcrekli insanlar\u0131n \u0131\u015f\u0131lt\u0131s\u0131 ayd\u0131nlat\u0131yor. 31 Mart&#8217;ta Ka\u015f&#8217;ta Erol Demirhan ile el ele verece\u011fiz. Birle\u015fece\u011fiz! Kenetlenece\u011fiz! Antalya \u0130\u00e7in Kazanaca\u011f\u0131z!\u201d diye konu\u015ftu.<\/p>\n\n\n\n<p>SEN\u0130N B\u0130LD\u0130\u011e\u0130N KADAR BEN\u0130M UNUTTU\u011eUM VAR<\/p>\n\n\n\n<p>Ka\u015f Belediye Ba\u015fkan\u0131 Mutlu Uluta\u015f\u2019\u0131n Ka\u015f K\u0131n\u0131k Hali ile ilgili s\u00f6ylediklerine cevap veren Ba\u015fkan B\u00f6cek, \u201cMutlu Ba\u015fkan, K\u0131n\u0131k Halini e\u011fer B\u00fcy\u00fck\u015fehir Belediyesi yapmayacaksa ben yapay\u0131m demi\u015f. Sen \u00f6nce 2020 y\u0131l\u0131nda 3 milyon liraya ihale etti\u011fin bitiremedi\u011fin k\u00fclt\u00fcr merkezini yap. Ama ben K\u0131n\u0131k haline bug\u00fcne kadar 690 milyon lira yat\u0131rd\u0131m. Senin b\u00fct\u00e7enyetmez. Senin bildi\u011fin kadar benim unuttu\u011fum var\u201d ifadelerini kulland\u0131.<\/p>\n\n\n\n<p>KA\u015e GIDA \u0130HT\u0130SAS ORGAN\u0130ZE SANAY\u0130<\/p>\n\n\n\n<p>Yeni d\u00f6nemde kazand\u0131raca\u011f\u0131 projeleri de anlatan Ba\u015fkan B\u00f6cek, Ka\u015f\u2019a G\u0131da \u0130htisas Organize Sanayi kazand\u0131racaklar\u0131n\u0131 m\u00fcjdeledi. Antalya B\u00fcy\u00fck\u015fehir Belediyesi\u2019ne tahsisli olan 665 d\u00f6n\u00fcml\u00fck arazinin 345 d\u00f6n\u00fcm\u00fcn\u00fc Bat\u0131 Antalya\u2019da tar\u0131ma katma de\u011fer sa\u011flamak i\u00e7in Ka\u015f G\u0131da \u0130htisas Organize Sanayi\u2019nin olu\u015fturulmas\u0131na ay\u0131rd\u0131klar\u0131n\u0131 belirten Ba\u015fkan B\u00f6cek, \u201cBat\u0131 Antalya\u2019ya kazand\u0131raca\u011f\u0131m\u0131z sanayi b\u00f6lgesinde bitkisel ve hayvansal \u00fcretimin te\u015fviki, \u00fcretilen \u00fcr\u00fcnlerin i\u015flenmesi, muhafazas\u0131 ve pazarlanmas\u0131 sa\u011flanm\u0131\u015f olacak\u201d dedi.<\/p>\n\n\n\n<p>HALLERDE KURUTMA TES\u0130S\u0130<\/p>\n\n\n\n<p>\u00c7evre Dostu Haller ile s\u00fcrd\u00fcr\u00fclebilirli\u011fe katk\u0131da bulunacaklar\u0131n\u0131 kaydeden Ba\u015fkan B\u00f6cek, \u015funlar\u0131 s\u00f6yledi:&nbsp; \u201cHallerimizi g\u00fcne\u015f panelleri, ya\u011fmur suyu hasad\u0131 ve kompost \u00fcretimi gibi uygulamalarla g\u00fc\u00e7lendirece\u011fiz. Hallerde kuraca\u011f\u0131m\u0131z kurutma tesislerinde \u00fcr\u00fcnlerin raf \u00f6mr\u00fcn\u00fc uzatarak ekonomik de\u011feri y\u00fcksek olacak \u015fekilde mam\u00fclle\u015ftirece\u011fiz. \u015eehrimizin d\u00f6rt bir yan\u0131na d\u00fc\u011f\u00fcn, okuma, spor, sinema salonlar\u0131 ve mevlit evlerinden olu\u015facak Sosyal Salonlar kurarak, halk\u0131m\u0131z\u0131n sosyalle\u015fmesi i\u00e7in f\u0131rsatlar yarataca\u011f\u0131z.\u201d<\/p>\n\n\n\n<p>Ba\u015fkan B\u00f6cek, konu\u015fmas\u0131n\u0131 \u015f\u00f6yle tamamlad\u0131: \u201cBug\u00fcne kadar oldu\u011fu gibi k\u00f6yl\u00fcm\u00fcz\u00fcn dertleriyle dertlenmeye, b\u00fct\u00fcn vatanda\u015flar\u0131m\u0131z\u0131n emrinde olmaya, sosyal yard\u0131mlar\u0131m\u0131z\u0131 art\u0131rmaya, oy versin vermesin kimseyi ayr\u0131m yapmadan yolumuza devam edece\u011fiz.\u201d<\/p>\n\n\n\n<p>Antalya B\u00fcy\u00fck\u015fehir Belediyesi \/ B\u00fclten<\/p>\n","protected":false},"excerpt":{"rendered":"<p>Antalya B\u00fcy\u00fck\u015fehir Belediye Ba\u015fkan\u0131 ve Ba\u015fkan Muhittin B\u00f6cek Ka\u015f il\u00e7esini kar\u0131\u015f kar\u0131\u015f gezerek hem\u015ferileri ile kucakla\u015ft\u0131.Ka\u015f merkez, G\u00f6mbe, S\u00fctlegen, Do\u011fanta\u015f, Ova, Kasaba ve K\u0131n\u0131k mahallelerinde <a href=\"https:\/\/akdenizhaber.com.tr\/index.php\/2024\/03\/28\/baskan-boceke-kasta-sevgi-seli\/\" class=\"read-more-link\">[more&#8230;]<\/a><\/p>\n","protected":false},"author":2,"featured_media":22028,"comment_status":"open","ping_status":"open","sticky":false,"template":"","format":"standard","meta":{"footnotes":""},"categories":[2],"tags":[],"class_list":["post-22027","post","type-post","status-publish","format-standard","has-post-thumbnail","hentry","category-gundem"],"_links":{"self":[{"href":"https:\/\/akdenizhaber.com.tr\/index.php\/wp-json\/wp\/v2\/posts\/22027","targetHints":{"allow":["GET"]}}],"collection":[{"href":"https:\/\/akdenizhaber.com.tr\/index.php\/wp-json\/wp\/v2\/posts"}],"about":[{"href":"https:\/\/akdenizhaber.com.tr\/index.php\/wp-json\/wp\/v2\/types\/post"}],"author":[{"embeddable":true,"href":"https:\/\/akdenizhaber.com.tr\/index.php\/wp-json\/wp\/v2\/users\/2"}],"replies":[{"embeddable":true,"href":"https:\/\/akdenizhaber.com.tr\/index.php\/wp-json\/wp\/v2\/comments?post=22027"}],"version-history":[{"count":0,"href":"https:\/\/akdenizhaber.com.tr\/index.php\/wp-json\/wp\/v2\/posts\/22027\/revisions"}],"wp:featuredmedia":[{"embeddable":true,"href":"https:\/\/akdenizhaber.com.tr\/index.php\/wp-json\/wp\/v2\/media\/22028"}],"wp:attachment":[{"href":"https:\/\/akdenizhaber.com.tr\/index.php\/wp-json\/wp\/v2\/media?parent=22027"}],"wp:term":[{"taxonomy":"category","embeddable":true,"href":"https:\/\/akdenizhaber.com.tr\/index.php\/wp-json\/wp\/v2\/categories?post=22027"},{"taxonomy":"post_tag","embeddable":true,"href":"https:\/\/akdenizhaber.com.tr\/index.php\/wp-json\/wp\/v2\/tags?post=22027"}],"curies":[{"name":"wp","href":"https:\/\/api.w.org\/{rel}","templated":true}]}}