{"id":22024,"date":"2024-03-28T13:27:31","date_gmt":"2024-03-28T10:27:31","guid":{"rendered":"https:\/\/akdenizhaber.com.tr\/?p=22024"},"modified":"2024-03-28T13:27:32","modified_gmt":"2024-03-28T10:27:32","slug":"baskan-bahar-tarimda-buyume-cok-zayif","status":"publish","type":"post","link":"https:\/\/akdenizhaber.com.tr\/index.php\/2024\/03\/28\/baskan-bahar-tarimda-buyume-cok-zayif\/","title":{"rendered":"Ba\u015fkan Bahar: Tar\u0131mda B\u00fcy\u00fcme \u00c7ok Zay\u0131f"},"content":{"rendered":"\n<p><\/p>\n\n\n\n<p>B\u00fcy\u00fcme verilerinde tar\u0131m sekt\u00f6r\u00fcn\u00fcn daralm\u0131\u015f olmas\u0131n\u0131n d\u00fc\u015f\u00fcnd\u00fcr\u00fcc\u00fc oldu\u011funu kaydeden ATSO Ba\u015fkan\u0131 Ali Bahar, \u201cMevsimsel fakt\u00f6rlerin olumsuz etkilerini kabul etmekle birlikte, tar\u0131m sekt\u00f6r\u00fcnde k\u00fc\u00e7\u00fclmeyi anlamak m\u00fcmk\u00fcn de\u011fil. Uzun bir s\u00fcredir tar\u0131mda b\u00fcy\u00fcme \u00e7ok zay\u0131f seyrediyor. Son 20 y\u0131lda T\u00fcrkiye ekonomisi y\u00fczde 180 b\u00fcy\u00fcrken, tar\u0131mda b\u00fcy\u00fcme sadece y\u00fczde 66 olmu\u015ftur. T\u00fcrkiye\u2019nin enflasyondan sonra en \u00f6nemli ekonomik sorunu tar\u0131msal \u00fcretimdir\u201d dedi.<\/p>\n\n\n\n<p>Antalya Ticaret ve Sanayi Odas\u0131 (ATSO)\u2019nunmart ay\u0131 ola\u011fan meclis toplant\u0131s\u0131 Meclis Ba\u015fkan\u0131 Ahmet \u00d6zt\u00fcrk ba\u015fkanl\u0131\u011f\u0131nda, Y\u00f6netim Kurulu Ba\u015fkan\u0131 Ali Bahar, y\u00f6netim kurulu ve meclis \u00fcyelerinin kat\u0131l\u0131m\u0131yla ger\u00e7ekle\u015ftirildi. Meclis toplant\u0131s\u0131n\u0131n ard\u0131ndan meclis \u00fcyeleri, y\u00f6netim kurulu \u00fcyeleri ve Antalya protokol\u00fc iftar program\u0131nda bir araya geldi.G\u00fcndem maddelerinin okunmas\u0131n\u0131n ard\u0131ndan mecliste sekt\u00f6rel konular g\u00f6r\u00fc\u015f\u00fcld\u00fc. Y\u00f6netim Kurulu Ba\u015fkan\u0131 Ali Bahar, Oda faaliyetlerinin yan\u0131 s\u0131ra, Antalya, tar\u0131m, ekonomi ve 31 Mart se\u00e7imlerine y\u00f6nelik de\u011ferlendirmelerde bulundu. Rusya\u2019da ya\u015fanan sald\u0131r\u0131da hayat\u0131n\u0131 kaybedenlere taziyelerini ileterek konu\u015fmas\u0131na ba\u015flayan Bahar, &#8220;23 Mart ak\u015fam\u0131, Masum insanlar\u0131 hedef alan korkun\u00e7 ter\u00f6r sald\u0131r\u0131s\u0131n\u0131 \u015fiddetle k\u0131n\u0131yor, Rusya halk\u0131na ve \u015fehrimizde ya\u015fayan Rus vatanda\u015flar\u0131m\u0131za taziyelerimi iletiyorum&#8221; dedi.<\/p>\n\n\n\n<p>EKONOM\u0130DE ARTI\u015e KADIN \u0130ST\u0130HDAMI \u0130LE M\u00dcMK\u00dcND\u00dcR<\/p>\n\n\n\n<p>Kad\u0131nlar\u0131n i\u015f hayat\u0131ndaki istihdama verdikleri \u00f6nemi vurgulayan ATSO Ba\u015fkan\u0131 Ali Bahar; \u201c2023 itibar\u0131 ile 85 milyonu a\u015fan n\u00fcfusumuzun yar\u0131s\u0131n\u0131 kad\u0131nlar olu\u015fturuyor.&nbsp; 42,5 milyon kad\u0131n\u0131m\u0131z\u0131n 33 milyonunu da, \u00e7al\u0131\u015fma \u00e7a\u011f\u0131ndakiler olu\u015fturuyor. Bunlar\u0131n 12 milyonu ise \u00e7al\u0131\u015fan ya da \u00e7al\u0131\u015fmak isteyen kad\u0131nlar. 12 milyon, T\u00fcrkiye\u2019de \u015fimdiye dek g\u00f6r\u00fclen en y\u00fcksek \u201ckad\u0131n i\u015fg\u00fcc\u00fc\u201d hacmidir. Kad\u0131nlar i\u015fg\u00fcc\u00fc piyasas\u0131nda hi\u00e7 bu kadar y\u00fcksek bir temsil g\u00fcc\u00fcne sahip olamam\u0131\u015ft\u0131r. Yirmi y\u0131l \u00f6nce kad\u0131nlar\u0131n i\u015fg\u00fcc\u00fcne kat\u0131l\u0131m oran\u0131 y\u00fczde 19 iken, bug\u00fcn y\u00fczde 36\u2019ya ula\u015fm\u0131\u015f durumdad\u0131r. Ancak bu yeterli de\u011fildir. Bug\u00fcn OECD \u00fclkelerinde oran y\u00fczde 60 seviyelerindedir. Kad\u0131n istihdam\u0131nda meydana gelen \u00abbir birimlik art\u0131\u015f\u00bb ekonomik b\u00fcy\u00fcmeyi 0.95 birim artt\u0131rmaktad\u0131r. Yani ekonomide 10 puan art\u0131\u015f, ancak kad\u0131n istihdam\u0131n\u0131n y\u00fczde 60 seviyelerine gelmesi ile m\u00fcmk\u00fcn g\u00f6r\u00fcnmektedir. Biz ATSO olarak kad\u0131n istihdam\u0131nda \u00f6nc\u00fc olmay\u0131 hedefliyoruz. Her y\u0131l istihdam etti\u011fimiz kad\u0131n \u00e7al\u0131\u015fan say\u0131m\u0131z\u0131 artt\u0131r\u0131yoruz. Odam\u0131zdaki toplam 119 personelin 62\u2019si kad\u0131nd\u0131r.\u201d<\/p>\n\n\n\n<p>K\u00dc\u00c7\u00dcLMEY\u0130 ANLAMAK M\u00dcMK\u00dcN DE\u011e\u0130L<\/p>\n\n\n\n<p>Turizmde sezonun erken ba\u015flayacak olmas\u0131n\u0131, bu y\u0131l\u0131n iyi ge\u00e7ece\u011finin bir g\u00f6stergesi oldu\u011funu kaydeden ATSO Ba\u015fkan\u0131 Ali Bahar, \u201c\u00d6n rezervasyonlar gayet y\u00fcksek bir oranda ilerliyor. Ziyaret etti\u011fimiz Almanya ve Rusya fuarlar\u0131nda da bunu g\u00f6rd\u00fck.T\u00fcrkiye ekonomisi son \u00e7eyrekte y\u00fczde 4, y\u0131l genelinde y\u00fczde 4,5 b\u00fcy\u00fcd\u00fc. Tar\u0131m sekt\u00f6r\u00fcn\u00fcn daralm\u0131\u015f olmas\u0131 bizi d\u00fc\u015f\u00fcnd\u00fcrd\u00fc. Mevsimsel fakt\u00f6rlerin olumsuz etkilerini kabul etmekle birlikte, tar\u0131m sekt\u00f6r\u00fcnde k\u00fc\u00e7\u00fclmeyi anlamak m\u00fcmk\u00fcn de\u011fil. Uzun bir s\u00fcredir tar\u0131mda b\u00fcy\u00fcme \u00e7ok zay\u0131f seyrediyor. Son 20 y\u0131lda T\u00fcrkiye ekonomisi y\u00fczde 180 b\u00fcy\u00fcrken, tar\u0131mda b\u00fcy\u00fcme sadece y\u00fczde 66 olmu\u015ftur. T\u00fcrkiye\u2019nin enflasyondan sonra en \u00f6nemli ekonomik sorunu tar\u0131msal \u00fcretim. Bu nedenle tar\u0131msal \u00fcretimi ve tar\u0131m ekonomisini daha fazla g\u00fcndemde tutmak gerekiyor. Bu \u00fclkede bir tar\u0131m reformu yap\u0131lacaksa, Antalya olarak bu konuda \u00f6nc\u00fc ve en \u00e7ok deste\u011fi alan \u015fehir olmal\u0131y\u0131z\u201d diye konu\u015ftu.<\/p>\n\n\n\n<p>\u2018ENFLASYONDA D\u00dc\u015e\u00dc\u015e BEKL\u0130YORUZ\u2019<\/p>\n\n\n\n<p>Antalya\u2019n\u0131n i\u015f d\u00fcnyas\u0131n\u0131n enflasyonla m\u00fccadeleden ba\u015far\u0131 ile \u00e7\u0131kmas\u0131 i\u00e7in \u00fcretim ve t\u00fcketim dengesinin yeniden kurulmas\u0131 gerekti\u011fini belirten Bahar, \u201cPara Politikas\u0131 Kurulu g\u00f6sterge faizini y\u00fczde 50\u2019ye \u00e7\u0131kard\u0131. Merkez Bankas\u0131 \u00e7ok yerinde ve cesur bir ad\u0131m att\u0131. Se\u00e7im \u00f6ncesi bir d\u00f6nemde at\u0131lan bu cesur ad\u0131m\u0131 memnuniyetle kar\u015f\u0131l\u0131yoruz. T\u00fcrkiye 2021\u2019in eyl\u00fcl\u00fcnden, ge\u00e7en y\u0131lki se\u00e7imlere kadar farkl\u0131 bir ekonomi politikas\u0131 uygulad\u0131. Faizler enflasyonun alt\u0131na \u00e7ekildi. Yok inmez dedik, daha da indirildi. Sonu\u00e7ta kur patlad\u0131, enflasyon u\u00e7u\u015fa ge\u00e7ti. \u0130\u00e7 t\u00fcketim \u00fclke ekonomisine zarar verecek \u00f6l\u00e7\u00fcde b\u00fcy\u00fcd\u00fc. 2023 ortas\u0131ndan bu yana rasyonel politikalara d\u00f6n\u00fc\u015f ile enflasyonu dizginlemek ve TL\u2019deki de\u011fer kayb\u0131n\u0131 yava\u015flatmak i\u00e7in yeniden faiz art\u0131r\u0131mlar\u0131 ba\u015flad\u0131. Ancak enflasyonun d\u00fc\u015f\u00fc\u015f\u00fc, \u00e7\u0131k\u0131\u015f\u0131ndan \u00e7ok daha yava\u015f olur. Ekim ay\u0131nda faiz ve enflasyonda d\u00fc\u015f\u00fc\u015f bekliyoruz\u201d dedi.<\/p>\n\n\n\n<p>\u0130HRACAT PERFORMANSIMIZ UMUDUMUZU DESTEKL\u0130YOR<\/p>\n\n\n\n<p>ATSO Ba\u015fkan\u0131 Ali Bahar, \u201cY\u0131l\u0131n ikinci yar\u0131s\u0131na dair umutlar\u0131m\u0131z\u0131 destekleyen bir fakt\u00f6r de ihracat performans\u0131m\u0131z. \u0130lk iki ayda ithalat\u0131m\u0131zda kayda de\u011fer bir gerileme ya\u015fan\u0131rken, ihracat\u0131m\u0131z y\u00fczde 8,5 artt\u0131. Biz yaz aylar\u0131ndan itibaren ihracat\u0131m\u0131zda daha g\u00fc\u00e7l\u00fc y\u00fckseli\u015fler g\u00f6rmeyi bekliyoruz. Birincisi Avrupa ekonomisinde b\u00fcy\u00fcme yava\u015f yava\u015f g\u00fc\u00e7leniyor. 2024\u2019te ge\u00e7en y\u0131l binde 5 olan b\u00fcy\u00fcmenin y\u00fczde 1\u2019e \u00e7\u0131kmas\u0131 bekleniyor. \u0130kincisi Avrupa \u00fclkelerinin PMI endeksleri kademeli olarak toparlan\u0131yor. \u00dc\u00e7\u00fcnc\u00fcs\u00fc Orta-Do\u011fu \u00fclkelerinde ge\u00e7en y\u0131l y\u00fczde 2 olan b\u00fcy\u00fcmenin bu y\u0131l y\u00fczde 3\u2019e \u00e7\u0131kmas\u0131 bekleniyor. D\u00f6rd\u00fcnc\u00fcs\u00fc, T\u00fcrkiye\u2019de i\u00e7 talep yava\u015flarken ihracata ve yat\u0131r\u0131ma y\u00f6nelik krediler destekleniyor. Be\u015fincisi hem ABD\u2019de hem Euro B\u00f6lgesinde faiz indirimleri \u00f6n\u00fcm\u00fczdeki aylarda ba\u015flayacak. Bunlar mal ihracat\u0131m\u0131z\u0131 destekleyece\u011fi gibi hizmet ihracat\u0131m\u0131z\u0131 da destekleyecek. En b\u00fcy\u00fck hizmet ihracat\u0131 kalemimiz olan turizm bundan son derece olumlu etkilenecek. Antalya, T\u00fcrkiye genelinde mal ve hizmet ihracat\u0131ndaki art\u0131\u015ftan en fazla fayda sa\u011flayan \u015fehirlerin ba\u015f\u0131nda geliyor. Bu nedenle 2024 i\u00e7in hem T\u00fcrkiye ad\u0131na hem Antalya ad\u0131na son derece umutluyuz.\u201d<\/p>\n\n\n\n<p>DEN\u0130Z \u00dcZER\u0130NDE Y\u00dcZEN SANAY\u0130 \u015eEH\u0130RLER\u0130<\/p>\n\n\n\n<p>ATSO Ba\u015fkan\u0131 Ali Bahar s\u00f6zlerini \u015f\u00f6yle s\u00fcrd\u00fcrd\u00fc, \u201cD\u00fcnyay\u0131 iyi tan\u0131mak, iyi tan\u0131mlamak ve iyi planlamak laz\u0131m. \u015eu an d\u00fcnyada yeni \u015fehirler kuruluyor. Suudi Arabistan\u2019da ba\u015flat\u0131lan NEOM giri\u015fimi ile mega \u015fehirler kuruluyor. Katar&#8217;da, Birle\u015fik Arap Emirlikleri\u2019nde vizyoner turizme uygun \u015fehirler kuruluyor. Suudi Arabistan\u2019da 37 tane sanayi \u015fehri kurmak i\u00e7in \u00e7al\u0131\u015fmalar yap\u0131l\u0131yor. Baz\u0131lar\u0131 deniz \u00fcst\u00fcnde y\u00fczen sanayi \u015fehirleri. Biz \u015fu anda Suudi Arabistan\u2019la ilgili bu konuya \u00f6nemle de\u011finiyoruz. Bu konuda \u00e7al\u0131\u015fmalar yap\u0131yoruz ve oradaki imk\u00e2nlara nas\u0131l ula\u015fabilece\u011fimiz konusunda gelecekte meclisimizi ayd\u0131nlataca\u011f\u0131z. Sizleri biz oraya g\u00f6t\u00fcrebiliyorsak, sizlere ihracat yapt\u0131rabiliyorsak, o imk\u00e2nlar\u0131 sizler i\u00e7in uygun hale getirebiliyorsak, i\u015fte Ticaret ve Sanayi Odas\u0131 burada de\u011fer katm\u0131\u015f demektir. O zaman kendimiz i\u00e7in ba\u015far\u0131l\u0131y\u0131z diyebiliriz. Atso\u2019nun ne i\u015fe yarad\u0131\u011f\u0131n\u0131 g\u00f6stermi\u015f olabiliriz.\u201d<\/p>\n\n\n\n<p>\u0130ST\u0130HDAM SORUNLARI \u0130\u00c7\u0130N \u00c7ALI\u015eIYORUZ<\/p>\n\n\n\n<p>Sekt\u00f6rlerden gelen nitelikli elemana ili\u015fkin destek taleplerini ve yabanc\u0131 istihdam\u0131 konular\u0131n\u0131n s\u00fcrekli olarak g\u00fcndemlerinde oldu\u011funu belirten ATSO Ba\u015fkan\u0131 Ali Bahar, \u201c27 Aral\u0131kta Say\u0131n Vali\u2019mizinde ilgisiyle, \u00c7al\u0131\u015fma ve Sosyal G\u00fcvenlik Bakanl\u0131\u011f\u0131 yetkilileri ile Yabanc\u0131 \u00c7al\u0131\u015fan \u0130stihdam\u0131na ve Oturma \u0130zinlerine Y\u00f6nelik Sorunlar\u0131 de\u011ferlendirdi\u011fimiz bir toplant\u0131 ger\u00e7ekle\u015ftirmi\u015ftik. \u00c7al\u0131\u015fma ve Sosyal G\u00fcvenlik Bakanl\u0131\u011f\u0131, D\u0131\u015f \u0130li\u015fkiler Genel M\u00fcd\u00fcr Yard\u0131mc\u0131s\u0131 Say\u0131n Ali Aybey, beni bizzat arad\u0131 ve ATSO olarak bizlerin \u00e7al\u0131\u015fmalar\u0131, toplant\u0131lar\u0131 ve Ankara\u2019da sesimizi duyurmam\u0131z neticesinde, \u201c2024 Y\u0131l\u0131nda Turizm Sekt\u00f6r\u00fcnde \u0130stisnalar\u201d uygulanaca\u011f\u0131n\u0131, bunun bizim eserimiz oldu\u011funu s\u00f6yleyerek bizleri gururland\u0131rd\u0131. 37.Grup Komite \u00fcyeleri, \u0130\u015eKUR taraf\u0131ndan d\u00fczenlenen i\u015fba\u015f\u0131 e\u011fitim programlar\u0131ndan, NACE kodunda \u201cfastfood\u201d ibaresi ge\u00e7mesi halinde, bu i\u015fletmelerde garsona ihtiya\u00e7 olmad\u0131\u011f\u0131 ve masaya servis hizmeti sunmaya gerek kalmad\u0131\u011f\u0131 gerek\u00e7esiyle, verilen te\u015fviklerden faydalanamad\u0131klar\u0131n\u0131 dile getirmi\u015ftir. Biz i\u015fverenlere destek isterken, maa\u015f gibi belimizi b\u00fcken bir konuda, haks\u0131z rekabet olu\u015fmaktad\u0131r. Bu konunun ilgili bakanl\u0131klara iletilmesi i\u00e7in gerekli \u00e7al\u0131\u015fmalar\u0131 ba\u015flatm\u0131\u015f bulunuyoruz\u201d dedi.<\/p>\n\n\n\n<p>BARI\u015e EL\u00c7\u0130S\u0130, PROJE K\u00d6PR\u00dcS\u00dc, B\u0130RL\u0130K VE BERABERL\u0130\u011e\u0130N TEM\u0130NATI B\u0130Z OLACA\u011eIZ<\/p>\n\n\n\n<p>Yerel se\u00e7imlerle ilgili konu\u015fan Bahar, \u201c\u015eehirlerimizde kim en b\u00fcy\u00fck hizmeti yapacaksa o aday\u0131n ba\u015far\u0131 kazanmas\u0131n\u0131 umuyoruz. Antalya i\u00e7in \u00f6ncelikle 2 milyon 700 bin hem\u015ferimize sonra da \u015fehrimizi ziyaret eden hem yerli hem yabanc\u0131 misafirlerimize en iyi hizmetleri yapacak aday\u0131n kazanmas\u0131n\u0131 istiyoruz. Turizmde, hem potansiyel sahibi oldu\u011fumuz di\u011fer alanlarda g\u00fcc\u00fcm\u00fcz\u00fc art\u0131rmak i\u00e7in birlikte \u00e7al\u0131\u015fmak i\u00e7in buraday\u0131z. 1 Nisan itibariyle kendimize, odam\u0131za bi\u00e7ti\u011fimiz rol \u015fehrin en \u00f6nemli ihtiyac\u0131 olan birlik ve beraberliktir. 1 Nisan itibariyle \u015fehrimizde se\u00e7ilmi\u015f t\u00fcm ba\u015fkanlar\u0131m\u0131z\u0131n yan\u0131na gidip \u015fehrin bar\u0131\u015f el\u00e7isi, proje k\u00f6pr\u00fcs\u00fc ve birlik ve beraberli\u011fin teminat\u0131 oldu\u011fumuzu s\u00f6yleyece\u011fiz. Kendimize 1 Nisan itibariyle bi\u00e7ti\u011fimiz rol budur\u201d diye konu\u015ftu.<\/p>\n\n\n\n<p>\u0130\u015e D\u00dcNYASI \u0130FTAR YEME\u011e\u0130NDE B\u0130R ARAYA GELD\u0130<\/p>\n\n\n\n<p>Meclis toplant\u0131s\u0131n\u0131n ard\u0131ndan meclis \u00fcyeleri ve y\u00f6netim kurulu \u00fcyeleri iftar program\u0131nda bir araya geldi. Y\u00f6netim Kurulu Ba\u015fkan\u0131 Ali Bahar\u2019\u0131n ev sahipli\u011finde, Antalya Valisi Hulusi \u015eahin\u2019in te\u015frifleriyle ger\u00e7ekle\u015ftirilen ATSO Geleneksel \u0130ftar Yeme\u011fi, ATSO Meclis Ba\u015fkan\u0131 Ahmet \u00d6zt\u00fcrk, Antalya \u0130l Jandarma Komutan\u0131 Tu\u011fgeneral Tar\u0131k Hekimo\u011flu, Antalya \u0130l Emniyet M\u00fcd\u00fcr\u00fc Orhan \u00c7evik, Antalya Vergi Dairesi Ba\u015fkan\u0131 \u0130lhan Karay\u0131lan, Antalya Ticaret Borsas\u0131 Y\u00f6netim Kurulu Ba\u015fkan\u0131 Ali \u00c7and\u0131r, \u0130l M\u00fcft\u00fcs\u00fc Nazif Fethi Yal\u00e7\u0131nkaya, Burdur TSO Y\u00f6netim Kurulu Ba\u015fkan\u0131 Yusuf Keyik, Kumluca TB Y\u00f6netim Kurulu Ba\u015fkan\u0131 Fatih Durda\u015f, Manavgat TSO Y\u00f6netim Kurulu Ba\u015fkan\u0131 Seydi Tahsin G\u00fcng\u00f6r, T\u00dcRSAB Akdeniz B\u00f6lge Temsil Kurulu Ba\u015fkan\u0131 R\u0131za Per\u00e7in, AKTOB Y\u00f6netim Kurulu Ba\u015fkan\u0131 Kaan Kavalo\u011flu, AESOB Y\u00f6netim Kurulu Ba\u015fkan\u0131 Adl\u0131han Dere, Fraport TAV Antalya Havaliman\u0131 Genel M\u00fcd\u00fcr\u00fc Deniz Varol, Antalya protokol\u00fc, Oda ve Borsa temsilcileri, ATSO Meclis \u00dcyeleri, sivil toplum kurulu\u015flar\u0131n\u0131n temsilcileri ve i\u015f d\u00fcnyas\u0131n\u0131n yo\u011fun kat\u0131l\u0131m\u0131yla ATSO Atat\u00fcrk Konferans Salonu\u2019nda ger\u00e7ekle\u015fti. \u0130ftara kat\u0131lan i\u015f d\u00fcnyas\u0131 temsilcilerinin Ramazan Ay\u0131&#8217;n\u0131 kutlayan ATSO Ba\u015fkan\u0131 Bahar, \u201cBurada birlikte olmam\u0131z vesilesiyle, Ramazan Ay\u0131n\u0131z\u0131n m\u00fcbarek olmas\u0131n\u0131 diliyor, Bayram\u0131n\u0131z\u0131 \u015fimdiden kutluyorum ve her birinize sevgi ve sayg\u0131lar\u0131m\u0131 sunuyorum\u201d dedi.<\/p>\n\n\n\n<p>CO\u011eRAF\u0130 \u0130\u015eARETL\u0130 \u00dcR\u00dcNLER SUNULDU<\/p>\n\n\n\n<p>\u0130ftar program\u0131 kapsam\u0131nda misafirlere Antalya\u2019n\u0131n co\u011frafi i\u015faretli \u00fcr\u00fcnlerinde olu\u015fan bir men\u00fc sunuldu. Ba\u015fkan Bahar ve Antalya Valisi Hulusi \u015eahin,Antalya Ticaret ve Sanayi Odas\u0131 taraf\u0131ndan tescil ettirilen geleneksel \u00fcr\u00fcnlerin bulundu\u011fu co\u011frafi i\u015faretli \u00fcr\u00fcnlere ait stantlar\u0131 ziyaret etti. Antalya\u2019n\u0131n co\u011frafi ve k\u00fclt\u00fcrel de\u011ferlerinin tescil ettirilmesi ve geleneksel \u00fcr\u00fcnlerin tan\u0131t\u0131lmas\u0131 konusunda ger\u00e7ekle\u015ftirilen \u00e7al\u0131\u015fmalar hakk\u0131nda bilgi veren Ba\u015fkan Ali Bahar, \u201cGeleneksel \u00fcr\u00fcnlerin co\u011frafi i\u015faretlerle tescil edilmesi, hem bu \u00fcr\u00fcnlerin niteli\u011finin korunmas\u0131na hem de b\u00f6lgenin ekonomik kalk\u0131nmas\u0131na katk\u0131 sa\u011fl\u0131yor. Odam\u0131z\u0131n bu konudaki i\u015f birlikleri gelecek nesillere aktar\u0131lacak olan k\u00fclt\u00fcrel miras\u0131n korunmas\u0131 ve geli\u015ftirilmesi i\u00e7in \u00f6nemli. Antalya\u2019m\u0131z\u0131n sadece bir turizm merkezi olmad\u0131\u011f\u0131 ayn\u0131 zamanda zengin k\u00fclt\u00fcrel mirasa sahip bir \u015fehir olarak da tan\u0131t\u0131lmas\u0131na yard\u0131mc\u0131 oluyor\u201d dedi.<\/p>\n\n\n\n<p>Antalya Ticaret ve Sanayi Odas\u0131 \/ B\u00fclten<\/p>\n","protected":false},"excerpt":{"rendered":"<p>B\u00fcy\u00fcme verilerinde tar\u0131m sekt\u00f6r\u00fcn\u00fcn daralm\u0131\u015f olmas\u0131n\u0131n d\u00fc\u015f\u00fcnd\u00fcr\u00fcc\u00fc oldu\u011funu kaydeden ATSO Ba\u015fkan\u0131 Ali Bahar, \u201cMevsimsel fakt\u00f6rlerin olumsuz etkilerini kabul etmekle birlikte, tar\u0131m sekt\u00f6r\u00fcnde k\u00fc\u00e7\u00fclmeyi anlamak m\u00fcmk\u00fcn <a href=\"https:\/\/akdenizhaber.com.tr\/index.php\/2024\/03\/28\/baskan-bahar-tarimda-buyume-cok-zayif\/\" class=\"read-more-link\">[more&#8230;]<\/a><\/p>\n","protected":false},"author":2,"featured_media":22025,"comment_status":"open","ping_status":"open","sticky":false,"template":"","format":"standard","meta":{"footnotes":""},"categories":[2],"tags":[],"class_list":["post-22024","post","type-post","status-publish","format-standard","has-post-thumbnail","hentry","category-gundem"],"_links":{"self":[{"href":"https:\/\/akdenizhaber.com.tr\/index.php\/wp-json\/wp\/v2\/posts\/22024","targetHints":{"allow":["GET"]}}],"collection":[{"href":"https:\/\/akdenizhaber.com.tr\/index.php\/wp-json\/wp\/v2\/posts"}],"about":[{"href":"https:\/\/akdenizhaber.com.tr\/index.php\/wp-json\/wp\/v2\/types\/post"}],"author":[{"embeddable":true,"href":"https:\/\/akdenizhaber.com.tr\/index.php\/wp-json\/wp\/v2\/users\/2"}],"replies":[{"embeddable":true,"href":"https:\/\/akdenizhaber.com.tr\/index.php\/wp-json\/wp\/v2\/comments?post=22024"}],"version-history":[{"count":0,"href":"https:\/\/akdenizhaber.com.tr\/index.php\/wp-json\/wp\/v2\/posts\/22024\/revisions"}],"wp:featuredmedia":[{"embeddable":true,"href":"https:\/\/akdenizhaber.com.tr\/index.php\/wp-json\/wp\/v2\/media\/22025"}],"wp:attachment":[{"href":"https:\/\/akdenizhaber.com.tr\/index.php\/wp-json\/wp\/v2\/media?parent=22024"}],"wp:term":[{"taxonomy":"category","embeddable":true,"href":"https:\/\/akdenizhaber.com.tr\/index.php\/wp-json\/wp\/v2\/categories?post=22024"},{"taxonomy":"post_tag","embeddable":true,"href":"https:\/\/akdenizhaber.com.tr\/index.php\/wp-json\/wp\/v2\/tags?post=22024"}],"curies":[{"name":"wp","href":"https:\/\/api.w.org\/{rel}","templated":true}]}}