{"id":22021,"date":"2024-03-28T13:26:24","date_gmt":"2024-03-28T10:26:24","guid":{"rendered":"https:\/\/akdenizhaber.com.tr\/?p=22021"},"modified":"2024-03-28T13:26:24","modified_gmt":"2024-03-28T10:26:24","slug":"alanyada-midibuslu-ulasim-donemi-basliyor","status":"publish","type":"post","link":"https:\/\/akdenizhaber.com.tr\/index.php\/2024\/03\/28\/alanyada-midibuslu-ulasim-donemi-basliyor\/","title":{"rendered":"Alanya\u2019da Midib\u00fcsl\u00fc ula\u015f\u0131m d\u00f6nemi ba\u015fl\u0131yor"},"content":{"rendered":"\n<p><\/p>\n\n\n\n<p>Antalya B\u00fcy\u00fck\u015fehir Belediyesi, Alanya\u2019da b\u00fcy\u00fck toplu ta\u015f\u0131ma ara\u00e7lar\u0131n\u0131n ula\u015fmakta zorland\u0131\u011f\u0131 k\u0131rsal b\u00f6lgelerde, vatanda\u015f ma\u011fduriyetinin giderilmesi amac\u0131yla belediyeye ait 6 adet toplu ta\u015f\u0131ma arac\u0131 ile hizmet vermeye ba\u015flad\u0131. Halk otob\u00fcslerinin sefer yapamad\u0131\u011f\u0131 mahallelere midib\u00fcslerle ula\u015f\u0131m sa\u011flanacak.<\/p>\n\n\n\n<p>Antalya B\u00fcy\u00fck\u015fehir Belediyesi, Alanya\u2019da b\u00fcy\u00fck toplu ta\u015f\u0131ma ara\u00e7lar\u0131n\u0131n ula\u015fmakta zorland\u0131\u011f\u0131 k\u0131rsal b\u00f6lgelerdeki vatanda\u015flar\u0131n ula\u015f\u0131m sorununu \u00e7\u00f6z\u00fcyor. Vatanda\u015flar\u0131n il\u00e7e merkezine ula\u015f\u0131m\u0131n\u0131 kolayla\u015ft\u0131rmak ve ya\u015fanan ma\u011fduriyetleri ortadan kald\u0131rmak amac\u0131yla Antalya B\u00fcy\u00fck\u015fehir Belediye Ba\u015fkan\u0131 Muhittin B\u00f6cek taraf\u0131ndan Alanya\u2019ya6 midib\u00fcs tahsis edildi. \u0130l\u00e7eye gelen ara\u00e7lar Antalya B\u00fcy\u00fck\u015fehir Belediyesi denetiminde Alanya \u00d6zel Halk Otob\u00fcsleri Kooperatifi sistemine entegre bir bi\u00e7imde \u00e7al\u0131\u015facak. \u00d6zellikle kent merkezinde ve k\u0131rsal mahallelerde vatanda\u015flar\u0131n i\u015fe, \u00f6\u011frencilerin de okula gidi\u015f ve d\u00f6n\u00fc\u015f saatleri ba\u015fta olmak \u00fczere talebe g\u00f6re midib\u00fcslerin \u00e7al\u0131\u015fma program\u0131 belirlenecek. Kent kart sisteminin tak\u0131lmas\u0131yla birlikte midib\u00fcsler il\u00e7ede \u00e7al\u0131\u015fmaya ba\u015flayacak.<\/p>\n\n\n\n<p>SIKINTI SONA ERECEK<\/p>\n\n\n\n<p>Yeni ara\u00e7lar\u0131n ula\u015f\u0131m sistemine dahil olmas\u0131yla ilgili B\u00fcy\u00fck\u015fehir Belediyesi Ula\u015f\u0131m Planlama ve Rayl\u0131 Sistem Daire Ba\u015fkanl\u0131\u011f\u0131 yetkilileri, Antalya B\u00fcy\u00fck\u015fehir Belediye Meclis \u00dcyesi Erkan Demirci, Alanya Belediye Meclis \u00dcyesi Nazmi Zavlak ve Alanya Halk Otob\u00fcsleri Kooperatifi Ba\u015fkan\u0131 Tevfik Y\u0131lmaz ile bir araya geldi. Vatanda\u015f talepleri do\u011frultusunda \u00e7al\u0131\u015fma program\u0131n\u0131n yap\u0131lmas\u0131 ve sorun ya\u015fanmamas\u0131 i\u00e7in gereken \u00f6zenin g\u00f6sterilmesi konusunda g\u00f6r\u00fc\u015f birli\u011fine var\u0131ld\u0131. Meclis \u00dcyesi Demirci, \u201cVatanda\u015flar\u0131m\u0131z ve muhtarlar\u0131m\u0131z\u0131n talebi do\u011frultusunda Alanya\u2019da halk otob\u00fcslerinin gidemedi\u011fi noktalara k\u00fc\u00e7\u00fck ula\u015f\u0131m ara\u00e7lar\u0131 konmas\u0131 i\u00e7in Ba\u015fkan\u0131m\u0131z Muhittin B\u00f6cek gereken talimatlar\u0131 verdi. 6 tane midib\u00fcs\u00fc Alanyal\u0131lar\u0131n hizmetine g\u00f6nderdi. Yeni sistemle yollar\u0131n fiziki ko\u015fullar\u0131 nedeniyle b\u00fcy\u00fck toplu ta\u015f\u0131ma ara\u00e7lar\u0131n\u0131n ula\u015fmakta zorland\u0131\u011f\u0131 mahallelerimizde vatanda\u015flar\u0131m\u0131z\u0131n ula\u015f\u0131m sorunu giderilmi\u015f olacak&#8221;&nbsp; dedi.<\/p>\n\n\n\n<p>Antalya B\u00fcy\u00fck\u015fehir Belediyesi \/ B\u00fclten<\/p>\n","protected":false},"excerpt":{"rendered":"<p>Antalya B\u00fcy\u00fck\u015fehir Belediyesi, Alanya\u2019da b\u00fcy\u00fck toplu ta\u015f\u0131ma ara\u00e7lar\u0131n\u0131n ula\u015fmakta zorland\u0131\u011f\u0131 k\u0131rsal b\u00f6lgelerde, vatanda\u015f ma\u011fduriyetinin giderilmesi amac\u0131yla belediyeye ait 6 adet toplu ta\u015f\u0131ma arac\u0131 ile hizmet <a href=\"https:\/\/akdenizhaber.com.tr\/index.php\/2024\/03\/28\/alanyada-midibuslu-ulasim-donemi-basliyor\/\" class=\"read-more-link\">[more&#8230;]<\/a><\/p>\n","protected":false},"author":2,"featured_media":22022,"comment_status":"open","ping_status":"open","sticky":false,"template":"","format":"standard","meta":{"footnotes":""},"categories":[2],"tags":[],"class_list":["post-22021","post","type-post","status-publish","format-standard","has-post-thumbnail","hentry","category-gundem"],"_links":{"self":[{"href":"https:\/\/akdenizhaber.com.tr\/index.php\/wp-json\/wp\/v2\/posts\/22021","targetHints":{"allow":["GET"]}}],"collection":[{"href":"https:\/\/akdenizhaber.com.tr\/index.php\/wp-json\/wp\/v2\/posts"}],"about":[{"href":"https:\/\/akdenizhaber.com.tr\/index.php\/wp-json\/wp\/v2\/types\/post"}],"author":[{"embeddable":true,"href":"https:\/\/akdenizhaber.com.tr\/index.php\/wp-json\/wp\/v2\/users\/2"}],"replies":[{"embeddable":true,"href":"https:\/\/akdenizhaber.com.tr\/index.php\/wp-json\/wp\/v2\/comments?post=22021"}],"version-history":[{"count":0,"href":"https:\/\/akdenizhaber.com.tr\/index.php\/wp-json\/wp\/v2\/posts\/22021\/revisions"}],"wp:featuredmedia":[{"embeddable":true,"href":"https:\/\/akdenizhaber.com.tr\/index.php\/wp-json\/wp\/v2\/media\/22022"}],"wp:attachment":[{"href":"https:\/\/akdenizhaber.com.tr\/index.php\/wp-json\/wp\/v2\/media?parent=22021"}],"wp:term":[{"taxonomy":"category","embeddable":true,"href":"https:\/\/akdenizhaber.com.tr\/index.php\/wp-json\/wp\/v2\/categories?post=22021"},{"taxonomy":"post_tag","embeddable":true,"href":"https:\/\/akdenizhaber.com.tr\/index.php\/wp-json\/wp\/v2\/tags?post=22021"}],"curies":[{"name":"wp","href":"https:\/\/api.w.org\/{rel}","templated":true}]}}