{"id":22018,"date":"2024-03-27T11:50:56","date_gmt":"2024-03-27T08:50:56","guid":{"rendered":"https:\/\/akdenizhaber.com.tr\/?p=22018"},"modified":"2024-03-27T11:50:57","modified_gmt":"2024-03-27T08:50:57","slug":"aedas-manavgat-bolgesinin-enerji-altyapisini-guclendiriyor","status":"publish","type":"post","link":"https:\/\/akdenizhaber.com.tr\/index.php\/2024\/03\/27\/aedas-manavgat-bolgesinin-enerji-altyapisini-guclendiriyor\/","title":{"rendered":"AEDA\u015e, Manavgat B\u00f6lgesi\u2019nin Enerji Altyap\u0131s\u0131n\u0131 G\u00fc\u00e7lendiriyor"},"content":{"rendered":"\n<p><\/p>\n\n\n\n<p>AEDA\u015e, \u201cManavgat B\u00f6lge M\u00fcd\u00fcrl\u00fc\u011f\u00fc\u201d ile hizmet verdi\u011fi, Antalya\u2019n\u0131n Manavgat, Akseki, \u0130brad\u0131, Serik il\u00e7elerine 2023 y\u0131l\u0131 i\u00e7inde 38 yeni trafo kurarken 673 ayd\u0131nlatma, 743 al\u00e7ak ve orta gerilim dire\u011fi yat\u0131r\u0131m\u0131 yapt\u0131. Y\u0131l i\u00e7inde b\u00f6lgeye al\u00e7ak ve orta gerilim seviyesinde yakla\u015f\u0131k 161 km\u2019lik \u015febeke tesis edildi.<\/p>\n\n\n\n<p>Akdeniz Elektrik Da\u011f\u0131t\u0131m A.\u015e. (AEDA\u015e), hizmet verdi\u011fi her noktaya kesintisiz ve kaliteli elektrik da\u011f\u0131t\u0131m hizmeti sunmak i\u00e7in bak\u0131m, onar\u0131m ve yat\u0131r\u0131m \u00e7al\u0131\u015fmalar\u0131na aral\u0131ks\u0131z devam ediyor. Turizmin ba\u015fkenti Antalya\u2019da, Manavgat \u0130\u015fletme M\u00fcd\u00fcrl\u00fc\u011f\u00fc\u2019n\u00fcn g\u00f6rev alan\u0131nda bulunan Manavgat, Akseki, \u0130brad\u0131 ve Serik il\u00e7elerine, 2023 y\u0131l\u0131 i\u00e7inde 38 yeni trafo kuran AEDA\u015e, 673 ayd\u0131nlatma, 743 al\u00e7ak ve orta gerilim dire\u011fi yat\u0131r\u0131m\u0131 yapt\u0131. Y\u0131l i\u00e7inde b\u00f6lgeye al\u00e7ak ve orta gerilim seviyesinde yakla\u015f\u0131k 161 km\u2019lik \u015febeke tesisi ger\u00e7ekle\u015ftirildi.<\/p>\n\n\n\n<p>MAHALLE MAHALLE TRAFO TES\u0130SLER\u0130 YAPILDI<\/p>\n\n\n\n<p>Elektrik t\u00fcketicilerinin talep ve beklentilerine en iyi \u015fekilde kar\u015f\u0131l\u0131k vermek i\u00e7in, b\u00f6lgelerin yat\u0131r\u0131m ihtiya\u00e7lar\u0131n\u0131 \u00f6nceden belirleyen ve \u00e7al\u0131\u015fmalar\u0131n\u0131 buna g\u00f6re yapan AEDA\u015e, 2023 y\u0131l\u0131nda Manavgat \u0130l\u00e7esi\u2019ndeki trafo ihtiyac\u0131 olan mahalleri tek tek belirledi.<\/p>\n\n\n\n<p>Bu \u00e7er\u00e7evede Yayla emek Mahallesine 16 adet, \u00c7olakl\u0131 Mahallesine 9, Side Mahallesine 8, \u00c7eltik\u00e7i Mahallesine 5, Be\u015fkonak, D\u00fcza\u011fa\u00e7 ve G\u00fcndo\u011fdu Mahallerine 4\u2019er, Il\u0131ca Mahallesine 3, A\u015fa\u011f\u0131pazarc\u0131, Bucak\u015feyhler, Eskihisar, Karacalar, Oymap\u0131nar ve Sorgun Mahallerine 2\u2019\u015fer, Aksaz, Evrenseki, Hatipler, Kavakl\u0131 ve Sar\u0131lar Mahallerine 1\u2019er adet ilave trafo b\u00f6lgesi tesisi, \u015febekenin yenilenmesi ve kapasite art\u0131\u015f\u0131 yat\u0131r\u0131m\u0131 planland\u0131. Y\u0131l i\u00e7inde bu mahallelerdeki toplam 30 trafo tamamlanarak hizmete al\u0131nd\u0131. 2023 y\u0131l\u0131nda Manavgat \u0130l\u00e7esi\u2019ne 581 ayd\u0131nlatma dire\u011fi, 278 al\u00e7ak gerilim gerilim, 203 de orta gerilim dire\u011fi yat\u0131r\u0131m\u0131 yap\u0131l\u0131rken 1.144 armat\u00fcr yenilendi. \u0130l\u00e7eye tesis edilen yeni \u015febeke ise 161 km\u2019yi buldu.<\/p>\n\n\n\n<p>2024 y\u0131l\u0131nda da Manavgat \u0130l\u00e7esi\u2019ne yat\u0131r\u0131mlar\u0131na devam eden AEDA\u015e, il\u00e7e genelinde 1.530 adet yeni ayd\u0131nlatma dire\u011fi, 16 km havai al\u00e7ak gerilim \u015febekesi, 33 km AG+OG havai \u015febeke, 64 km yeralt\u0131 al\u00e7ak gerilim \u015febekesi ve 61 km yeralt\u0131 orta gerilim \u015febekesi tesis edilmesini planlad\u0131.<\/p>\n\n\n\n<p>SER\u0130K\u2019E TES\u0130S ED\u0130LEN YEN\u0130 TRAFOLARIN 6\u2019SI H\u0130ZMET VERMEYE BA\u015eLADI<\/p>\n\n\n\n<p>Bu arada Manavgat \u0130\u015fletme M\u00fcd\u00fcrl\u00fc\u011f\u00fc\u2019n\u00fcn hizmet b\u00f6lgesi i\u00e7inde yer alan Serik \u0130l\u00e7esi\u2019nde de,&nbsp;<\/p>\n\n\n\n<p>2023 y\u0131l\u0131 i\u00e7inde Belek Mahallesine 4, Akba\u015f, Dorumlar Mahallesine 3, Burmahanc\u0131, Kadriye Mahallerine 2, Bucakk\u00f6y, \u00c7and\u0131r, Eskiy\u00fcr\u00fck, Kar\u0131ncal\u0131, Z\u0131rlankaya Mahallerine 1\u2019er adet ilave trafo b\u00f6lgesi tesisi, \u015febekenin yenilenmesi ve kapasite art\u0131\u015f\u0131 ve yenileme \u00e7al\u0131\u015fmalar\u0131 planland\u0131. S\u00f6z konusu trafolar\u0131n 6\u2019s\u0131 devreye girerken di\u011ferlerinin h\u0131zla hizmete al\u0131nmas\u0131 i\u00e7in \u00e7al\u0131\u015fmalar devam ediyor.<\/p>\n\n\n\n<p>AEDA\u015e, bu y\u0131l da Serik il\u00e7esi genelinde; 65 adet yeni ayd\u0131nlatma dire\u011fi, 22 km AG+OG havai \u015febeke, 2 km yeralt\u0131 al\u00e7ak gerilim \u015febekesi ve 10 km yeralt\u0131 orta gerilim \u015febekesi tesis edilmesini planl\u0131yor.<\/p>\n\n\n\n<p>Akdeniz Elektrik Da\u011f\u0131t\u0131m A.\u015e. \/ B\u00fclten<\/p>\n","protected":false},"excerpt":{"rendered":"<p>AEDA\u015e, \u201cManavgat B\u00f6lge M\u00fcd\u00fcrl\u00fc\u011f\u00fc\u201d ile hizmet verdi\u011fi, Antalya\u2019n\u0131n Manavgat, Akseki, \u0130brad\u0131, Serik il\u00e7elerine 2023 y\u0131l\u0131 i\u00e7inde 38 yeni trafo kurarken 673 ayd\u0131nlatma, 743 al\u00e7ak ve <a href=\"https:\/\/akdenizhaber.com.tr\/index.php\/2024\/03\/27\/aedas-manavgat-bolgesinin-enerji-altyapisini-guclendiriyor\/\" class=\"read-more-link\">[more&#8230;]<\/a><\/p>\n","protected":false},"author":2,"featured_media":22019,"comment_status":"open","ping_status":"open","sticky":false,"template":"","format":"standard","meta":{"footnotes":""},"categories":[2],"tags":[],"class_list":["post-22018","post","type-post","status-publish","format-standard","has-post-thumbnail","hentry","category-gundem"],"_links":{"self":[{"href":"https:\/\/akdenizhaber.com.tr\/index.php\/wp-json\/wp\/v2\/posts\/22018","targetHints":{"allow":["GET"]}}],"collection":[{"href":"https:\/\/akdenizhaber.com.tr\/index.php\/wp-json\/wp\/v2\/posts"}],"about":[{"href":"https:\/\/akdenizhaber.com.tr\/index.php\/wp-json\/wp\/v2\/types\/post"}],"author":[{"embeddable":true,"href":"https:\/\/akdenizhaber.com.tr\/index.php\/wp-json\/wp\/v2\/users\/2"}],"replies":[{"embeddable":true,"href":"https:\/\/akdenizhaber.com.tr\/index.php\/wp-json\/wp\/v2\/comments?post=22018"}],"version-history":[{"count":0,"href":"https:\/\/akdenizhaber.com.tr\/index.php\/wp-json\/wp\/v2\/posts\/22018\/revisions"}],"wp:featuredmedia":[{"embeddable":true,"href":"https:\/\/akdenizhaber.com.tr\/index.php\/wp-json\/wp\/v2\/media\/22019"}],"wp:attachment":[{"href":"https:\/\/akdenizhaber.com.tr\/index.php\/wp-json\/wp\/v2\/media?parent=22018"}],"wp:term":[{"taxonomy":"category","embeddable":true,"href":"https:\/\/akdenizhaber.com.tr\/index.php\/wp-json\/wp\/v2\/categories?post=22018"},{"taxonomy":"post_tag","embeddable":true,"href":"https:\/\/akdenizhaber.com.tr\/index.php\/wp-json\/wp\/v2\/tags?post=22018"}],"curies":[{"name":"wp","href":"https:\/\/api.w.org\/{rel}","templated":true}]}}