{"id":22007,"date":"2024-03-27T11:46:48","date_gmt":"2024-03-27T08:46:48","guid":{"rendered":"https:\/\/akdenizhaber.com.tr\/?p=22007"},"modified":"2024-03-27T11:46:49","modified_gmt":"2024-03-27T08:46:49","slug":"bocek-halkimizin-yaninda-olmaya-devam-edecegiz","status":"publish","type":"post","link":"https:\/\/akdenizhaber.com.tr\/index.php\/2024\/03\/27\/bocek-halkimizin-yaninda-olmaya-devam-edecegiz\/","title":{"rendered":"B\u00f6cek, \u201cHalk\u0131m\u0131z\u0131n yan\u0131nda olmaya devam edece\u011fiz\u201d"},"content":{"rendered":"\n<p><\/p>\n\n\n\n<p>Antalya B\u00fcy\u00fck\u015fehir Belediye Ba\u015fkan\u0131 ve Ba\u015fkan Aday\u0131 Muhittin B\u00f6cek, yeni d\u00f6nemde de halk\u00e7\u0131 projelerle halk\u0131n yan\u0131nda olmaya devam edecek. 5 y\u0131l boyunca vatanda\u015flar\u0131n derdine derman olmak i\u00e7in var g\u00fcc\u00fcyle \u00e7al\u0131\u015fan Ba\u015fkan B\u00f6cek, Antalya\u2019n\u0131n her bir ferdi i\u00e7in daha iyi bir ya\u015fam sunacak projeleri hayata ge\u00e7irecek.<\/p>\n\n\n\n<p>G\u00f6rev s\u00fcresi boyunca Halk\u00e7\u0131 Projelerle hep halk\u0131n yan\u0131nda olan Antalya B\u00fcy\u00fck\u015fehir Belediye Ba\u015fkan\u0131 ve Ba\u015fkan Aday\u0131 Muhittin B\u00f6cek, yeni d\u00f6nemde de halk\u00e7\u0131 projelerini s\u00fcrd\u00fcrerek Antalyal\u0131lar\u0131n yan\u0131nda olmaya devam edecek. Halk Et, Halk S\u00fct, Halk Mama, Halk Ekmek, Antsu gibi halk\u00e7\u0131 projeleri kent geneline yayarak halk\u00e7\u0131 projelere yenilerini ekleyeceklerini s\u00f6yleyen Ba\u015fkan B\u00f6cek, \u201c\u0130nsan odakl\u0131 hizmetler bizim i\u00e7in ilk s\u0131rada yer almaya devam edecek\u201d dedi.<\/p>\n\n\n\n<p>GEN\u00c7LER VE \u00c7OCUKLAR UNUTULMADI<\/p>\n\n\n\n<p>Bar\u0131nma sorunu ya\u015fayan \u00fcniversite \u00f6\u011frencileri i\u00e7in 5 y\u0131ll\u0131k g\u00f6rev s\u00fcresi boyunca 5 yeni yurt a\u00e7an Ba\u015fkan B\u00f6cek, yurt say\u0131s\u0131n\u0131 2 kat\u0131na, burs verilen \u00f6\u011frenci say\u0131s\u0131n\u0131 15.000\u2019e \u00e7\u0131karacak. Okul \u00f6ncesi \u00e7ocuklar i\u00e7in 5 y\u0131lda 15 kre\u015f a\u00e7an Ba\u015fkan B\u00f6cek ikinci 5 y\u0131l\u0131nda kre\u015f say\u0131s\u0131n\u0131 50\u2019ye \u00e7\u0131karacak. Antalyal\u0131lar\u0131n di\u015f tedavilerinin \u00fccretsiz yap\u0131ld\u0131\u011f\u0131, \u00fccretsiz s\u00fcnnet hizmeti sunulan A\u011f\u0131z ve Di\u015f Sa\u011fl\u0131\u011f\u0131 Merkezleri il\u00e7elere yay\u0131lacak.<\/p>\n\n\n\n<p>YEN\u0130 HALK\u00c7I PROJELER HAZIR<\/p>\n\n\n\n<p>Ba\u015fkan B\u00f6cek yeni d\u00f6nemde de halk\u00e7\u0131 projelerine devam edecek. 5 il\u00e7ede kurulacak Kent Lokantalar\u0131 ile belediyenin \u00fcretim tesislerinde \u00fcretilen yemekleruygun fiyatla halka sunulacak. Ba\u015fta \u00f6\u011frencilerin ve ihtiya\u00e7 sahiplerinin kaliteli ve uygun fiyatl\u0131 yeme\u011fe ula\u015fabilmesi sa\u011flanacak. \u0130htiya\u00e7 sahibi t\u00fcm Antalyal\u0131 vatanda\u015flar\u0131n temel ihtiya\u00e7lar\u0131 kar\u015f\u0131lanacak. Halk\u0131n uygun fiyat \u00f6deyerek kaliteli \u00fcr\u00fcnlere ula\u015fabilece\u011fi Halk Bakkal Projesi ile kad\u0131n kooperatiflerinin ve belediye i\u015ftiraklerinin \u00fcr\u00fcnleri ekonomik fiyatlarla halkla bulu\u015facak. Yenido\u011fan bebeklerin ilk 6 ay bez ihtiyac\u0131 kar\u015f\u0131lanacak. \u0130htiya\u00e7 sahibi ebeveynlerin bez masraflar\u0131 en aza indirilerek ev ekonomilerine destek olunacak. Yeni evlenecek \u00e7iftlere beyaz e\u015fya paketi verilerek gen\u00e7 \u00e7iftlerin ekonomik zorluklar ile m\u00fccadelelerine destek olunacak.<\/p>\n\n\n\n<p>MEVCUT PROJELER ARTARAK S\u00dcRECEK<\/p>\n\n\n\n<p>Ba\u015fkan B\u00f6cek\u2019in \u201cSa\u011fl\u0131kl\u0131 S\u00fct \u0130\u00e7mek Her \u00c7ocu\u011fumuzun Hakk\u0131\u201d diyerek uygulamaya koydu\u011fu Halk S\u00fct, yeni d\u00f6nemde 2-5 ya\u015f aras\u0131 t\u00fcm \u00e7ocuklara \u00fccretsiz olacak. \u201cBebeklerimiz Sa\u011fl\u0131kl\u0131 B\u00fcy\u00fcs\u00fcn\u201d slogan\u0131yla yola \u00e7\u0131kan Halk Mama 6-24 ayl\u0131k t\u00fcm bebeklere \u00fccretsiz ula\u015ft\u0131r\u0131lacak. 4 il\u00e7ede ve 1 mobil ara\u00e7ta hizmet veren Halk Et, yeni d\u00f6nemde t\u00fcm il\u00e7elerde hizmet verecek. \u00dcniversite \u00f6\u011frencilerine y\u00f6nelik su faturas\u0131 yard\u0131m\u0131 Can Suyu olmaya devam edecek. Proje kapsam\u0131nda 5 ton olan \u00fccretsiz su deste\u011fi 10 tona \u00e7\u0131kar\u0131lacak. Ekonomik ve sa\u011fl\u0131kl\u0131 su AntSU her kap\u0131ya gelecek ve halk\u0131n suyu olmay\u0131 s\u00fcrd\u00fcrecek.<\/p>\n\n\n\n<p>Antalya B\u00fcy\u00fck\u015fehir Belediyesi \/ B\u00fclten<\/p>\n","protected":false},"excerpt":{"rendered":"<p>Antalya B\u00fcy\u00fck\u015fehir Belediye Ba\u015fkan\u0131 ve Ba\u015fkan Aday\u0131 Muhittin B\u00f6cek, yeni d\u00f6nemde de halk\u00e7\u0131 projelerle halk\u0131n yan\u0131nda olmaya devam edecek. 5 y\u0131l boyunca vatanda\u015flar\u0131n derdine derman <a href=\"https:\/\/akdenizhaber.com.tr\/index.php\/2024\/03\/27\/bocek-halkimizin-yaninda-olmaya-devam-edecegiz\/\" class=\"read-more-link\">[more&#8230;]<\/a><\/p>\n","protected":false},"author":2,"featured_media":22008,"comment_status":"open","ping_status":"open","sticky":false,"template":"","format":"standard","meta":{"footnotes":""},"categories":[2],"tags":[],"class_list":["post-22007","post","type-post","status-publish","format-standard","has-post-thumbnail","hentry","category-gundem"],"_links":{"self":[{"href":"https:\/\/akdenizhaber.com.tr\/index.php\/wp-json\/wp\/v2\/posts\/22007","targetHints":{"allow":["GET"]}}],"collection":[{"href":"https:\/\/akdenizhaber.com.tr\/index.php\/wp-json\/wp\/v2\/posts"}],"about":[{"href":"https:\/\/akdenizhaber.com.tr\/index.php\/wp-json\/wp\/v2\/types\/post"}],"author":[{"embeddable":true,"href":"https:\/\/akdenizhaber.com.tr\/index.php\/wp-json\/wp\/v2\/users\/2"}],"replies":[{"embeddable":true,"href":"https:\/\/akdenizhaber.com.tr\/index.php\/wp-json\/wp\/v2\/comments?post=22007"}],"version-history":[{"count":0,"href":"https:\/\/akdenizhaber.com.tr\/index.php\/wp-json\/wp\/v2\/posts\/22007\/revisions"}],"wp:featuredmedia":[{"embeddable":true,"href":"https:\/\/akdenizhaber.com.tr\/index.php\/wp-json\/wp\/v2\/media\/22008"}],"wp:attachment":[{"href":"https:\/\/akdenizhaber.com.tr\/index.php\/wp-json\/wp\/v2\/media?parent=22007"}],"wp:term":[{"taxonomy":"category","embeddable":true,"href":"https:\/\/akdenizhaber.com.tr\/index.php\/wp-json\/wp\/v2\/categories?post=22007"},{"taxonomy":"post_tag","embeddable":true,"href":"https:\/\/akdenizhaber.com.tr\/index.php\/wp-json\/wp\/v2\/tags?post=22007"}],"curies":[{"name":"wp","href":"https:\/\/api.w.org\/{rel}","templated":true}]}}