{"id":21973,"date":"2024-03-26T13:07:14","date_gmt":"2024-03-26T10:07:14","guid":{"rendered":"https:\/\/akdenizhaber.com.tr\/?p=21973"},"modified":"2024-03-26T13:07:15","modified_gmt":"2024-03-26T10:07:15","slug":"bagimsiz-aday-sedat-manav-turizm-emekcisi-aldigi-17-bin-lira-maasinin-15ini-ev-kirasina-verirse-bir-ay-nasil-gecinecek","status":"publish","type":"post","link":"https:\/\/akdenizhaber.com.tr\/index.php\/2024\/03\/26\/bagimsiz-aday-sedat-manav-turizm-emekcisi-aldigi-17-bin-lira-maasinin-15ini-ev-kirasina-verirse-bir-ay-nasil-gecinecek\/","title":{"rendered":"Ba\u011f\u0131ms\u0131z Aday Sedat Manav: Turizm emek\u00e7isi ald\u0131\u011f\u0131 17 bin lira maa\u015f\u0131n\u0131n 15&#8217;ini ev kiras\u0131na verirse bir ay nas\u0131l ge\u00e7inecek?"},"content":{"rendered":"\n<p><\/p>\n\n\n\n<p>Ba\u011f\u0131ms\u0131z Manavgat Belediye Ba\u015fkan\u0131 Aday\u0131 Sedat Manav, konaklamada T\u00fcrkiye turizminin en b\u00fcy\u00fck destinasyonu Manavgat&#8217;\u0131n yaz\u0131n n\u00fcfusunun 1,5 milyon olmas\u0131na kar\u015f\u0131n Ankara&#8217;dan 260 bin n\u00fcfusa g\u00f6re \u00f6denek almas\u0131na tepki g\u00f6sterdi.<\/p>\n\n\n\n<p>Manavgat Cumhuriyet Meydan\u0131&#8217;nda il\u00e7e halk\u0131na 31 Mart&#8217;ta se\u00e7ilmesi halinde hayata ge\u00e7irece\u011fi projeler hakk\u0131nda bilgilendirme yapan Ba\u011f\u0131ms\u0131z Manavgat Belediye Ba\u015fkan\u0131 Aday\u0131 gazeteci Sedat Manav, Manavgat&#8217;\u0131n yakla\u015f\u0131k 300 bin yatak kapasitesi ve 250&#8217;nin \u00fczerinde be\u015f y\u0131ld\u0131zl\u0131 otel say\u0131s\u0131 ile konaklamada T\u00fcrkiye turizminin ba\u015fkenti oldu\u011funu kaydetti.<\/p>\n\n\n\n<p>\u0130ktidar\u0131n yerel y\u00f6netimlerle ayn\u0131 partiden olmazsa hizmet almaz s\u00f6ylemini yanl\u0131\u015f ve ayn\u0131 zamanda&nbsp;&nbsp; demokrasiye bir sayg\u0131s\u0131zl\u0131k oldu\u011funu vurgulayan Ba\u011f\u0131ms\u0131z Aday Sedat Manav, &#8221;Se\u00e7ilmi\u015f bir belediye ba\u015fkan\u0131na hi\u00e7 bir g\u00fc\u00e7 ve irade halk\u0131n sand\u0131kta verdi\u011fi yetkiye ipotek koyamaz. Allah&#8217;\u0131n izni ile 31 Mart&#8217;ta halk\u0131n sand\u0131kta verdi\u011fi yetki&nbsp; ile belediye ba\u015fkan\u0131 se\u00e7ilerek bir belediye nas\u0131l y\u00f6netilirmi\u015f Manavgat&#8217;a g\u00f6stermi\u015f olaca\u011f\u0131z. Kamuoyu ara\u015ft\u0131rmalar\u0131 ve anketlerde hem iktidar partisi hem de ana muhalefet partisi adaylar\u0131n\u0131n \u00f6n\u00fcndeyiz. &#8221;dedi.<\/p>\n\n\n\n<p>&nbsp;250&#8217;nin \u00fczerinde be\u015f y\u0131ld\u0131zl\u0131 otelin Manavgat&#8217;\u0131n SGK verilerine g\u00f6re 81 ilde 130 bin turizm \u00e7al\u0131\u015fan\u0131n\u0131 istihdam etti\u011fine dikkat \u00e7eken Ba\u011f\u0131ms\u0131z Aday Sedat Manav, &#8221; Manavgat \u00fclkemize gelen turistin y\u00fczde 18&#8217;ni Antalya&#8217;ya gelen turistin \u00fc\u00e7te birini misafir ediyor. B\u00f6lgemize gelen y\u0131ll\u0131k 5, 5,5 milyon yabanc\u0131 turist a\u011f\u0131rlayarak \u00fclke ekonomisine y\u0131ll\u0131k 5 milyar dolar&nbsp;&nbsp; d\u00f6viz girdisi sa\u011fl\u0131yor. Fakat konaklama da T\u00fcrkiye turizminin ba\u015fkenti Manavgat \u00fclke ekonomisine 5 milyar dolar d\u00f6viz girdisi sa\u011flamas\u0131na kar\u015f\u0131 yaz n\u00fcfusuna g\u00f6re de\u011fil de k\u0131\u015f n\u00fcfusuna g\u00f6re Ankara&#8217;dan \u00f6denek al\u0131yor. Manavgat&#8217;\u0131n kazanc\u0131 \u00e7ar\u00e7ur edilmeden Manavgat&#8217;ta kalmas\u0131n\u0131 istiyoruz. Konaklamada T\u00fcrkiye turizminin ba\u015fkenti olan Manavgat&#8217;\u0131n halen do\u011falgaz ile tan\u0131\u015fmamas\u0131n\u0131n \u00fcz\u00fcnt\u00fc verici. &#8221; dedi.<\/p>\n\n\n\n<p>130 bin turizm \u00e7al\u0131\u015fan\u0131 istihdam\u0131 yapan Manavgat&#8217;ta en b\u00fcy\u00fck sorununun konut sorunu oldu\u011funun alt\u0131n\u0131 \u00e7izen Sedat Manav,&#8221; Turizm sekt\u00f6r\u00fcnde \u00e7al\u0131\u015fan turizm emek\u00e7isi karde\u015flerimizin y\u00fczde 95&#8217;i ald\u0131\u011f\u0131 17 bin 2 lira asgari \u00fccretle ge\u00e7iniyor. Turizm emek\u00e7isi ald\u0131\u011f\u0131 17 bin 2 lira olan maa\u015f\u0131n 13-15 liras\u0131n\u0131 ev kiras\u0131na veriyor. N\u00fcfusu 11 bin olan Antalya&#8217;n\u0131n Akseki il\u00e7esinde 619 adet TOKi konutu yap\u0131l\u0131rken n\u00fcfusu 260 binin \u00fczerinde olan Manavgat&#8217;ta ise 222 adet TOK\u0130 konutu var. Se\u00e7ilmem halinde konut yaparak turizm \u00e7al\u0131\u015fanlar\u0131n\u0131n y\u00fcksek fiyatlarda kira paras\u0131 \u00f6demesinin \u00f6n\u00fcne ge\u00e7ece\u011fiz. Turizm emek\u00e7isi karde\u015fim ald\u0131\u011f\u0131 17 bin lira maa\u015f\u0131n\u0131n 13 ile 15 bin liras\u0131n\u0131 kiraya verirse bir ay nas\u0131l ge\u00e7inecek?&#8221;<\/p>\n\n\n\n<p>Abdurrahman B\u00fcy\u00fckkeskin \/ B\u00fclten<\/p>\n","protected":false},"excerpt":{"rendered":"<p>Ba\u011f\u0131ms\u0131z Manavgat Belediye Ba\u015fkan\u0131 Aday\u0131 Sedat Manav, konaklamada T\u00fcrkiye turizminin en b\u00fcy\u00fck destinasyonu Manavgat&#8217;\u0131n yaz\u0131n n\u00fcfusunun 1,5 milyon olmas\u0131na kar\u015f\u0131n Ankara&#8217;dan 260 bin n\u00fcfusa g\u00f6re <a href=\"https:\/\/akdenizhaber.com.tr\/index.php\/2024\/03\/26\/bagimsiz-aday-sedat-manav-turizm-emekcisi-aldigi-17-bin-lira-maasinin-15ini-ev-kirasina-verirse-bir-ay-nasil-gecinecek\/\" class=\"read-more-link\">[more&#8230;]<\/a><\/p>\n","protected":false},"author":2,"featured_media":21974,"comment_status":"open","ping_status":"open","sticky":false,"template":"","format":"standard","meta":{"footnotes":""},"categories":[2],"tags":[],"class_list":["post-21973","post","type-post","status-publish","format-standard","has-post-thumbnail","hentry","category-gundem"],"_links":{"self":[{"href":"https:\/\/akdenizhaber.com.tr\/index.php\/wp-json\/wp\/v2\/posts\/21973","targetHints":{"allow":["GET"]}}],"collection":[{"href":"https:\/\/akdenizhaber.com.tr\/index.php\/wp-json\/wp\/v2\/posts"}],"about":[{"href":"https:\/\/akdenizhaber.com.tr\/index.php\/wp-json\/wp\/v2\/types\/post"}],"author":[{"embeddable":true,"href":"https:\/\/akdenizhaber.com.tr\/index.php\/wp-json\/wp\/v2\/users\/2"}],"replies":[{"embeddable":true,"href":"https:\/\/akdenizhaber.com.tr\/index.php\/wp-json\/wp\/v2\/comments?post=21973"}],"version-history":[{"count":0,"href":"https:\/\/akdenizhaber.com.tr\/index.php\/wp-json\/wp\/v2\/posts\/21973\/revisions"}],"wp:featuredmedia":[{"embeddable":true,"href":"https:\/\/akdenizhaber.com.tr\/index.php\/wp-json\/wp\/v2\/media\/21974"}],"wp:attachment":[{"href":"https:\/\/akdenizhaber.com.tr\/index.php\/wp-json\/wp\/v2\/media?parent=21973"}],"wp:term":[{"taxonomy":"category","embeddable":true,"href":"https:\/\/akdenizhaber.com.tr\/index.php\/wp-json\/wp\/v2\/categories?post=21973"},{"taxonomy":"post_tag","embeddable":true,"href":"https:\/\/akdenizhaber.com.tr\/index.php\/wp-json\/wp\/v2\/tags?post=21973"}],"curies":[{"name":"wp","href":"https:\/\/api.w.org\/{rel}","templated":true}]}}